{"id":111828,"date":"2025-10-11T11:06:26","date_gmt":"2025-10-11T15:06:26","guid":{"rendered":"https:\/\/www.parlante.cl\/?p=111828"},"modified":"2025-11-22T11:48:14","modified_gmt":"2025-11-22T14:48:14","slug":"facebrooklyn-en-teatro-coliseo-estetica-regueton-y-no-somos-iguales","status":"publish","type":"post","link":"https:\/\/www.parlante.cl\/?p=111828","title":{"rendered":"Facebrooklyn en Teatro Coliseo: Est\u00e9tica, Reguet\u00f3n y &#8220;No Somos Iguales&#8221;"},"content":{"rendered":"<p><strong>Artista invitado: Juanki<br \/>\n10 de octubre 2025.<\/strong><\/p>\n<p>Por Ignacia Guti\u00e9rrez.<br \/>\nFotograf\u00edas por Javier Mart\u00ednez.<\/p>\n<p align=\"justify\">El a\u00f1o 2025 ha sido, sin duda, el del g\u00e9nero urbano en Chile. Entre m\u00faltiples logros y espect\u00e1culos que han copado la agenda musical, el joven <strong>Facebrooklyn<\/strong> se consolid\u00f3 como una de las figuras m\u00e1s destacadas de este \u00e9xito. Despu\u00e9s de anunciar en agosto su primer show en el <strong>Teatro Coliseo<\/strong>, el artista agot\u00f3 las entradas en un tiempo r\u00e9cord. Finalmente, lleg\u00f3 el d\u00eda tan esperado por los cientos de fan\u00e1ticos que siguen de cerca su carrera desde sus primeros lanzamientos.<\/p>\n<p align=\"justify\">El encargado de abrir el show, puntualmente a las 20:00 horas, fue su hermano <strong>Juanki<\/strong>, quien dej\u00f3 claro que el talento es de familia. Hizo bailar al p\u00fablico desde el primer momento con su est\u00e9tica distintiva, una caracter\u00edstica clave de esta nueva camada de artistas urbanos. Con visuales en formato GIF que hac\u00edan alusi\u00f3n a su marca de ropa y un juego de luces din\u00e1mico, su set de 30 minutos fue un sorprendente espect\u00e1culo de reguet\u00f3n y trap que prepar\u00f3 el ambiente para lo que vendr\u00eda a continuaci\u00f3n.<\/p>\n<p align=\"justify\">A las 21:00 horas, en medio de los gritos de los fan\u00e1ticos, las pantallas del escenario proyectaron el backstage del show. Vimos a <strong>Facebrooklyn<\/strong> caminando hacia el escenario, saludando a su equipo, besando a su pareja y tomando un trago r\u00e1pido antes de saltar a escena. El concierto comenz\u00f3 con <strong>&#8220;El Combito&#8221;<\/strong>, desatando una fiesta inmediata. Sin pausa, continu\u00f3 con <strong>&#8220;#Millones&#8221; y &#8220;Sssubelo&#8221;<\/strong>, para la que subi\u00f3 al escenario el primer invitado de la noche: <strong>Taiko<\/strong>. La energ\u00eda estaba al m\u00e1ximo, pero a los pocos minutos lleg\u00f3 una calma necesaria con <strong>&#8220;Fugazi&#8221;<\/strong>, una versi\u00f3n semiac\u00fastica que puso al artista en medio del escenario con el micr\u00f3fono de pie mientras el p\u00fablico coreaba esta rom\u00e1ntica canci\u00f3n.<\/p>\n<p align=\"justify\">Las canciones <strong>&#8220;DEYANDEL&#8221;, &#8220;Fantassy&#8221; y &#8220;Contigo\/Conmigo&#8221;<\/strong> sirvieron de pre\u00e1mbulo para el segundo invitado de la jornada. Con una proyecci\u00f3n de olas y una playa de fondo, <strong>Drefquila<\/strong> apareci\u00f3 en escena para acompa\u00f1arlo. A pesar de la calma que transmiten estas canciones \u2014un reguet\u00f3n m\u00e1s sutil y de est\u00e9tica cuidada\u2014, el p\u00fablico aprovech\u00f3 la presencia de esta dupla para cantar y saltar sin parar. Facebrooklyn se tom\u00f3 un momento para agradecer a sus fans y a los artistas que lo han acompa\u00f1ado en el camino. Este <em>&#8220;sue\u00f1o hecho realidad&#8221;<\/em> continu\u00f3 con <strong>&#8220;Para\u00edso&#8221;<\/strong> junto a <strong>Daiki<\/strong> y <strong>&#8220;Akellas&#8221;<\/strong>.<\/p>\n<p align=\"justify\">Luego de una breve pausa, las pantallas se iluminaron de rojo, y los gritos de la audiencia anunciaron la entrada de una invitada imprescindible: <strong>Akriila<\/strong>. Junto al anfitri\u00f3n, encendi\u00f3 al p\u00fablico con el hit <strong>&#8220;Freddy&#8221;<\/strong>, y la locura continu\u00f3 con <strong>&#8220;GEMI2&#8221; y &#8220;Epitafio&#8221;<\/strong>. Un abrazo sell\u00f3 la presentaci\u00f3n de <strong>Akriila<\/strong>, quien ha sido una compa\u00f1era constante de <strong>Facebrooklyn<\/strong> en la escena urbana, incluso acompa\u00f1\u00e1ndolo en su gira de verano. Sin dar respiro, el artista anunci\u00f3 otra sorpresa para la noche: con los primeros acordes de <strong>&#8220;Incompatibles&#8221;<\/strong>, <strong>Paopao<\/strong> subi\u00f3 al escenario para sumarse al espect\u00e1culo.<\/p>\n<blockquote class=\"instagram-media\" data-instgrm-captioned data-instgrm-permalink=\"https:\/\/www.instagram.com\/reel\/DPpgpLUjIEi\/?utm_source=ig_embed&amp;utm_campaign=loading\" data-instgrm-version=\"14\" style=\" background:#FFF; border:0; border-radius:3px; box-shadow:0 0 1px 0 rgba(0,0,0,0.5),0 1px 10px 0 rgba(0,0,0,0.15); margin: 1px; max-width:540px; min-width:326px; padding:0; width:99.375%; width:-webkit-calc(100% - 2px); width:calc(100% - 2px);\">\n<div style=\"padding:16px;\"> <a href=\"https:\/\/www.instagram.com\/reel\/DPpgpLUjIEi\/?utm_source=ig_embed&amp;utm_campaign=loading\" style=\" background:#FFFFFF; line-height:0; padding:0 0; text-align:center; text-decoration:none; width:100%;\" target=\"_blank\" rel=\"noopener\"> <\/p>\n<div style=\" display: flex; flex-direction: row; align-items: center;\">\n<div style=\"background-color: #F4F4F4; border-radius: 50%; flex-grow: 0; height: 40px; margin-right: 14px; width: 40px;\"><\/div>\n<div style=\"display: flex; flex-direction: column; flex-grow: 1; justify-content: center;\">\n<div style=\" background-color: #F4F4F4; border-radius: 4px; flex-grow: 0; height: 14px; margin-bottom: 6px; width: 100px;\"><\/div>\n<div style=\" background-color: #F4F4F4; border-radius: 4px; flex-grow: 0; height: 14px; width: 60px;\"><\/div>\n<\/div>\n<\/div>\n<div style=\"padding: 19% 0;\"><\/div>\n<div style=\"display:block; height:50px; margin:0 auto 12px; width:50px;\"><svg width=\"50px\" height=\"50px\" viewBox=\"0 0 60 60\" version=\"1.1\" xmlns=\"https:\/\/www.w3.org\/2000\/svg\" xmlns:xlink=\"https:\/\/www.w3.org\/1999\/xlink\"><g stroke=\"none\" stroke-width=\"1\" fill=\"none\" fill-rule=\"evenodd\"><g transform=\"translate(-511.000000, -20.000000)\" fill=\"#000000\"><g><path d=\"M556.869,30.41 C554.814,30.41 553.148,32.076 553.148,34.131 C553.148,36.186 554.814,37.852 556.869,37.852 C558.924,37.852 560.59,36.186 560.59,34.131 C560.59,32.076 558.924,30.41 556.869,30.41 M541,60.657 C535.114,60.657 530.342,55.887 530.342,50 C530.342,44.114 535.114,39.342 541,39.342 C546.887,39.342 551.658,44.114 551.658,50 C551.658,55.887 546.887,60.657 541,60.657 M541,33.886 C532.1,33.886 524.886,41.1 524.886,50 C524.886,58.899 532.1,66.113 541,66.113 C549.9,66.113 557.115,58.899 557.115,50 C557.115,41.1 549.9,33.886 541,33.886 M565.378,62.101 C565.244,65.022 564.756,66.606 564.346,67.663 C563.803,69.06 563.154,70.057 562.106,71.106 C561.058,72.155 560.06,72.803 558.662,73.347 C557.607,73.757 556.021,74.244 553.102,74.378 C549.944,74.521 548.997,74.552 541,74.552 C533.003,74.552 532.056,74.521 528.898,74.378 C525.979,74.244 524.393,73.757 523.338,73.347 C521.94,72.803 520.942,72.155 519.894,71.106 C518.846,70.057 518.197,69.06 517.654,67.663 C517.244,66.606 516.755,65.022 516.623,62.101 C516.479,58.943 516.448,57.996 516.448,50 C516.448,42.003 516.479,41.056 516.623,37.899 C516.755,34.978 517.244,33.391 517.654,32.338 C518.197,30.938 518.846,29.942 519.894,28.894 C520.942,27.846 521.94,27.196 523.338,26.654 C524.393,26.244 525.979,25.756 528.898,25.623 C532.057,25.479 533.004,25.448 541,25.448 C548.997,25.448 549.943,25.479 553.102,25.623 C556.021,25.756 557.607,26.244 558.662,26.654 C560.06,27.196 561.058,27.846 562.106,28.894 C563.154,29.942 563.803,30.938 564.346,32.338 C564.756,33.391 565.244,34.978 565.378,37.899 C565.522,41.056 565.552,42.003 565.552,50 C565.552,57.996 565.522,58.943 565.378,62.101 M570.82,37.631 C570.674,34.438 570.167,32.258 569.425,30.349 C568.659,28.377 567.633,26.702 565.965,25.035 C564.297,23.368 562.623,22.342 560.652,21.575 C558.743,20.834 556.562,20.326 553.369,20.18 C550.169,20.033 549.148,20 541,20 C532.853,20 531.831,20.033 528.631,20.18 C525.438,20.326 523.257,20.834 521.349,21.575 C519.376,22.342 517.703,23.368 516.035,25.035 C514.368,26.702 513.342,28.377 512.574,30.349 C511.834,32.258 511.326,34.438 511.181,37.631 C511.035,40.831 511,41.851 511,50 C511,58.147 511.035,59.17 511.181,62.369 C511.326,65.562 511.834,67.743 512.574,69.651 C513.342,71.625 514.368,73.296 516.035,74.965 C517.703,76.634 519.376,77.658 521.349,78.425 C523.257,79.167 525.438,79.673 528.631,79.82 C531.831,79.965 532.853,80.001 541,80.001 C549.148,80.001 550.169,79.965 553.369,79.82 C556.562,79.673 558.743,79.167 560.652,78.425 C562.623,77.658 564.297,76.634 565.965,74.965 C567.633,73.296 568.659,71.625 569.425,69.651 C570.167,67.743 570.674,65.562 570.82,62.369 C570.966,59.17 571,58.147 571,50 C571,41.851 570.966,40.831 570.82,37.631\"><\/path><\/g><\/g><\/g><\/svg><\/div>\n<div style=\"padding-top: 8px;\">\n<div style=\" color:#3897f0; font-family:Arial,sans-serif; font-size:14px; font-style:normal; font-weight:550; line-height:18px;\">Ver esta publicaci\u00f3n en Instagram<\/div>\n<\/div>\n<div style=\"padding: 12.5% 0;\"><\/div>\n<div style=\"display: flex; flex-direction: row; margin-bottom: 14px; align-items: center;\">\n<div>\n<div style=\"background-color: #F4F4F4; border-radius: 50%; height: 12.5px; width: 12.5px; transform: translateX(0px) translateY(7px);\"><\/div>\n<div style=\"background-color: #F4F4F4; height: 12.5px; transform: rotate(-45deg) translateX(3px) translateY(1px); width: 12.5px; flex-grow: 0; margin-right: 14px; margin-left: 2px;\"><\/div>\n<div style=\"background-color: #F4F4F4; border-radius: 50%; height: 12.5px; width: 12.5px; transform: translateX(9px) translateY(-18px);\"><\/div>\n<\/div>\n<div style=\"margin-left: 8px;\">\n<div style=\" background-color: #F4F4F4; border-radius: 50%; flex-grow: 0; height: 20px; width: 20px;\"><\/div>\n<div style=\" width: 0; height: 0; border-top: 2px solid transparent; border-left: 6px solid #f4f4f4; border-bottom: 2px solid transparent; transform: translateX(16px) translateY(-4px) rotate(30deg)\"><\/div>\n<\/div>\n<div style=\"margin-left: auto;\">\n<div style=\" width: 0px; border-top: 8px solid #F4F4F4; border-right: 8px solid transparent; transform: translateY(16px);\"><\/div>\n<div style=\" background-color: #F4F4F4; flex-grow: 0; height: 12px; width: 16px; transform: translateY(-4px);\"><\/div>\n<div style=\" width: 0; height: 0; border-top: 8px solid #F4F4F4; border-left: 8px solid transparent; transform: translateY(-4px) translateX(8px);\"><\/div>\n<\/div>\n<\/div>\n<div style=\"display: flex; flex-direction: column; flex-grow: 1; justify-content: center; margin-bottom: 24px;\">\n<div style=\" background-color: #F4F4F4; border-radius: 4px; flex-grow: 0; height: 14px; margin-bottom: 6px; width: 224px;\"><\/div>\n<div style=\" background-color: #F4F4F4; border-radius: 4px; flex-grow: 0; height: 14px; width: 144px;\"><\/div>\n<\/div>\n<p><\/a><\/p>\n<p style=\" color:#c9c8cd; font-family:Arial,sans-serif; font-size:14px; line-height:17px; margin-bottom:0; margin-top:8px; overflow:hidden; padding:8px 0 7px; text-align:center; text-overflow:ellipsis; white-space:nowrap;\"><a href=\"https:\/\/www.instagram.com\/reel\/DPpgpLUjIEi\/?utm_source=ig_embed&amp;utm_campaign=loading\" style=\" color:#c9c8cd; font-family:Arial,sans-serif; font-size:14px; font-style:normal; font-weight:normal; line-height:17px; text-decoration:none;\" target=\"_blank\" rel=\"noopener\">Una publicaci\u00f3n compartida de Parlante.cl (@parlantecl)<\/a><\/p>\n<\/div>\n<\/blockquote>\n<p><script async src=\"\/\/www.instagram.com\/embed.js\"><\/script><\/p>\n<p align=\"justify\">La fiesta continu\u00f3 con <strong>&#8220;Algo Parecidos&#8221;<\/strong>. Despu\u00e9s de terminar la canci\u00f3n, Facebrooklyn se tom\u00f3 un momento para anunciar que la siguiente ser\u00eda su favorita de su \u00faltimo \u00e1lbum, <strong>&#8220;No Somos Iguales&#8221;<\/strong>. El coro de <strong>&#8220;Cruela&#8221;<\/strong> reson\u00f3 con fuerza en todo el recinto. La celebraci\u00f3n sigui\u00f3 con el regreso de <strong>Juanki<\/strong>, quien se uni\u00f3 a su hermano para interpretar <strong>&#8220;Down BBY&#8221;<\/strong> con una energ\u00eda inigualable. La aparici\u00f3n sorpresa de <strong>Young Cister<\/strong> en <strong>&#8220;Meteoro&#8221;<\/strong> desat\u00f3 el fervor del p\u00fablico, que ha manifestado un gran cari\u00f1o por el artista durante a\u00f1os. Despu\u00e9s de una breve detenci\u00f3n, se produjo lo que probablemente fue el momento cumbre de la noche: <strong>Easykid<\/strong> apareci\u00f3 entre el p\u00fablico para cantar <strong>&#8220;Zundada de Fondo&#8221;<\/strong> junto a Facebrooklyn, quien se uni\u00f3 a \u00e9l en medio de la platea baja. Luego, ambos regresaron r\u00e1pidamente al escenario para continuar con <strong>&#8220;Nadie Tekita&#8221;<\/strong>.<\/p>\n<p align=\"justify\">La hora y media de show llegaba a su fin, y el cantante lo hizo saber repitiendo varias veces que no quer\u00eda irse. <strong>&#8220;De Ella Para M\u00ed&#8221;, &#8220;KIMYE&#8221; y &#8220;Amarte Fuerte&#8221;<\/strong> le dieron un toque nost\u00e1lgico a la presentaci\u00f3n, ya que muchas de estas canciones de amor est\u00e1n dedicadas a su pareja de toda la vida. El show culmin\u00f3 con <strong>&#8220;No Voy a Estar Ma\u00f1ana&#8221; y &#8220;Aprov\u00e9chame Hoy&#8221;<\/strong>, temas de su \u00faltimo trabajo de estudio que han sido muy bien recibidos por sus fans. Recorriendo sus tres \u00e1lbumes y sin dejar ninguna canci\u00f3n importante fuera, <strong>Facebrooklyn<\/strong> dej\u00f3 una huella imborrable en el <strong>Teatro Coliseo<\/strong>. Ahora solo queda esperar lo que sigue para \u00e9l, y es que pensar en futuros shows en el Teatro Caupolic\u00e1n, el Movistar Arena e incluso estadios no es descabellado para estos j\u00f3venes talentos que est\u00e1n revolucionando la escena musical urbana.<\/p>\n<p align=\"center\"><strong><u>Setlist: <\/u><\/strong><br \/>\nEl combito<br \/>\n#Millones<br \/>\nSssubelo<br \/>\nFugazi<br \/>\nPalomino<br \/>\nDEYANDEL<br \/>\nFantassy<br \/>\nContigo\/conmigo<br \/>\nLas Olas<br \/>\nParaiso<br \/>\nAkellas<br \/>\nFreddy<br \/>\nGEMI2<br \/>\nEpitafio<br \/>\nIncompatibles<br \/>\nSexxx break<br \/>\nAlgo parecidos<br \/>\nCruela<br \/>\nDown BBY<br \/>\nMeteoro<br \/>\nZundada de fondo<br \/>\nNadie Tekita<br \/>\nDe ella para m\u00ed<br \/>\nKIMYE<br \/>\nUn ratito +<br \/>\nAmarte fuerte<br \/>\nNo voy a estar ma\u00f1ana<br \/>\nAprovechame hoy <\/p>\n<p align=\"center\"><strong><a href=\"https:\/\/34.39.232.211\/resena-fotografica-facebrooklyn-en-teatro-coliseo\/\">>>> REVISA NUESTRA RESE\u00d1A FOTOGR\u00c1FICA PINCHANDO EN ESTE TEXTO <<<<\/a><\/strong><\/p>\n","protected":false},"excerpt":{"rendered":"<p>Artista invitado: Juanki 10 de octubre 2025. Por Ignacia Guti\u00e9rrez. Fotograf\u00edas por Javier Mart\u00ednez. El a\u00f1o 2025 ha sido, sin duda, el del g\u00e9nero urbano en Chile. Entre m\u00faltiples logros y espect\u00e1culos que han copado la agenda musical, el joven Facebrooklyn se consolid\u00f3 como una de las figuras m\u00e1s destacadas de este \u00e9xito. Despu\u00e9s de anunciar en agosto su primer show en el Teatro Coliseo, el artista agot\u00f3 las entradas en un tiempo r\u00e9cord. Finalmente, lleg\u00f3 el d\u00eda tan esperado [&hellip;]<\/p>\n","protected":false},"author":12,"featured_media":112159,"comment_status":"closed","ping_status":"closed","sticky":false,"template":"","format":"standard","meta":{"footnotes":""},"categories":[2,3,4],"tags":[],"class_list":["post-111828","post","type-post","status-publish","format-standard","has-post-thumbnail","hentry","category-estuvimos-en","category-musica","category-portada"],"_links":{"self":[{"href":"https:\/\/www.parlante.cl\/index.php?rest_route=\/wp\/v2\/posts\/111828","targetHints":{"allow":["GET"]}}],"collection":[{"href":"https:\/\/www.parlante.cl\/index.php?rest_route=\/wp\/v2\/posts"}],"about":[{"href":"https:\/\/www.parlante.cl\/index.php?rest_route=\/wp\/v2\/types\/post"}],"author":[{"embeddable":true,"href":"https:\/\/www.parlante.cl\/index.php?rest_route=\/wp\/v2\/users\/12"}],"replies":[{"embeddable":true,"href":"https:\/\/www.parlante.cl\/index.php?rest_route=%2Fwp%2Fv2%2Fcomments&post=111828"}],"version-history":[{"count":1,"href":"https:\/\/www.parlante.cl\/index.php?rest_route=\/wp\/v2\/posts\/111828\/revisions"}],"predecessor-version":[{"id":112160,"href":"https:\/\/www.parlante.cl\/index.php?rest_route=\/wp\/v2\/posts\/111828\/revisions\/112160"}],"wp:featuredmedia":[{"embeddable":true,"href":"https:\/\/www.parlante.cl\/index.php?rest_route=\/wp\/v2\/media\/112159"}],"wp:attachment":[{"href":"https:\/\/www.parlante.cl\/index.php?rest_route=%2Fwp%2Fv2%2Fmedia&parent=111828"}],"wp:term":[{"taxonomy":"category","embeddable":true,"href":"https:\/\/www.parlante.cl\/index.php?rest_route=%2Fwp%2Fv2%2Fcategories&post=111828"},{"taxonomy":"post_tag","embeddable":true,"href":"https:\/\/www.parlante.cl\/index.php?rest_route=%2Fwp%2Fv2%2Ftags&post=111828"}],"curies":[{"name":"wp","href":"https:\/\/api.w.org\/{rel}","templated":true}]}}