{"id":112025,"date":"2025-10-26T13:58:46","date_gmt":"2025-10-26T17:58:46","guid":{"rendered":"https:\/\/www.parlante.cl\/?p=112025"},"modified":"2025-11-23T12:06:53","modified_gmt":"2025-11-23T15:06:53","slug":"los-caligaris-en-teatro-coliseo-una-noche-para-ser-feliz","status":"publish","type":"post","link":"https:\/\/www.parlante.cl\/?p=112025","title":{"rendered":"Los Caligaris en Teatro Coliseo: Una noche para ser feliz"},"content":{"rendered":"<p><strong>25 de octubre 2025.<\/strong><\/p>\n<p>Por Sebasti\u00e1n Allende.<br \/>\nFotograf\u00edas por Javier Mart\u00ednez.<\/p>\n<p align=\"justify\">La banda argentina <strong>Los Caligaris<\/strong> se present\u00f3 la noche del s\u00e1bado 25 de octubre en el <strong>Teatro Coliseo<\/strong>, ofreciendo un espect\u00e1culo entretenido, vibrante y emotivo ante un p\u00fablico que colmo el recinto. Esta fue su tercera visita a Chile como parte de la gira <strong>&#8220;Maquillaje y Canci\u00f3n&#8221;<\/strong>, una propuesta que combin\u00f3 m\u00fasica, humor y elementos circenses en una puesta en escena especialmente dise\u00f1ada para celebrar m\u00e1s de 25 a\u00f1os de trayectoria.<\/p>\n<p align=\"justify\">Formados en 1997 en el barrio Residencial Am\u00e9rica de la ciudad de C\u00f3rdoba, <strong>Los Caligaris<\/strong> son due\u00f1os de una propuesta musical \u00fanica que fusiona cuarteto cordob\u00e9s, rock y ska, con una fuerte impronta circense que los distingue en cada presentaci\u00f3n. Su nombre rinde homenaje a la leyenda del payaso Caligari, quien, seg\u00fan se cuenta, muri\u00f3 en escena disimulando su agon\u00eda como parte del acto.<\/p>\n<p align=\"justify\">Esta mezcla singular se explica, en parte, porque algunos de sus integrantes trabajaron en circos antes de dedicarse a la m\u00fasica. Actualmente, el grupo est\u00e1 conformado por m\u00fasicos como <strong>Mart\u00edn Pampiglione, Juan Carlos Taleb, Agust\u00edn Cuadrado, Armando Mansilla, Diego Pampiglione, Gabriel Garita Onand\u00eda, Mariano Baigorria, Marcos Oz\u00e1miz, Ramiro Ambrosi y Valent\u00edn Scagliola<\/strong>. Volviendo a la jornada que nos convoc\u00f3, la banda comenz\u00f3 puntual a las 21:00 horas con <strong>\u201cLa abundancia\u201d<\/strong>, encendiendo de inmediato al p\u00fablico. Desde el primer acorde, el Coliseo se transform\u00f3 en una fiesta colectiva. Las luces, el sonido y la puesta en escena circense crearon una atm\u00f3sfera m\u00e1gica que se mantuvo durante todo el espect\u00e1culo.<\/p>\n<blockquote class=\"instagram-media\" style=\"background: #FFF; border: 0; border-radius: 3px; box-shadow: 0 0 1px 0 rgba(0,0,0,0.5),0 1px 10px 0 rgba(0,0,0,0.15); margin: 1px; max-width: 540px; min-width: 326px; padding: 0; width: calc(100% - 2px);\" data-instgrm-captioned=\"\" data-instgrm-permalink=\"https:\/\/www.instagram.com\/reel\/DQQIBengZt3\/?utm_source=ig_embed&amp;utm_campaign=loading\" data-instgrm-version=\"14\">\n<div style=\"padding: 16px;\">\n<p>&nbsp;<\/p>\n<div style=\"display: flex; flex-direction: row; align-items: center;\">\n<div style=\"background-color: #f4f4f4; border-radius: 50%; flex-grow: 0; height: 40px; margin-right: 14px; width: 40px;\"><\/div>\n<div style=\"display: flex; flex-direction: column; flex-grow: 1; justify-content: center;\">\n<div style=\"background-color: #f4f4f4; border-radius: 4px; flex-grow: 0; height: 14px; margin-bottom: 6px; width: 100px;\"><\/div>\n<div style=\"background-color: #f4f4f4; border-radius: 4px; flex-grow: 0; height: 14px; width: 60px;\"><\/div>\n<\/div>\n<\/div>\n<div style=\"padding: 19% 0;\"><\/div>\n<div style=\"display: block; height: 50px; margin: 0 auto 12px; width: 50px;\"><\/div>\n<div style=\"padding-top: 8px;\">\n<div style=\"color: #3897f0; font-family: Arial,sans-serif; font-size: 14px; font-style: normal; font-weight: 550; line-height: 18px;\">Ver esta publicaci\u00f3n en Instagram<\/div>\n<\/div>\n<div style=\"padding: 12.5% 0;\"><\/div>\n<div style=\"display: flex; flex-direction: row; margin-bottom: 14px; align-items: center;\">\n<div>\n<div style=\"background-color: #f4f4f4; border-radius: 50%; height: 12.5px; width: 12.5px; transform: translateX(0px) translateY(7px);\"><\/div>\n<div style=\"background-color: #f4f4f4; height: 12.5px; transform: rotate(-45deg) translateX(3px) translateY(1px); width: 12.5px; flex-grow: 0; margin-right: 14px; margin-left: 2px;\"><\/div>\n<div style=\"background-color: #f4f4f4; border-radius: 50%; height: 12.5px; width: 12.5px; transform: translateX(9px) translateY(-18px);\"><\/div>\n<\/div>\n<div style=\"margin-left: 8px;\">\n<div style=\"background-color: #f4f4f4; border-radius: 50%; flex-grow: 0; height: 20px; width: 20px;\"><\/div>\n<div style=\"width: 0; height: 0; border-top: 2px solid transparent; border-left: 6px solid #f4f4f4; border-bottom: 2px solid transparent; transform: translateX(16px) translateY(-4px) rotate(30deg);\"><\/div>\n<\/div>\n<div style=\"margin-left: auto;\">\n<div style=\"width: 0px; border-top: 8px solid #F4F4F4; border-right: 8px solid transparent; transform: translateY(16px);\"><\/div>\n<div style=\"background-color: #f4f4f4; flex-grow: 0; height: 12px; width: 16px; transform: translateY(-4px);\"><\/div>\n<div style=\"width: 0; height: 0; border-top: 8px solid #F4F4F4; border-left: 8px solid transparent; transform: translateY(-4px) translateX(8px);\"><\/div>\n<\/div>\n<\/div>\n<div style=\"display: flex; flex-direction: column; flex-grow: 1; justify-content: center; margin-bottom: 24px;\">\n<div style=\"background-color: #f4f4f4; border-radius: 4px; flex-grow: 0; height: 14px; margin-bottom: 6px; width: 224px;\"><\/div>\n<div style=\"background-color: #f4f4f4; border-radius: 4px; flex-grow: 0; height: 14px; width: 144px;\"><\/div>\n<\/div>\n<p>&nbsp;<\/p>\n<p style=\"color: #c9c8cd; font-family: Arial,sans-serif; font-size: 14px; line-height: 17px; margin-bottom: 0; margin-top: 8px; overflow: hidden; padding: 8px 0 7px; text-align: center; text-overflow: ellipsis; white-space: nowrap;\"><a style=\"color: #c9c8cd; font-family: Arial,sans-serif; font-size: 14px; font-style: normal; font-weight: normal; line-height: 17px; text-decoration: none;\" href=\"https:\/\/www.instagram.com\/reel\/DQQIBengZt3\/?utm_source=ig_embed&amp;utm_campaign=loading\" target=\"_blank\" rel=\"noopener\">Una publicaci\u00f3n compartida de Parlante.cl (@parlantecl)<\/a><\/p>\n<\/div>\n<\/blockquote>\n<p><script async src=\"\/\/www.instagram.com\/embed.js\"><\/script><\/p>\n<p align=\"justify\">El ritmo vibrante se mantuvo con transiciones entre canciones como <strong>\u201cTu infeliz\u201d, \u201cTus besos\u201d y \u201cEl amor nunca pasa de moda\u201d<\/strong>, que evidenciaron la versatilidad del grupo. <strong>\u201cNadie es perfecto\u201d y \u201cVoy a volver\u201d<\/strong> provocaron una oleada de aplausos y cantos, consolidando la conexi\u00f3n emocional con los asistentes. Uno de los momentos m\u00e1s emotivos de la noche ocurri\u00f3 cuando la banda invit\u00f3 a subir al escenario a <strong>Emilio<\/strong>, un joven fan chileno que se encontraba en las primeras filas. Entre ovaciones y gritos de apoyo, Emilio comparti\u00f3 unos minutos con los m\u00fasicos, bail\u00f3 y salud\u00f3 al p\u00fablico, convirti\u00e9ndose en un s\u00edmbolo de la cercan\u00eda que Los Caligaris cultivan con sus seguidores.<\/p>\n<p align=\"justify\">La m\u00fasica continu\u00f3 con temas como <strong>\u201cCamello\u201d, \u201cA\u00f1ejo W\u201d y \u201cMejilla Izquierda\u201d<\/strong>, que mantuvieron el tono festivo, mientras que <strong>\u201cOasis\u201d y \u201cNo est\u00e1s\u201d<\/strong> aportaron momentos m\u00e1s \u00edntimos y reflexivos. <strong>\u201cMi Estanciera y yo\u201d y \u201cMi vida sin tu vida\u201d<\/strong> conectaron con la nostalgia, y <strong>\u201cHablar de flores\u201d<\/strong> junto a <strong>\u201cMonta\u00f1a\u201d<\/strong> ofrecieron una pausa po\u00e9tica en medio del carnaval. El tramo final del concierto fue una explosi\u00f3n de alegr\u00eda: <strong>\u201cQuiero cumbia\u201d, \u201cRaz\u00f3n\u201d, \u201cFrijoles\u201d y \u201cKil\u00f3metros\u201d<\/strong> hicieron vibrar el Coliseo. <strong>\u201cAsado y Fernet\u201d<\/strong> fue celebrada como un himno, y <strong>\u201cTodos Locos\u201d<\/strong> cerr\u00f3 el show con papelitos, globos, luces, saltos y abrazos. Para el cierre, <strong>\u201cCon Vos\u201d y \u201cQue corran\u201d<\/strong> dejaron al p\u00fablico con el coraz\u00f3n lleno.<\/p>\n<p align=\"justify\">Este s\u00e1bado fue mucho m\u00e1s que un concierto: fue una fiesta colectiva donde la m\u00fasica, el humor, el goce y la emoci\u00f3n se entrelazaron con la energ\u00eda de la fanaticada chilena. Fue una noche de comuni\u00f3n musical, donde la alegr\u00eda se vivi\u00f3 como un acto compartido, y Los Caligaris no solo ofrecieron un show, sino que brindaron una experiencia que reafirma por qu\u00e9 su lema es <em>\u201cel espect\u00e1culo m\u00e1s feliz del mundo\u201d<\/em>.<\/p>\n<p align=\"center\"><strong><u>Setlist:<\/u><\/strong><br \/>\nLa abundancia<br \/>\nTu infeliz\/ Tus besos\/ El amor nunca pasa de moda<br \/>\nNadie es perfecto<br \/>\nVoy a Volver\/ Entre vos y yo\/ Camello<br \/>\nA\u00f1ejo W<br \/>\nMejilla Izquierda \/ Oasis<br \/>\nNo es mi despedida<br \/>\nNo est\u00e1s<br \/>\nMi Estanciera y yo<br \/>\nMi vida sin tu vida<br \/>\nHablar de Flores \/ Monta\u00f1a<br \/>\nQuiero cumbia<br \/>\nRaz\u00f3n<br \/>\nBolso Gris \/ Olvidar \/ Girones \/ Saber perder<br \/>\nFrijoles<br \/>\nKil\u00f3metros<br \/>\nAsado y Fernet<br \/>\nTodos Locos<br \/>\nCon Vos<br \/>\nQue corran<\/p>\n","protected":false},"excerpt":{"rendered":"<p>25 de octubre 2025. Por Sebasti\u00e1n Allende. Fotograf\u00edas por Javier Mart\u00ednez. La banda argentina Los Caligaris se present\u00f3 la noche del s\u00e1bado 25 de octubre en el Teatro Coliseo, ofreciendo un espect\u00e1culo entretenido, vibrante y emotivo ante un p\u00fablico que colmo el recinto. Esta fue su tercera visita a Chile como parte de la gira &#8220;Maquillaje y Canci\u00f3n&#8221;, una propuesta que combin\u00f3 m\u00fasica, humor y elementos circenses en una puesta en escena especialmente dise\u00f1ada para celebrar m\u00e1s de 25 a\u00f1os [&hellip;]<\/p>\n","protected":false},"author":10,"featured_media":112087,"comment_status":"closed","ping_status":"closed","sticky":false,"template":"","format":"standard","meta":{"footnotes":""},"categories":[2,3,4],"tags":[],"class_list":["post-112025","post","type-post","status-publish","format-standard","has-post-thumbnail","hentry","category-estuvimos-en","category-musica","category-portada"],"_links":{"self":[{"href":"https:\/\/www.parlante.cl\/index.php?rest_route=\/wp\/v2\/posts\/112025","targetHints":{"allow":["GET"]}}],"collection":[{"href":"https:\/\/www.parlante.cl\/index.php?rest_route=\/wp\/v2\/posts"}],"about":[{"href":"https:\/\/www.parlante.cl\/index.php?rest_route=\/wp\/v2\/types\/post"}],"author":[{"embeddable":true,"href":"https:\/\/www.parlante.cl\/index.php?rest_route=\/wp\/v2\/users\/10"}],"replies":[{"embeddable":true,"href":"https:\/\/www.parlante.cl\/index.php?rest_route=%2Fwp%2Fv2%2Fcomments&post=112025"}],"version-history":[{"count":2,"href":"https:\/\/www.parlante.cl\/index.php?rest_route=\/wp\/v2\/posts\/112025\/revisions"}],"predecessor-version":[{"id":112273,"href":"https:\/\/www.parlante.cl\/index.php?rest_route=\/wp\/v2\/posts\/112025\/revisions\/112273"}],"wp:featuredmedia":[{"embeddable":true,"href":"https:\/\/www.parlante.cl\/index.php?rest_route=\/wp\/v2\/media\/112087"}],"wp:attachment":[{"href":"https:\/\/www.parlante.cl\/index.php?rest_route=%2Fwp%2Fv2%2Fmedia&parent=112025"}],"wp:term":[{"taxonomy":"category","embeddable":true,"href":"https:\/\/www.parlante.cl\/index.php?rest_route=%2Fwp%2Fv2%2Fcategories&post=112025"},{"taxonomy":"post_tag","embeddable":true,"href":"https:\/\/www.parlante.cl\/index.php?rest_route=%2Fwp%2Fv2%2Ftags&post=112025"}],"curies":[{"name":"wp","href":"https:\/\/api.w.org\/{rel}","templated":true}]}}