{"id":112376,"date":"2025-11-30T14:36:27","date_gmt":"2025-11-30T17:36:27","guid":{"rendered":"https:\/\/www.parlante.cl\/?p=112376"},"modified":"2025-11-30T15:23:09","modified_gmt":"2025-11-30T18:23:09","slug":"conversamos-con-consequence-of-energy-estamos-componiendo-en-relacion-a-la-musica-que-siempre-nos-ha-gustado-y-sentido","status":"publish","type":"post","link":"https:\/\/www.parlante.cl\/?p=112376","title":{"rendered":"Conversamos con Consequence of Energy: \u201cEstamos componiendo en relaci\u00f3n a la m\u00fasica que siempre nos ha gustado y sentido\u201d"},"content":{"rendered":"<p>Por Francisco Aguilar A.<\/p>\n<p align=\"justify\">La promisoria banda nacional, est\u00e1 integrada por <strong>Rodrigo \u201cRoli\u201d Cort\u00e9s<\/strong> (ex guitarrista de Rekiem), <strong>Diego Sagredo<\/strong> (ex guitarrista de The Reaktion), el vocalista <strong>Michael Bianchi<\/strong>, <strong>Pedro Santander<\/strong> (ex bajista Sangre Aborigen) y el baterista <strong>Amaru L\u00f3pez<\/strong> (Plumas y ex Moral Distra\u00edda), todos, m\u00fasicos de connotada trayectoria en la escena del rock. <\/p>\n<p align=\"justify\">Pudimos conversar con Roli, de todo el futuro de la agrupaci\u00f3n. El detalle, a continuaci\u00f3n:<\/p>\n<p align=\"justify\"><strong>Rolly, en primera instancia, gracias por tu tiempo. Para partir, cu\u00e9ntanos sobre el g\u00e9nesis de Consequence of Energy, \u00bfc\u00f3mo se forma?<\/strong><\/p>\n<p align=\"justify\"><em>Bueno, tal como dice el nombre, se dieron una serie de sincron\u00edas que fueron realmente impulsadas por la energ\u00eda. Con Diego Sagredo, el otro guitarrista, nos conocemos desde muy chicos en la escena rockera. Yo era guitarrista de Rekiem, y \u00e9l fue parte de Industrial Company Inc. y The Reaktion<\/em><\/p>\n<p align=\"justify\"><em>Fue Diego quien realmente empez\u00f3 a unir las piezas. Despu\u00e9s de perder contacto por a\u00f1os, \u00e9l se fue a vivir a la selva en Colombia y un d\u00eda me contacta para que empecemos a hacer temas. Partimos con una onda m\u00e1s electr\u00f3nica, buscando algo diferente, pero lleg\u00f3 la pandemia y nos distanciamos de nuevo. Al terminar, \u00e9l me contacta otra vez y me presenta a Mike, nuestro vocalista, a quien hab\u00eda conocido durante ese periodo.<\/em><\/p>\n<p align=\"justify\"><em>La primera noche que nos conocimos, maqueteamos el primer tema. As\u00ed fue como comenzamos a componer. Despu\u00e9s, por coincidencias, encontramos a los siguientes integrantes: Pedro Santander, ex-bajista de Sangre Aborigen, y Amaru, ex-baterista de La Moral Distra\u00edda. Cometimos la locura de venirnos a escribir a Pichilemu, y justo Pedro estaba viviendo ac\u00e1. Nos lo encontramos en un evento y pensamos: &#8220;\u00a1Wow, justo estamos buscando bajista!&#8221;. As\u00ed que se uni\u00f3.<\/em><\/p>\n<p align=\"justify\"><em>Con Amaru fue distinto. Est\u00e1bamos en Los Lobos Records, un estudio de grabaci\u00f3n en Pichilemu, y \u00e9l estaba grabando con su nueva banda, Plumas. Nosotros est\u00e1bamos ensayando sin baterista. \u00c9l se asoma porque le llam\u00f3 la atenci\u00f3n lo que toc\u00e1bamos y le dijimos: &#8220;\u00bfNos echas una mano?&#8221;. Se puso a jammear con nosotros y fue incre\u00edble. Les dijimos a los chicos de Plumas que &#8220;les robar\u00edamos el baterista&#8221;, y todo bien. As\u00ed, cont\u00e1ndolo muy r\u00e1pido, es como nos formamos.<\/em><\/p>\n<p align=\"justify\"><strong>Mencionaste la historia anterior de cada uno, y se nota que provienen de esa &#8220;camada&#8221; de la \u00e9poca del n\u00fc metal de los 2000. En base a eso, \u00bfc\u00f3mo ven la propuesta, las influencias y el trabajo de composici\u00f3n de la banda? \u00bfQui\u00e9nes son sus referentes musicales?<\/strong><\/p>\n<p align=\"justify\"><em>Mira, creo que simplemente estamos componiendo en relaci\u00f3n a la m\u00fasica que siempre nos ha gustado y sentido. Puede ser Deftones, Tool, Sepultura, Korn, o bandas m\u00e1s grunge como Alice in Chains, etc\u00e9tera. Nunca pensamos en hacer algo comercial; empezamos a hacer lo que nos gustaba.<\/em><\/p>\n<p align=\"justify\"><em>De pronto, se dio la oportunidad de producir el \u00e1lbum con Garth Richardson, el productor de Rage Against the Machine, y no s\u00e9 si es coincidencia o qu\u00e9, pero est\u00e1 volviendo todo este boom del new metal. Bandas como Limp Bizkit y Deftones est\u00e1n explotando de nuevo. El estilo est\u00e1 reviviendo. Se ve en los conciertos y hasta en TikTok o Instagram; las generaciones m\u00e1s j\u00f3venes est\u00e1n volviendo a escuchar esto. Es muy loco.<\/em><\/p>\n<p align=\"justify\"><strong>Hablemos de m\u00fasica, de los singles que han liberado. El \u00faltimo fue &#8220;Searching for Light&#8221;, su tercer single, que ser\u00e1 parte del disco &#8220;We Are One&#8221;. Cu\u00e9ntame, \u00bfcu\u00e1les ser\u00e1n las tem\u00e1ticas principales que abordar\u00e1 el \u00e1lbum?<\/strong><\/p>\n<p align=\"justify\"><em>Todo el disco abarca la dualidad: la vida, la muerte, la luz, la oscuridad, el bien, el mal, y c\u00f3mo todo forma parte de lo mismo y hay que aceptarlo y vivirlo. Es una especie de viaje hacia la oscuridad para luego poder salir del vac\u00edo. El disco es un viaje completo; la idea es escucharlo de principio a fin.<\/em><\/p>\n<p align=\"justify\"><strong>Sabemos que el disco saldr\u00e1 en 2026 y que tendr\u00e1 una edici\u00f3n limitada en vinilo con gr\u00e1ficos y una car\u00e1tula en anaglifo. Cu\u00e9ntanos c\u00f3mo nace esa propuesta visual que quieren darle al proyecto.<\/strong><\/p>\n<p align=\"justify\"><em>Justamente, nace por el concepto de la dualidad. El tema del anaglifo es, b\u00e1sicamente, que sobre la car\u00e1tula principal hay una car\u00e1tula B o escondida. Si pones una l\u00e1mina roja o azul, podr\u00e1s ver la car\u00e1tula de abajo. Esto es lo que refleja el arte: dualidad. Por ejemplo, vas a estar viendo un s\u00edmbolo de la vida, y al poner la l\u00e1mina se va a transformar en el de la muerte. Todo est\u00e1 basado en ese concepto.<\/em><\/p>\n<p align=\"justify\"><strong>Hablemos de la experiencia de trabajar con un productor de la talla de Garth Richardson. \u00bfC\u00f3mo surge ese nexo y cu\u00e1l consideras que fue el aporte de \u00e9l a lo que realizan en &#8220;We Are One&#8221;?<\/strong><\/p>\n<p align=\"justify\"><em>Garth fue parte fundamental de este disco. El nexo nace porque Diego Sagredo ya hab\u00eda trabajado con \u00e9l en su ex-banda varios a\u00f1os atr\u00e1s, y siempre se mantuvieron en contacto. Cuando nuestro proyecto comenz\u00f3 a tomar vuelo, Diego le envi\u00f3 las maquetas a Garth, y \u00e9l dijo: &#8220;Wow, quiero ser parte de este disco&#8221;.<\/em><\/p>\n<p align=\"justify\"><em>Ah\u00ed fue cuando empezamos a so\u00f1ar y a ver c\u00f3mo hacer esto posible. Finalmente, gracias al destino, pudimos traer a Garth por dos meses a Pichilemu, el lugar donde nos inspiramos. Garth vino con Dean Maher, su ingeniero de grabaci\u00f3n. Nosotros no sab\u00edamos qui\u00e9n era su t\u00e9cnico, y de pronto llega Dean, quien ha trabajado grabando a Slayer, AC\/DC, Kiss&#8230; fue un &#8220;\u00a1Wow!&#8221;.<\/em><\/p>\n<p align=\"justify\"><em>La experiencia fue incre\u00edble. Vinieron a darnos una c\u00e1tedra de grabaci\u00f3n y producci\u00f3n. Yo me he dedicado a esto toda la vida, y no hab\u00eda visto gente de este nivel. Son unos verdaderos &#8220;comandos&#8221; del rubro; solucionaban todo con lo que tuvieran. Realmente llegaron a ense\u00f1arnos.<\/em><\/p>\n<p align=\"justify\"><strong>Hablemos de &#8220;Freedom&#8221;, el single que lanzaron hace un tiempo y que estuvo en varios rankings en Estados Unidos. Cu\u00e9ntame c\u00f3mo se gest\u00f3 esa canci\u00f3n y c\u00f3mo recibieron el \u00e9xito que ha tenido<\/strong><\/p>\n<p align=\"justify\"><em>&#8220;Freedom&#8221; se genera a partir de la sensaci\u00f3n que ten\u00edamos como banda sobre la falsa libertad en la que vivimos. No es un tema pol\u00edtico, pero nace de la necesidad de escribir sobre esa falsa libertad y c\u00f3mo estamos todos cada vez m\u00e1s prisioneros.<\/em><\/p>\n<p align=\"justify\"><em>Lo bien que le fue fue inesperado. De pronto, entr\u00f3 al top chart del Secondary Rock Market y fue como: &#8220;\u00a1Wow, estamos entre los 50 m\u00e1s escuchados en la radio en Estados Unidos junto a Deftones y Evanescence!&#8221;. Coincidi\u00f3 que se lanz\u00f3 el mismo d\u00eda que el primer single del nuevo disco de Deftones. Empezamos a ver que cada semana avanzaba en el ranking y finalmente lleg\u00f3 hasta el puesto n\u00famero 17. Es un puesto inesperado para ser nuestro primer single, el cual tampoco tuvo una gran inversi\u00f3n para difundirlo. Fue super org\u00e1nico y natural, totalmente inesperado para todos.<\/em><\/p>\n<p><iframe title=\"Consequence of Energy - Freedom (Official Video)\" width=\"750\" height=\"422\" src=\"https:\/\/www.youtube.com\/embed\/4js2nvtt8jA?feature=oembed\" frameborder=\"0\" allow=\"accelerometer; autoplay; clipboard-write; encrypted-media; gyroscope; picture-in-picture; web-share\" referrerpolicy=\"strict-origin-when-cross-origin\" allowfullscreen><\/iframe><\/p>\n<p align=\"justify\"><strong>Hablemos sobre lo audiovisual de su propuesta. Vimos el video de &#8220;Into the Void&#8221; y, obviamente, &#8220;Freedom&#8221;. \u00bfQu\u00e9 tan importante es y qu\u00e9 buscaban mostrar en los videos que han lanzado?<\/strong><\/p>\n<p align=\"justify\"><em>La parte audiovisual es muy importante. Creo que en &#8220;Into the Void&#8221; el mensaje se muestra de manera un poco m\u00e1s literal. La canci\u00f3n habla sobre traumas de infancia, de familia, y de c\u00f3mo eso repercute con el pasar de los a\u00f1os.<\/em><\/p>\n<p align=\"justify\"><em>El video plantea la opci\u00f3n de que uno debe elegir entre un camino y el otro, pero queda libre a la interpretaci\u00f3n. Si te das cuenta, al final no se elige ning\u00fan camino, ni el del mal ni el del bien. Eso queda para que cada uno lo interprete y vea qu\u00e9 quiere elegir. Como te dec\u00eda, el bien y el mal, la luz y la oscuridad, son todo parte de lo mismo al final.<\/em><\/p>\n<p><iframe title=\"Consequence of Energy - Into the Void (Official Video)\" width=\"750\" height=\"422\" src=\"https:\/\/www.youtube.com\/embed\/llGWJl7lk5E?feature=oembed\" frameborder=\"0\" allow=\"accelerometer; autoplay; clipboard-write; encrypted-media; gyroscope; picture-in-picture; web-share\" referrerpolicy=\"strict-origin-when-cross-origin\" allowfullscreen><\/iframe><\/p>\n<p align=\"justify\"><strong>\u00bfC\u00f3mo lograron ah\u00ed la participaci\u00f3n de Marco Zaror? \u00bfC\u00f3mo se gest\u00f3 eso?<\/strong><\/p>\n<p align=\"justify\"><em>Lo de Marco es muy interesante porque Los Lobos Records estuvo involucrado en la producci\u00f3n de una de sus pel\u00edculas. Desde ah\u00ed se empieza a gestar una muy buena relaci\u00f3n entre Los Lobos, Marco y nuestro vocalista Mike. Despu\u00e9s, cuando Marco escucha la banda, le gusta y surge la idea: &#8220;Oye, \u00bfy si participas?&#8221;. \u00c9l lo quiso encantado, y para nosotros fue un lujo tener a un actor de su categor\u00eda en nuestro video.<\/em><\/p>\n<p align=\"justify\"><strong>Otro de los hitos que podemos mencionar es que se estar\u00e1n presentando en la pr\u00f3xima edici\u00f3n de Lollapalooza. Cu\u00e9ntame un poco sobre esa invitaci\u00f3n y c\u00f3mo se est\u00e1n preparando para esa gesta.<\/strong><\/p>\n<p align=\"justify\"><em>S\u00ed, mira, antes de llegar a Lollapalooza, tenemos varias fechas. La primera fue el 27 de noviembre en Club Subterr\u00e1neo. Donde decidimos hacer un show m\u00e1s como los que viv\u00edamos en nuestros inicios: Consequence of Energy y Rama. Fue un evento muy importante para nosotros porque, si bien estamos entrando en shows grandes, tenemos la necesidad de reconectar con toda la gente que nos ha apoyado desde el inicio.<\/em><\/p>\n<p align=\"justify\"><em>Despu\u00e9s de eso, tenemos el 14 de febrero nuestra participaci\u00f3n en el Surfestival de La Serena junto a The Wailers (la banda de Bob Marley), Gondwana, Los Tetas y varias bandas m\u00e1s. Luego, tambi\u00e9n en febrero, otra presentaci\u00f3n en el Surfestival de Pichilemu, donde tocar\u00e1 Cultura Prof\u00e9tica, Bahiano de Los Pericos, Los Tetas y Spiral Vortex, que para m\u00ed es un gran aporte a la m\u00fasica hoy en d\u00eda.<\/em><\/p>\n<p align=\"justify\"><em>Y ya luego de eso viene Lollapalooza. Lo de Lollapalooza surge porque nos hemos encargado de hacerles saber lo que estamos haciendo durante todo el proceso. Desde que vino Garth, ellos tambi\u00e9n pudieron venir a conocerlo. Siempre estuvimos en contacto mostr\u00e1ndoles el trabajo. Luego, los n\u00fameros de audiencia se fueron dando y, gracias a Dios, cumplimos con los requisitos para poder entrar a ese festival. Justo ahora que viene Deftones, que es lo que a m\u00ed, personalmente, me tiene m\u00e1s feliz. Ha estado todo sincronizado de una manera muy extra\u00f1a y m\u00e1gica.<\/em><\/p>\n<p align=\"justify\"><strong>Sabemos que el disco se lanza el pr\u00f3ximo a\u00f1o. \u00bfTienen alguna fecha estimativa o ser\u00e1 dentro del primer semestre?<\/strong><\/p>\n<p align=\"justify\"><em>Lo m\u00e1s probable es que el disco se lance en enero. Ahora se viene un nuevo videoclip de &#8220;Searching for Light&#8221;, que ya est\u00e1 listo. Pr\u00f3ximamente, vendr\u00e1 el lanzamiento del video para &#8220;Cosmic&#8221;, que fuimos a grabar a la selva colombiana en Mocoa, con las tribus y la gente ind\u00edgena de all\u00e1. Es un video muy potente, con un mensaje bien power que ya van a conocer.<\/em><\/p>\n<p align=\"justify\"><strong>Para cerrar, Roli, y agradeciendo tu tiempo, me gustar\u00eda que puedas enviar un saludo a toda la gente de Parlante, e invitarlos a seguirlos en sus redes sociales, a escuchar su m\u00fasica, etc\u00e9tera.<\/strong><\/p>\n<p align=\"justify\"><em>Bueno, agradecerle a la gente de Parlante.cl por estar atenta a nuestro proyecto. Para nosotros es muy importante poder darlo a conocer y tambi\u00e9n poder aportar para mejorar la escena ac\u00e1.<\/em><\/p>\n<p align=\"justify\"><em>A nosotros nos pueden escuchar y seguir en Instagram: @consequenceofenergy. B\u00fasquennos en Spotify y en todas las plataformas digitales: Apple Music, Deezer, estamos en todas. <\/em><\/p>\n","protected":false},"excerpt":{"rendered":"<p>Por Francisco Aguilar A. La promisoria banda nacional, est\u00e1 integrada por Rodrigo \u201cRoli\u201d Cort\u00e9s (ex guitarrista de Rekiem), Diego Sagredo (ex guitarrista de The Reaktion), el vocalista Michael Bianchi, Pedro Santander (ex bajista Sangre Aborigen) y el baterista Amaru L\u00f3pez (Plumas y ex Moral Distra\u00edda), todos, m\u00fasicos de connotada trayectoria en la escena del rock. Pudimos conversar con Roli, de todo el futuro de la agrupaci\u00f3n. El detalle, a continuaci\u00f3n: Rolly, en primera instancia, gracias por tu tiempo. Para partir, [&hellip;]<\/p>\n","protected":false},"author":1,"featured_media":112377,"comment_status":"open","ping_status":"open","sticky":false,"template":"","format":"standard","meta":{"footnotes":""},"categories":[13,3,4],"tags":[],"class_list":["post-112376","post","type-post","status-publish","format-standard","has-post-thumbnail","hentry","category-conversamos-con","category-musica","category-portada"],"_links":{"self":[{"href":"https:\/\/www.parlante.cl\/index.php?rest_route=\/wp\/v2\/posts\/112376","targetHints":{"allow":["GET"]}}],"collection":[{"href":"https:\/\/www.parlante.cl\/index.php?rest_route=\/wp\/v2\/posts"}],"about":[{"href":"https:\/\/www.parlante.cl\/index.php?rest_route=\/wp\/v2\/types\/post"}],"author":[{"embeddable":true,"href":"https:\/\/www.parlante.cl\/index.php?rest_route=\/wp\/v2\/users\/1"}],"replies":[{"embeddable":true,"href":"https:\/\/www.parlante.cl\/index.php?rest_route=%2Fwp%2Fv2%2Fcomments&post=112376"}],"version-history":[{"count":11,"href":"https:\/\/www.parlante.cl\/index.php?rest_route=\/wp\/v2\/posts\/112376\/revisions"}],"predecessor-version":[{"id":112391,"href":"https:\/\/www.parlante.cl\/index.php?rest_route=\/wp\/v2\/posts\/112376\/revisions\/112391"}],"wp:featuredmedia":[{"embeddable":true,"href":"https:\/\/www.parlante.cl\/index.php?rest_route=\/wp\/v2\/media\/112377"}],"wp:attachment":[{"href":"https:\/\/www.parlante.cl\/index.php?rest_route=%2Fwp%2Fv2%2Fmedia&parent=112376"}],"wp:term":[{"taxonomy":"category","embeddable":true,"href":"https:\/\/www.parlante.cl\/index.php?rest_route=%2Fwp%2Fv2%2Fcategories&post=112376"},{"taxonomy":"post_tag","embeddable":true,"href":"https:\/\/www.parlante.cl\/index.php?rest_route=%2Fwp%2Fv2%2Ftags&post=112376"}],"curies":[{"name":"wp","href":"https:\/\/api.w.org\/{rel}","templated":true}]}}