{"id":112415,"date":"2025-09-30T10:50:18","date_gmt":"2025-09-30T13:50:18","guid":{"rendered":"https:\/\/www.parlante.cl\/?p=112415"},"modified":"2025-12-01T10:51:57","modified_gmt":"2025-12-01T13:51:57","slug":"kevin-johansen-vuelve-a-chile-presentando-en-vivo-quiero-mejor","status":"publish","type":"post","link":"https:\/\/www.parlante.cl\/?p=112415","title":{"rendered":"Kevin Johansen vuelve a Chile presentando en vivo \u201cQuiero Mejor\u201d"},"content":{"rendered":"<p align=\"justify\"><strong>Entradas disponibles en Ticketmaster<\/strong><\/p>\n<p align=\"justify\">El esperado regreso de Kevin Johansen se vivir\u00e1 en grande, sumando una nueva fecha para disfrutar en vivo de \u201cQuiero Mejor\u201d, en el Teatro Nescaf\u00e9 de las Artes. <\/p>\n<p align=\"center\"><img decoding=\"async\" src=\"https:\/\/www.parlante.cl\/wp-content\/uploads\/2025\/12\/unnamed-29.jpg\" alt=\"null\" \/><\/p>\n<p align=\"justify\">Con su inconfundible estilo cargado de poes\u00eda, iron\u00eda y sensibilidad, Kevin Johansen llegar\u00e1 este 2 y 3 de diciembre a Santiago, acompa\u00f1ado de su banda Feng Shui Project para presentar en vivo su m\u00e1s reciente \u00e1lbum \u201cQuiero Mejor\u201d, un trabajo celebrado por la cr\u00edtica y sus seguidores como una de las entregas m\u00e1s profundas y brillantes de su carrera.<\/p>\n<p align=\"justify\">Este reencuentro con el p\u00fablico chileno ser\u00e1 una experiencia \u00edntima y emotiva, en la que el artista desplegar\u00e1 tanto el repertorio de su nuevo \u00e1lbum como los cl\u00e1sicos que han marcado generaciones, entre ellos \u201cAnoche So\u00f1\u00e9 Contigo\u201d, \u201cCumbiera Intelectual\u201d y \u201cDesde Que Te Perd\u00ed\u201d.<\/p>\n<p align=\"justify\"><strong>KEVIN JOHANSEN \u2013 QUIERO MEJOR<br \/>\n2 y 3 de diciembre | Teatro Nescaf\u00e9 de las Artes, Santiago<br \/>\nEntradas disponibles en Ticketmaster<\/strong><\/p>\n","protected":false},"excerpt":{"rendered":"<p>Entradas disponibles en Ticketmaster El esperado regreso de Kevin Johansen se vivir\u00e1 en grande, sumando una nueva fecha para disfrutar en vivo de \u201cQuiero Mejor\u201d, en el Teatro Nescaf\u00e9 de las Artes. Con su inconfundible estilo cargado de poes\u00eda, iron\u00eda y sensibilidad, Kevin Johansen llegar\u00e1 este 2 y 3 de diciembre a Santiago, acompa\u00f1ado de su banda Feng Shui Project para presentar en vivo su m\u00e1s reciente \u00e1lbum \u201cQuiero Mejor\u201d, un trabajo celebrado por la cr\u00edtica y sus seguidores como [&hellip;]<\/p>\n","protected":false},"author":1,"featured_media":112416,"comment_status":"open","ping_status":"open","sticky":false,"template":"","format":"standard","meta":{"footnotes":""},"categories":[3,12],"tags":[],"class_list":["post-112415","post","type-post","status-publish","format-standard","has-post-thumbnail","hentry","category-musica","category-pronto-en-vivo"],"_links":{"self":[{"href":"https:\/\/www.parlante.cl\/index.php?rest_route=\/wp\/v2\/posts\/112415","targetHints":{"allow":["GET"]}}],"collection":[{"href":"https:\/\/www.parlante.cl\/index.php?rest_route=\/wp\/v2\/posts"}],"about":[{"href":"https:\/\/www.parlante.cl\/index.php?rest_route=\/wp\/v2\/types\/post"}],"author":[{"embeddable":true,"href":"https:\/\/www.parlante.cl\/index.php?rest_route=\/wp\/v2\/users\/1"}],"replies":[{"embeddable":true,"href":"https:\/\/www.parlante.cl\/index.php?rest_route=%2Fwp%2Fv2%2Fcomments&post=112415"}],"version-history":[{"count":1,"href":"https:\/\/www.parlante.cl\/index.php?rest_route=\/wp\/v2\/posts\/112415\/revisions"}],"predecessor-version":[{"id":112417,"href":"https:\/\/www.parlante.cl\/index.php?rest_route=\/wp\/v2\/posts\/112415\/revisions\/112417"}],"wp:featuredmedia":[{"embeddable":true,"href":"https:\/\/www.parlante.cl\/index.php?rest_route=\/wp\/v2\/media\/112416"}],"wp:attachment":[{"href":"https:\/\/www.parlante.cl\/index.php?rest_route=%2Fwp%2Fv2%2Fmedia&parent=112415"}],"wp:term":[{"taxonomy":"category","embeddable":true,"href":"https:\/\/www.parlante.cl\/index.php?rest_route=%2Fwp%2Fv2%2Fcategories&post=112415"},{"taxonomy":"post_tag","embeddable":true,"href":"https:\/\/www.parlante.cl\/index.php?rest_route=%2Fwp%2Fv2%2Ftags&post=112415"}],"curies":[{"name":"wp","href":"https:\/\/api.w.org\/{rel}","templated":true}]}}