{"id":112551,"date":"2025-12-09T13:21:13","date_gmt":"2025-12-09T16:21:13","guid":{"rendered":"https:\/\/www.parlante.cl\/?p=112551"},"modified":"2025-12-09T13:24:51","modified_gmt":"2025-12-09T16:24:51","slug":"its-never-over-de-jeff-buckley-en-festival-in-edit-chile-2025-la-emocional-historia-de-un-mito","status":"publish","type":"post","link":"https:\/\/www.parlante.cl\/?p=112551","title":{"rendered":"&#8220;It\u2019s Never Over, Jeff Buckley&#8221; en Festival In-Edit Chile 2025: La emocional historia de un mito"},"content":{"rendered":"<p>Por Ignacia Guti\u00e9rrez.<\/p>\n<p align=\"justify\">Si algo domina <strong>Amy Berg<\/strong> es la habilidad de extraer el lado m\u00e1s profundo y personal de aquellas estrellas del mundo de la m\u00fasica que tanto adoramos. Lo hizo con <strong>Janis Joplin<\/strong> y hoy lo repite con <strong>Jeff Buckley<\/strong>, en el primer retrato in\u00e9dito y autorizado de aquel m\u00fasico que marc\u00f3 la historia sin llegar a ser completamente consciente de su impacto. En esta producci\u00f3n, reci\u00e9n estrenada en el festival In-Edit y galardonada en instancias internacionales, vemos c\u00f3mo Buckley enfrent\u00f3 desde peque\u00f1o una vida turbulenta, marcada por el abandono de su padre y la posterior muerte de su progenitor. El film aborda las dificultades de la crianza unipersonal por parte de su madre y su profundo acercamiento a la m\u00fasica, impulsado por el amor.<\/p>\n<p align=\"justify\">Con un estilo que evoca una mezcla de <strong>Nina Simone y Robert Plant<\/strong>, pero con tonos celestiales (tal como lo ilustr\u00f3 en su versi\u00f3n de &#8220;Hallelujah&#8221;), Jeff comenz\u00f3 a forjar una de las mejores voces de la historia musical: impresionante, elevada y virtuosa, que mezcl\u00f3 influencias del soul, el jazz y el folk. El documental nos muestra a Jeff en los clubes donde trabajaba y comenz\u00f3 a cantar, en estudios de grabaci\u00f3n, en su departamento y en grandes festivales. En paralelo, nos narran las diferentes etapas de su vida su madre, <strong>Mary Gilbert<\/strong>, y <strong>Rebecca<\/strong>, quien fue su gran amor. Estas voces se complementan con videos y entrevistas in\u00e9ditas. En una de ellas, por ejemplo, se le pregunta a Buckley cu\u00e1les son sus influencias, a lo que \u00e9l responde: <em>\u201cel amor, la ira, la depresi\u00f3n, la alegr\u00eda&#8230; y Zeppelin\u201d<\/em>.<\/p>\n<p align=\"center\"><img decoding=\"async\" src=\"https:\/\/64.media.tumblr.com\/092be6fc8061a4eb0856ba028e6e0de9\/9703807799935b1b-ca\/s1280x1920\/5d9c9e95c7a9ea740e7a9ea9467078e7047fb57f.jpg\" alt=\"null\" \/><\/p>\n<p align=\"justify\"><strong>Tim Buckley<\/strong>, su padre, fue un m\u00fasico reconocido que le leg\u00f3 a Jeff su talento, del que pudo ser parte solo una vez antes de fallecer de una sobredosis. Por su parte, <strong>Mary Gilbert<\/strong>, madre y coproductora de la pel\u00edcula, recuerda las primeras veces que escuch\u00f3 cantar a Jeff, completamente absorto por la m\u00fasica. Con tan solo 24 a\u00f1os, \u00e9l acept\u00f3 actuar en un homenaje musical a su padre en la iglesia de Santa Ana en Brooklyn. Luego de separarse de Rebecca, terminar una gira por Europa y Estados Unidos, y vivir un par de amor\u00edos, se mud\u00f3 a una caba\u00f1a antigua en Memphis. All\u00ed, una ma\u00f1ana de tormenta, se ahog\u00f3 en el r\u00edo Wolf, con tan solo 30 a\u00f1os.<\/p>\n<p align=\"justify\">El documental pone el foco en sus turbulencias personales, su infancia, sus inicios en la m\u00fasica y el camino que recorri\u00f3 el hermoso cantante que admiramos como un dios, con su rebeld\u00eda, su belleza inigualable y su talento. Cuando el film se proyect\u00f3 por primera vez, una rese\u00f1a en la revista Variety desafiaba a las personas a no enamorarse del artista. Es un desaf\u00edo imposible de cumplir: la cinta pone los pelos de punta desde los primeros minutos y resulta dif\u00edcil contener la emoci\u00f3n y el llanto. A\u00f1os despu\u00e9s de su muerte, y sin haber sido testigo del impacto que tuvo \u201cGrace\u201d en el mundo, la voz de Jeff Buckley sigue llegando a o\u00eddos y corazones.<\/p>\n<p><iframe title=\"It&#039;s Never Over, Jeff Buckley | Official Trailer | HBO\" width=\"750\" height=\"422\" src=\"https:\/\/www.youtube.com\/embed\/DGKgfweZKmE?feature=oembed\" frameborder=\"0\" allow=\"accelerometer; autoplay; clipboard-write; encrypted-media; gyroscope; picture-in-picture; web-share\" referrerpolicy=\"strict-origin-when-cross-origin\" allowfullscreen><\/iframe><\/p>\n","protected":false},"excerpt":{"rendered":"<p>Por Ignacia Guti\u00e9rrez. Si algo domina Amy Berg es la habilidad de extraer el lado m\u00e1s profundo y personal de aquellas estrellas del mundo de la m\u00fasica que tanto adoramos. Lo hizo con Janis Joplin y hoy lo repite con Jeff Buckley, en el primer retrato in\u00e9dito y autorizado de aquel m\u00fasico que marc\u00f3 la historia sin llegar a ser completamente consciente de su impacto. En esta producci\u00f3n, reci\u00e9n estrenada en el festival In-Edit y galardonada en instancias internacionales, vemos [&hellip;]<\/p>\n","protected":false},"author":12,"featured_media":112552,"comment_status":"open","ping_status":"open","sticky":false,"template":"","format":"standard","meta":{"footnotes":""},"categories":[6,3,7],"tags":[],"class_list":["post-112551","post","type-post","status-publish","format-standard","has-post-thumbnail","hentry","category-cine-y-tv","category-musica","category-pudimos-ver"],"_links":{"self":[{"href":"https:\/\/www.parlante.cl\/index.php?rest_route=\/wp\/v2\/posts\/112551","targetHints":{"allow":["GET"]}}],"collection":[{"href":"https:\/\/www.parlante.cl\/index.php?rest_route=\/wp\/v2\/posts"}],"about":[{"href":"https:\/\/www.parlante.cl\/index.php?rest_route=\/wp\/v2\/types\/post"}],"author":[{"embeddable":true,"href":"https:\/\/www.parlante.cl\/index.php?rest_route=\/wp\/v2\/users\/12"}],"replies":[{"embeddable":true,"href":"https:\/\/www.parlante.cl\/index.php?rest_route=%2Fwp%2Fv2%2Fcomments&post=112551"}],"version-history":[{"count":3,"href":"https:\/\/www.parlante.cl\/index.php?rest_route=\/wp\/v2\/posts\/112551\/revisions"}],"predecessor-version":[{"id":112555,"href":"https:\/\/www.parlante.cl\/index.php?rest_route=\/wp\/v2\/posts\/112551\/revisions\/112555"}],"wp:featuredmedia":[{"embeddable":true,"href":"https:\/\/www.parlante.cl\/index.php?rest_route=\/wp\/v2\/media\/112552"}],"wp:attachment":[{"href":"https:\/\/www.parlante.cl\/index.php?rest_route=%2Fwp%2Fv2%2Fmedia&parent=112551"}],"wp:term":[{"taxonomy":"category","embeddable":true,"href":"https:\/\/www.parlante.cl\/index.php?rest_route=%2Fwp%2Fv2%2Fcategories&post=112551"},{"taxonomy":"post_tag","embeddable":true,"href":"https:\/\/www.parlante.cl\/index.php?rest_route=%2Fwp%2Fv2%2Ftags&post=112551"}],"curies":[{"name":"wp","href":"https:\/\/api.w.org\/{rel}","templated":true}]}}