{"id":112556,"date":"2025-12-09T16:09:32","date_gmt":"2025-12-09T19:09:32","guid":{"rendered":"https:\/\/www.parlante.cl\/?p=112556"},"modified":"2025-12-09T16:11:58","modified_gmt":"2025-12-09T19:11:58","slug":"dory-previn-on-my-way-to-there-en-festival-in-edit-chile-2025-esa-voz-desconocida","status":"publish","type":"post","link":"https:\/\/www.parlante.cl\/?p=112556","title":{"rendered":"&#8220;Dory Previn: On My Way To There&#8221; en Festival In-Edit Chile 2025: Esa voz desconocida"},"content":{"rendered":"<p>Por Ignacia Guti\u00e9rrez.<\/p>\n<p align=\"justify\"><strong>Dory Previn<\/strong> fue una cantante y compositora de culto en los Estados Unidos de los a\u00f1os 70. Su gran talento como letrista y su capacidad para la composici\u00f3n formaron parte de las bandas sonoras de famosos filmes de Hollywood y de colaboraciones con estrellas como <strong>Frank Sinatra, Judy Garland y Barbra Streisand<\/strong>.<\/p>\n<p align=\"justify\">La recopilaci\u00f3n de su diario personal, entrevistas reveladoras y escenas que se conservan en la memoria colectiva dan vida a este documental. La cinta muestra c\u00f3mo su enfermedad mental afect\u00f3 su proceso creativo y, a la vez, la impuls\u00f3 a ser galardonada en varias oportunidades. Este es un retrato \u00edntimo y fascinante que revela tanto el inmenso talento de Previn como la complejidad de su mundo interior. A pesar de sufrir de esquizofrenia, esto no le impidi\u00f3 ocupar un lugar destacado en la escena folk del pa\u00eds norteamericano.<\/p>\n<p align=\"center\"><img decoding=\"async\" src=\"https:\/\/64.media.tumblr.com\/9a9ee0361c770895a6312d49cf57b935\/39d65aa62a017fa1-c2\/s1280x1920\/575e82a553c0648a53d61b32ae44875b58dbb61d.jpg\" alt=\"null\" \/><\/p>\n<p align=\"justify\">Su ingenio la llev\u00f3 a desafiar estereotipos desde el inicio de su carrera como letrista en la MGM a finales de los a\u00f1os 50, con solo 17 o 18 a\u00f1os. All\u00ed conoci\u00f3 a su compa\u00f1ero de composici\u00f3n y futuro esposo, <strong>Andr\u00e9 Previn<\/strong>, quien gan\u00f3 diez premios \u00d3scar como pianista, compositor y director de orquesta. El talento de Dory la llev\u00f3 a cocrear canciones para <strong>Tony Bennett y Judy Garland<\/strong>, as\u00ed como para <strong>Doris Day<\/strong> y para <strong>Valley of the Dolls<\/strong> (El Valle de las Mu\u00f1ecas), probablemente una de sus obras m\u00e1s aclamadas.<\/p>\n<p align=\"justify\">Tras ser enga\u00f1ada por <strong>Andr\u00e9 Previn<\/strong> y sufrir dos crisis psic\u00f3ticas, fue catalogada y estigmatizada, lidiando con el machismo y el diagn\u00f3stico de salud mental que la aquejaba. Durante una de sus estancias en un psiqui\u00e1trico, los m\u00e9dicos la animaron a escribir como una forma de terapia. El documental se narra a trav\u00e9s de <strong>Max, Mam\u00e1 y el Le\u00f3n<\/strong>, los tres personajes que la acompa\u00f1aron en su cabeza a lo largo de su carrera. Las ilustraciones y los escritos de sus diarios de vida hacen que esta pel\u00edcula sea un retrato \u00edntimo de algo tan vulnerable como la p\u00e9rdida, el duelo y la crisis de salud mental.<\/p>\n<p align=\"justify\">A pesar de su situaci\u00f3n, y consciente de ella, Previn continu\u00f3 creando hasta los 86 a\u00f1os, cuando falleci\u00f3 en 2012. Su nombre, poco conocido por las nuevas generaciones y por el mundo musical en general, fue clave en la creaci\u00f3n musical del cine y tambi\u00e9n se abri\u00f3 paso con \u00e9xito en la m\u00fasica folk.<\/p>\n<p><iframe title=\"Dory Previn: On My Way to Where\" width=\"750\" height=\"422\" src=\"https:\/\/www.youtube.com\/embed\/bgCnQVkPpdA?feature=oembed\" frameborder=\"0\" allow=\"accelerometer; autoplay; clipboard-write; encrypted-media; gyroscope; picture-in-picture; web-share\" referrerpolicy=\"strict-origin-when-cross-origin\" allowfullscreen><\/iframe><\/p>\n","protected":false},"excerpt":{"rendered":"<p>Por Ignacia Guti\u00e9rrez. Dory Previn fue una cantante y compositora de culto en los Estados Unidos de los a\u00f1os 70. Su gran talento como letrista y su capacidad para la composici\u00f3n formaron parte de las bandas sonoras de famosos filmes de Hollywood y de colaboraciones con estrellas como Frank Sinatra, Judy Garland y Barbra Streisand. La recopilaci\u00f3n de su diario personal, entrevistas reveladoras y escenas que se conservan en la memoria colectiva dan vida a este documental. La cinta muestra [&hellip;]<\/p>\n","protected":false},"author":12,"featured_media":112557,"comment_status":"open","ping_status":"open","sticky":false,"template":"","format":"standard","meta":{"footnotes":""},"categories":[6,3,7],"tags":[],"class_list":["post-112556","post","type-post","status-publish","format-standard","has-post-thumbnail","hentry","category-cine-y-tv","category-musica","category-pudimos-ver"],"_links":{"self":[{"href":"https:\/\/www.parlante.cl\/index.php?rest_route=\/wp\/v2\/posts\/112556","targetHints":{"allow":["GET"]}}],"collection":[{"href":"https:\/\/www.parlante.cl\/index.php?rest_route=\/wp\/v2\/posts"}],"about":[{"href":"https:\/\/www.parlante.cl\/index.php?rest_route=\/wp\/v2\/types\/post"}],"author":[{"embeddable":true,"href":"https:\/\/www.parlante.cl\/index.php?rest_route=\/wp\/v2\/users\/12"}],"replies":[{"embeddable":true,"href":"https:\/\/www.parlante.cl\/index.php?rest_route=%2Fwp%2Fv2%2Fcomments&post=112556"}],"version-history":[{"count":4,"href":"https:\/\/www.parlante.cl\/index.php?rest_route=\/wp\/v2\/posts\/112556\/revisions"}],"predecessor-version":[{"id":112561,"href":"https:\/\/www.parlante.cl\/index.php?rest_route=\/wp\/v2\/posts\/112556\/revisions\/112561"}],"wp:featuredmedia":[{"embeddable":true,"href":"https:\/\/www.parlante.cl\/index.php?rest_route=\/wp\/v2\/media\/112557"}],"wp:attachment":[{"href":"https:\/\/www.parlante.cl\/index.php?rest_route=%2Fwp%2Fv2%2Fmedia&parent=112556"}],"wp:term":[{"taxonomy":"category","embeddable":true,"href":"https:\/\/www.parlante.cl\/index.php?rest_route=%2Fwp%2Fv2%2Fcategories&post=112556"},{"taxonomy":"post_tag","embeddable":true,"href":"https:\/\/www.parlante.cl\/index.php?rest_route=%2Fwp%2Fv2%2Ftags&post=112556"}],"curies":[{"name":"wp","href":"https:\/\/api.w.org\/{rel}","templated":true}]}}