{"id":112562,"date":"2025-12-10T08:46:08","date_gmt":"2025-12-10T11:46:08","guid":{"rendered":"https:\/\/www.parlante.cl\/?p=112562"},"modified":"2025-12-10T08:46:08","modified_gmt":"2025-12-10T11:46:08","slug":"janis-little-girl-blue-en-festival-in-edit-chile-2025-el-deseo-de-ser-amada","status":"publish","type":"post","link":"https:\/\/www.parlante.cl\/?p=112562","title":{"rendered":"&#8220;Janis: Little girl blue&#8221; en Festival In-Edit Chile 2025: El deseo de ser amada"},"content":{"rendered":"<p>Por Ignacia Guti\u00e9rrez.<\/p>\n<p align=\"justify\">En los a\u00f1os 60, la escena musical del rock estaba completamente dominada por el g\u00e9nero masculino, con las mujeres relegadas a roles de pareja y acompa\u00f1amiento. A\u00f1os antes, una joven y ya incipiente artista llamada <strong>Janis Joplin<\/strong> irrumpir\u00eda en el escenario, dotada de una voz que simulaba un rugido \u00fanico en el rock psicod\u00e9lico.<\/p>\n<p align=\"justify\">El documental, dirigido por <strong>Amy Berg<\/strong>, aborda las inseguridades de Janis por su aspecto f\u00edsico, su rebeld\u00eda y sus preguntas sobre el mundo. A trav\u00e9s de las cartas que escrib\u00eda a sus seres queridos y, especialmente, a su familia, se narra el ascenso de una de las voces femeninas m\u00e1s ic\u00f3nicas de la historia. La premisa del proyecto audiovisual logra vislumbrar a la persona real que exist\u00eda detr\u00e1s de esa estrella, la cual luc\u00eda looks exagerados para compensar las motivaciones de su canto profundo y desgarrado de blues y rock.<\/p>\n<p align=\"center\"><img decoding=\"async\" src=\"https:\/\/64.media.tumblr.com\/7a4d6bdcae1601e7690eb4bbd5135b47\/ff91210a8abc7927-f3\/s640x960\/d41441dff3dad8424f1f005c0cfdbdbe28576f7c.jpg\" alt=\"null\" \/><\/p>\n<p align=\"justify\">La cinta explora c\u00f3mo la autodestrucci\u00f3n a la que la llevaron los c\u00e1nones y la industria apagaron la voz de una chica que a lo largo de su vida solo dese\u00f3 ser amada. Los aplausos se contrapon\u00edan al consumo problem\u00e1tico de drogas duras como la hero\u00edna. Detr\u00e1s de esas boas, toneladas de metal y grandes gafas de sol, se escond\u00eda una chica sensible. Tras ser v\u00edctima de bullying en la escuela secundaria por ser la ant\u00edtesis de las j\u00f3venes estadounidenses idealizadas en las revistas, Janis se refugi\u00f3 en la rebeld\u00eda y en proyectar una imagen de chica mala, aunque su naturaleza fuera completamente opuesta.<\/p>\n<p align=\"justify\">Sus amigos, sus compa\u00f1eros de banda en los inicios de su carrera musical y sus hermanos menores, <strong>Laura y Michael<\/strong>, recuerdan momentos alegres, pero tambi\u00e9n melanc\u00f3licos de su vida. Narran c\u00f3mo la b\u00fasqueda de amor y libertad la llev\u00f3 a recorrer el mundo persiguiendo romances y dando conciertos. Algunos de estos conciertos fueron desafortunados, marcados por su adicci\u00f3n, pero tambi\u00e9n hubo giras y presentaciones multitudinarias que quedaron grabadas en la memoria colectiva.<\/p>\n<p align=\"justify\">Con una est\u00e9tica visual hermosa que evoca las im\u00e1genes Kodak de los a\u00f1os 70 y un relato acompa\u00f1ado por <strong>Cat Power<\/strong> \u2014quien, con un tono de voz m\u00e1s suave que la protagonista, lee el material epistolar\u2014, este retrato \u00edntimo y humano nos revela la verdadera cara de la estrella.<\/p>\n<p><iframe title=\"Janis: Little Blue Girl Official Trailer 1 (2015) - Janis Joplin Documentary HD\" width=\"750\" height=\"422\" src=\"https:\/\/www.youtube.com\/embed\/F_sReugRWYI?feature=oembed\" frameborder=\"0\" allow=\"accelerometer; autoplay; clipboard-write; encrypted-media; gyroscope; picture-in-picture; web-share\" referrerpolicy=\"strict-origin-when-cross-origin\" allowfullscreen><\/iframe><\/p>\n","protected":false},"excerpt":{"rendered":"<p>Por Ignacia Guti\u00e9rrez. En los a\u00f1os 60, la escena musical del rock estaba completamente dominada por el g\u00e9nero masculino, con las mujeres relegadas a roles de pareja y acompa\u00f1amiento. A\u00f1os antes, una joven y ya incipiente artista llamada Janis Joplin irrumpir\u00eda en el escenario, dotada de una voz que simulaba un rugido \u00fanico en el rock psicod\u00e9lico. El documental, dirigido por Amy Berg, aborda las inseguridades de Janis por su aspecto f\u00edsico, su rebeld\u00eda y sus preguntas sobre el mundo. [&hellip;]<\/p>\n","protected":false},"author":12,"featured_media":112565,"comment_status":"open","ping_status":"open","sticky":false,"template":"","format":"standard","meta":{"footnotes":""},"categories":[6,3,7],"tags":[],"class_list":["post-112562","post","type-post","status-publish","format-standard","has-post-thumbnail","hentry","category-cine-y-tv","category-musica","category-pudimos-ver"],"_links":{"self":[{"href":"https:\/\/www.parlante.cl\/index.php?rest_route=\/wp\/v2\/posts\/112562","targetHints":{"allow":["GET"]}}],"collection":[{"href":"https:\/\/www.parlante.cl\/index.php?rest_route=\/wp\/v2\/posts"}],"about":[{"href":"https:\/\/www.parlante.cl\/index.php?rest_route=\/wp\/v2\/types\/post"}],"author":[{"embeddable":true,"href":"https:\/\/www.parlante.cl\/index.php?rest_route=\/wp\/v2\/users\/12"}],"replies":[{"embeddable":true,"href":"https:\/\/www.parlante.cl\/index.php?rest_route=%2Fwp%2Fv2%2Fcomments&post=112562"}],"version-history":[{"count":1,"href":"https:\/\/www.parlante.cl\/index.php?rest_route=\/wp\/v2\/posts\/112562\/revisions"}],"predecessor-version":[{"id":112566,"href":"https:\/\/www.parlante.cl\/index.php?rest_route=\/wp\/v2\/posts\/112562\/revisions\/112566"}],"wp:featuredmedia":[{"embeddable":true,"href":"https:\/\/www.parlante.cl\/index.php?rest_route=\/wp\/v2\/media\/112565"}],"wp:attachment":[{"href":"https:\/\/www.parlante.cl\/index.php?rest_route=%2Fwp%2Fv2%2Fmedia&parent=112562"}],"wp:term":[{"taxonomy":"category","embeddable":true,"href":"https:\/\/www.parlante.cl\/index.php?rest_route=%2Fwp%2Fv2%2Fcategories&post=112562"},{"taxonomy":"post_tag","embeddable":true,"href":"https:\/\/www.parlante.cl\/index.php?rest_route=%2Fwp%2Fv2%2Ftags&post=112562"}],"curies":[{"name":"wp","href":"https:\/\/api.w.org\/{rel}","templated":true}]}}