{"id":112579,"date":"2025-12-11T09:54:57","date_gmt":"2025-12-11T12:54:57","guid":{"rendered":"https:\/\/www.parlante.cl\/?p=112579"},"modified":"2025-12-11T09:55:32","modified_gmt":"2025-12-11T12:55:32","slug":"la-guitarra-flamenca-de-yerai-cortes-en-festival-in-edit-chile-2025-convenciendo-a-todos-de-todo","status":"publish","type":"post","link":"https:\/\/www.parlante.cl\/?p=112579","title":{"rendered":"\u201cLa Guitarra Flamenca de Yerai Cort\u00e9s\u201d en Festival In-Edit Chile 2025: Convenciendo a todos de todo"},"content":{"rendered":"<p>Por Francisca Neira.<\/p>\n<p align=\"justify\">La ri\u00f1a entre lo antiguo y lo moderno, la tradici\u00f3n y la innovaci\u00f3n ha copado los discursos de intelectuales y ne\u00f3fitos de todos los \u00e1mbitos y en todas las culturas desde siempre, si es que algo como esa medida de tiempo existe. Y cuando se trata de m\u00fasica esa discusi\u00f3n parece estar a flor de piel en cada intercambio de opiniones. Pero algunas veces, algunas raras veces, pasa que sale a la luz un alguien o un algo que pone en jaque a las distintas posiciones. <strong>Yerai Cort\u00e9s<\/strong>, uno de los guitarristas flamencos del momento, es uno de esos casos. O al menos as\u00ed lo expone <strong>C. Tangana<\/strong> (que en esta pasada usa su nombre real, <strong>Ant\u00f3n \u00c1lvarez<\/strong>) en el documental <strong>\u201cLa Guitarra Flamenca de Yerai Cort\u00e9s\u201d<\/strong>, su \u00f3pera prima como director que se exhibi\u00f3 un par de veces en los \u00faltimos d\u00edas en el marco de la realizaci\u00f3n de la vig\u00e9simo primera versi\u00f3n del <strong>Festival Internacional de Cine y Documental Musical, In-Edit Chile<\/strong>.<\/p>\n<p align=\"justify\">En 95 minutos entretenidos, agradables a la vista, con im\u00e1genes intencionadas, cargadas de significado y emociones, conocemos a Yerai y su entorno m\u00e1s cercano. De sus voces vamos infiriendo y luego comprobando una historia triste en la que se cruzan enga\u00f1os, coincidencias, malas decisiones, cari\u00f1os no reconocidos y muchos, muchos fracasos. Ese ambiente que se esparce y se mueve entre Alicante y Madrid es el que funciona como caldo de cultivo para el nacimiento (m\u00e1s metaf\u00f3rico que real en este texto) del guitarrista, del compositor que extra\u00f1amente es respetado tanto por los gitanos como por los \u201cmodernos\u201d, algo que en s\u00ed mismo ya es un gran logro. <\/p>\n<p align=\"center\"><img decoding=\"async\" src=\"https:\/\/64.media.tumblr.com\/9515e92bc482830e9fef0f74972a19ac\/5738201d2ff53db2-55\/s1280x1920\/17c8e28991e3f8749218818206cb6fa3622fb49d.jpg\" alt=\"null\" \/><\/p>\n<p align=\"justify\">La narraci\u00f3n de \u00c1lvarez y las cu\u00f1as que la acompa\u00f1an lo dicen, se sorprenden ambas veredas cuando lo oyen, le reconocen una identidad que amalgama ambas versiones y el mismo Yerai habla de sus dos vidas, en vez de un antes y un despu\u00e9s. Y entonces se empieza a cruzar esa premisa con la que gu\u00eda la principal narrativa de la pel\u00edcula: no solo el disco de Cort\u00e9s sino todo su trabajo gira en torno a un homenaje p\u00f3stumo a su t\u00eda que luego ser\u00eda su hermana y luego, en una rara especie de encarnaci\u00f3n m\u00edtica, su pareja. Ah\u00ed es donde nos enteramos de la historia familiar, rota por todos lados, que empujan la creaci\u00f3n de cada canci\u00f3n que compone el disco que lleva el mismo nombre que el documental. <\/p>\n<p align=\"justify\">Pero, a pesar de la importancia que adquiere todo aquello y de lo expl\u00edcito que resulta, pareciera que el verdadero relato es el que dice que para que la m\u00fasica sea honesta y convincente, debe haberse fraguado en un sentir profundo, de hecho, las voces de <strong>Remedios y Tania<\/strong>, dos generaciones, dos geograf\u00edas y dos presencias completamente distintas parecen recordar(nos) que en la creaci\u00f3n y en la vida, hay que darse la vuelta larga para llegar a destino. Nunca ser\u00eda la m\u00fasica por la m\u00fasica, porque no ser\u00eda un fin sino un camino, la ruta al entendimiento, al reencuentro a la verdad y a la redenci\u00f3n. Y entonces, solo en ese momento tan \u00fanico y complejo podr\u00eda nacer algo tan especial que convenciera a todos de todo y que, por un momento, lograra una tregua en esa ardua discusi\u00f3n entre lo viejo y lo nuevo, porque perder\u00eda el sentido. <\/p>\n<p align=\"justify\"><strong>Yerai Cort\u00e9s y Ant\u00f3n \u00c1lvarez<\/strong> entienden esa idea y le sacan punta: tanto en el disco como en la pel\u00edcula ambos se acompa\u00f1an y se hacen acompa\u00f1ar de gente joven, como ellos; y tambi\u00e9n de experimentados del canto, la guitarra y el baile flamenco. Conocen los lenguajes del arte tanto como los de las comunicaciones actuales. Y, por sobre todo, sienten. <\/p>\n<p><iframe title=\"LA GUITARRA FLAMENCA DE YERAI CORT\u00c9S - Tr\u00e1iler Oficial\" width=\"750\" height=\"422\" src=\"https:\/\/www.youtube.com\/embed\/I7FOuANrrhI?feature=oembed\" frameborder=\"0\" allow=\"accelerometer; autoplay; clipboard-write; encrypted-media; gyroscope; picture-in-picture; web-share\" referrerpolicy=\"strict-origin-when-cross-origin\" allowfullscreen><\/iframe><\/p>\n","protected":false},"excerpt":{"rendered":"<p>Por Francisca Neira. La ri\u00f1a entre lo antiguo y lo moderno, la tradici\u00f3n y la innovaci\u00f3n ha copado los discursos de intelectuales y ne\u00f3fitos de todos los \u00e1mbitos y en todas las culturas desde siempre, si es que algo como esa medida de tiempo existe. Y cuando se trata de m\u00fasica esa discusi\u00f3n parece estar a flor de piel en cada intercambio de opiniones. Pero algunas veces, algunas raras veces, pasa que sale a la luz un alguien o un [&hellip;]<\/p>\n","protected":false},"author":9,"featured_media":112580,"comment_status":"open","ping_status":"open","sticky":false,"template":"","format":"standard","meta":{"footnotes":""},"categories":[6,3],"tags":[],"class_list":["post-112579","post","type-post","status-publish","format-standard","has-post-thumbnail","hentry","category-cine-y-tv","category-musica"],"_links":{"self":[{"href":"https:\/\/www.parlante.cl\/index.php?rest_route=\/wp\/v2\/posts\/112579","targetHints":{"allow":["GET"]}}],"collection":[{"href":"https:\/\/www.parlante.cl\/index.php?rest_route=\/wp\/v2\/posts"}],"about":[{"href":"https:\/\/www.parlante.cl\/index.php?rest_route=\/wp\/v2\/types\/post"}],"author":[{"embeddable":true,"href":"https:\/\/www.parlante.cl\/index.php?rest_route=\/wp\/v2\/users\/9"}],"replies":[{"embeddable":true,"href":"https:\/\/www.parlante.cl\/index.php?rest_route=%2Fwp%2Fv2%2Fcomments&post=112579"}],"version-history":[{"count":2,"href":"https:\/\/www.parlante.cl\/index.php?rest_route=\/wp\/v2\/posts\/112579\/revisions"}],"predecessor-version":[{"id":112582,"href":"https:\/\/www.parlante.cl\/index.php?rest_route=\/wp\/v2\/posts\/112579\/revisions\/112582"}],"wp:featuredmedia":[{"embeddable":true,"href":"https:\/\/www.parlante.cl\/index.php?rest_route=\/wp\/v2\/media\/112580"}],"wp:attachment":[{"href":"https:\/\/www.parlante.cl\/index.php?rest_route=%2Fwp%2Fv2%2Fmedia&parent=112579"}],"wp:term":[{"taxonomy":"category","embeddable":true,"href":"https:\/\/www.parlante.cl\/index.php?rest_route=%2Fwp%2Fv2%2Fcategories&post=112579"},{"taxonomy":"post_tag","embeddable":true,"href":"https:\/\/www.parlante.cl\/index.php?rest_route=%2Fwp%2Fv2%2Ftags&post=112579"}],"curies":[{"name":"wp","href":"https:\/\/api.w.org\/{rel}","templated":true}]}}