{"id":112596,"date":"2025-12-11T15:53:25","date_gmt":"2025-12-11T18:53:25","guid":{"rendered":"https:\/\/www.parlante.cl\/?p=112596"},"modified":"2025-12-11T15:53:25","modified_gmt":"2025-12-11T18:53:25","slug":"impredecible-comedia-chilena-los-people-in-the-dragon-llega-a-netflix","status":"publish","type":"post","link":"https:\/\/www.parlante.cl\/?p=112596","title":{"rendered":"Impredecible comedia chilena \u201cLos People in the Dragon\u201d llega a Netflix"},"content":{"rendered":"<p align=\"justify\"><strong>Una gran noticia llega para los fan\u00e1ticos de la comedia, la m\u00fasica y el cine chileno. Una pel\u00edcula que tuvo gran \u00e9xito en nuestro pa\u00eds, \u201cLOS PEOPLE IN THE DRAGON\u201d, llega a la plataforma Netflix este viernes 12 de diciembre luego de su paso por salas nacionales.<\/strong><\/p>\n<p align=\"justify\">\u201cLOS PEOPLE IN THE DRAGON\u201d es dirigida por Pablo Greene y escrita junto a Claudia Huaiquimilla (la dupla detr\u00e1s de \u201cMala Junta\u201d y \u201cMis hermanos sue\u00f1an despiertos\u201d), y tiene un reparto encabezado por Catalina Saavedra (\u201cLa Nana\u201d), Jos\u00e9 Antonio Raffo (\u201cPerdona Nuestros Pecados\u201d), Abel Zicavo (ex \u201cMoral Distra\u00edda\u201d), Jose Nast (\u201cLa reina de Franklin\u201d), Felipe Rojas (\u201cLos Casablanca\u201d), y la reconocida actriz Anita Reeves, adem\u00e1s de participaciones especiales de Claudio Arredondo, Francisco P\u00e9rez-Bannen, Javiera Parra, Manuel Garc\u00eda y Alfredo Lewin.<\/p>\n<p align=\"justify\">La producci\u00f3n, premiada en el 36\u00ba Festival Internacional de Cine de Vi\u00f1a del Mar, fue muy aplaudida por la cr\u00edtica nacional, por lo que los espectadores tienen un panorama imperdible para disfrutar en familia desde este fin de semana.<\/p>\n<p align=\"justify\">La historia aborda a \u201cLos PEOPLE IN THE DRAGON\u201d, una banda considerada como la gran promesa del rock chileno\u2026 hasta que los azota la tragedia. A un d\u00eda de debutar en el Festival de Vi\u00f1a del Mar, su vocalista \u00c1lvaro (Jos\u00e9 Antonio Raffo) muere inesperadamente. Diez a\u00f1os despu\u00e9s, su ex m\u00e1nager Maca (Catalina Saavedra) intenta revivir a la banda para hacer sonar la \u00faltima canci\u00f3n que escribi\u00f3 su l\u00edder y alcanzar el sue\u00f1o de vivir de la m\u00fasica. <\/p>\n<p align=\"justify\">&#8220;En estas estresantes semanas de fin de a\u00f1o, qu\u00e9 mejor que tomarse una pausa para re\u00edrse y emocionarse con una comedia nacional, que trata de c\u00f3mo los chilenos usamos la risa para superar las desgracias, y de lo porfiado que somos cuando tenemos un sue\u00f1o por delante\u201d, dice el director Pablo Greene. El soundtrack de la cinta tiene 15 canciones originales, entre las que destacan \u201cQueso y Jamon\u00e1\u201d y  \u201cYo Nunca Aprend\u00ed a Atarme los Cordones\u201d, todas compuestas por los hermanos Zicavo (ex Moral Distra\u00edda, hoy en banda Plumas) y est\u00e1n disponibles en las plataformas digitales.<\/p>\n<p><iframe title=\"Tr\u00e1iler Oficial LOS PEOPLE IN THE DRAGON | 5 de Junio En Cines\" width=\"750\" height=\"422\" src=\"https:\/\/www.youtube.com\/embed\/dYdynanHjB0?feature=oembed\" frameborder=\"0\" allow=\"accelerometer; autoplay; clipboard-write; encrypted-media; gyroscope; picture-in-picture; web-share\" referrerpolicy=\"strict-origin-when-cross-origin\" allowfullscreen><\/iframe><\/p>\n<p align=\"justify\"><strong>Ficha t\u00e9cnica<br \/>\nDirecci\u00f3n: Pablo Greene<br \/>\nProducci\u00f3n: Claudia Huaiquimilla, Guillermo Migrik<br \/>\nCasas productoras: Lanza Verde y Tercermundo<br \/>\nGui\u00f3n: Pablo Greene, Claudia Huaiquimilla<br \/>\nDirecci\u00f3n de fotograf\u00eda: Guillermo Ribbeck<br \/>\nDirectora de Arte: Karla Molina<br \/>\nM\u00fasica Original: Abel Zicavo, Camilo Zicavo.<\/p>\n<p align=\"justify\">Elenco: Catalina Saavedra (Maca), Jos\u00e9 Antonio Raffo (\u00c1lvaro San Mart\u00edn), Abel Zicavo (Charqui), Jose Nast (Juana), Mario Ocampo (Joel), Camilo Zicavo (Pichi), Juan Anania(Coke), Anita Reeves (C\u00e1ndida), Felipe Rojas (Nacho), Colomba Feito (Paola Margarita Jos\u00e9), Claudio Arredondo (Claudio Elizondo), Francisco P\u00e9rez Bannen (Francisco J\u00e9rez Allen), entre otros.<br \/>\nProyecto financiado por el Fondo de Fomento Audiovisual, Convocatoria 2021.<br \/>\nGanador del Premio Banco Estado Distribuci\u00f3n 2024.<br \/>\nEstrenos en RED 2024 de la Red Salas Independientes de Cine Chile, para su distribuci\u00f3n de norte a sur del pa\u00eds. <\/strong><\/p>\n","protected":false},"excerpt":{"rendered":"<p>Una gran noticia llega para los fan\u00e1ticos de la comedia, la m\u00fasica y el cine chileno. Una pel\u00edcula que tuvo gran \u00e9xito en nuestro pa\u00eds, \u201cLOS PEOPLE IN THE DRAGON\u201d, llega a la plataforma Netflix este viernes 12 de diciembre luego de su paso por salas nacionales. \u201cLOS PEOPLE IN THE DRAGON\u201d es dirigida por Pablo Greene y escrita junto a Claudia Huaiquimilla (la dupla detr\u00e1s de \u201cMala Junta\u201d y \u201cMis hermanos sue\u00f1an despiertos\u201d), y tiene un reparto encabezado por [&hellip;]<\/p>\n","protected":false},"author":9,"featured_media":112597,"comment_status":"open","ping_status":"open","sticky":false,"template":"","format":"standard","meta":{"footnotes":""},"categories":[8,6],"tags":[],"class_list":["post-112596","post","type-post","status-publish","format-standard","has-post-thumbnail","hentry","category-cartelera","category-cine-y-tv"],"_links":{"self":[{"href":"https:\/\/www.parlante.cl\/index.php?rest_route=\/wp\/v2\/posts\/112596","targetHints":{"allow":["GET"]}}],"collection":[{"href":"https:\/\/www.parlante.cl\/index.php?rest_route=\/wp\/v2\/posts"}],"about":[{"href":"https:\/\/www.parlante.cl\/index.php?rest_route=\/wp\/v2\/types\/post"}],"author":[{"embeddable":true,"href":"https:\/\/www.parlante.cl\/index.php?rest_route=\/wp\/v2\/users\/9"}],"replies":[{"embeddable":true,"href":"https:\/\/www.parlante.cl\/index.php?rest_route=%2Fwp%2Fv2%2Fcomments&post=112596"}],"version-history":[{"count":1,"href":"https:\/\/www.parlante.cl\/index.php?rest_route=\/wp\/v2\/posts\/112596\/revisions"}],"predecessor-version":[{"id":112598,"href":"https:\/\/www.parlante.cl\/index.php?rest_route=\/wp\/v2\/posts\/112596\/revisions\/112598"}],"wp:featuredmedia":[{"embeddable":true,"href":"https:\/\/www.parlante.cl\/index.php?rest_route=\/wp\/v2\/media\/112597"}],"wp:attachment":[{"href":"https:\/\/www.parlante.cl\/index.php?rest_route=%2Fwp%2Fv2%2Fmedia&parent=112596"}],"wp:term":[{"taxonomy":"category","embeddable":true,"href":"https:\/\/www.parlante.cl\/index.php?rest_route=%2Fwp%2Fv2%2Fcategories&post=112596"},{"taxonomy":"post_tag","embeddable":true,"href":"https:\/\/www.parlante.cl\/index.php?rest_route=%2Fwp%2Fv2%2Ftags&post=112596"}],"curies":[{"name":"wp","href":"https:\/\/api.w.org\/{rel}","templated":true}]}}