{"id":112599,"date":"2025-12-12T13:46:11","date_gmt":"2025-12-12T16:46:11","guid":{"rendered":"https:\/\/www.parlante.cl\/?p=112599"},"modified":"2025-12-12T13:46:11","modified_gmt":"2025-12-12T16:46:11","slug":"one-to-one-john-and-yoko-en-festival-in-edit-chile-2025-una-historia-intima-nunca-antes-contada","status":"publish","type":"post","link":"https:\/\/www.parlante.cl\/?p=112599","title":{"rendered":"&#8220;One to One: John and Yoko&#8221; en Festival In-Edit Chile 2025: Una historia \u00edntima nunca antes contada"},"content":{"rendered":"<p>Por Ignacia Gut\u00ederrez.<\/p>\n<p align=\"justify\"><strong>Kevin Macdonald<\/strong>, director del documental, nos sit\u00faa en la televisi\u00f3n de los a\u00f1os 70 a trav\u00e9s de grabaciones telef\u00f3nicas (interceptadas por el FBI) para narrar las vidas cruzadas de John y Yoko a lo largo de un a\u00f1o. Activismo pol\u00edtico, protestas y los problemas de su vida en Estados Unidos, enfrentados a las amenazas de deportaci\u00f3n por parte del gobierno de Nixon, son algunos de los momentos \u00e1lgidos e \u00edntimos que se exponen en este perfil de Lennon. Esta etapa culmina con la realizaci\u00f3n de su primer concierto solista en vivo tras la separaci\u00f3n de <strong>The Beatles<\/strong>, titulado <strong>One to One<\/strong>.<\/p>\n<p align=\"justify\">El documental comienza en agosto de 1971, cuando John y Yoko se mudaron de Londres a Nueva York. Pasaron dieciocho meses viviendo en un peque\u00f1o apartamento en West Village. El registro audiovisual muestra c\u00f3mo Lennon disfrutaba de la ciudad, apareciendo en programas de entrevistas mientras lidiaba con su vida despu\u00e9s de ser parte de una de las bandas m\u00e1s fundamentales de la historia del rock. Un Lennon adicto a la televisi\u00f3n, columna vertebral de la est\u00e9tica del documental, se contrapone con la contracultura y la vanguardia que propon\u00eda la pareja m\u00e1s problem\u00e1tica de la \u00e9poca, quienes, a su vez, amaban descansar en su cama.<\/p>\n<p><img decoding=\"async\" src=\"https:\/\/64.media.tumblr.com\/127dce1ac97ed2c7fe873674fbb41dc3\/3abd210632c6f494-89\/s1280x1920\/7a31b86d224039fa4121272aead313a7f55e725f.jpg\" alt=\"null\" \/><\/p>\n<p align=\"justify\">Macdonald logra reconstruir el apartamento, que por momentos se nos muestra como un vestigio de una \u00e9poca, desocupado y como el lugar donde alguna vez habit\u00f3 una pareja. El director pone \u00e9nfasis en el camino hacia la realizaci\u00f3n de los conciertos ben\u00e9ficos que Lennon ofreci\u00f3 en el <strong>Madison Square Garden con la Plastic Ono Elephant&#8217;s Memory Band<\/strong> el 30 de agosto de 1972. Este ser\u00eda el \u00faltimo concierto de larga duraci\u00f3n del artista.<\/p>\n<p align=\"justify\">Gracias a una remasterizaci\u00f3n de la m\u00fasica realizada especialmente para esta visualizaci\u00f3n, vemos interpretaciones magn\u00edficas como <strong>&#8220;Imagine&#8221;<\/strong> hacia el final de la pel\u00edcula. Tambi\u00e9n se retratan momentos importantes de la historia en los que Lennon fue part\u00edcipe: la reelecci\u00f3n de Nixon, el levantamiento de la prisi\u00f3n de Attica, la aparici\u00f3n de <strong>Jerry Rubin en &#8220;Phil Donahue&#8221;<\/strong>, un anuncio de <strong>Ragu<\/strong>, el tiroteo de <strong>George Wallace<\/strong> y el regreso del exilio de <strong>Charlie Chaplin<\/strong>. A esto se le suma la vida m\u00e1s personal de Ono, quien ya se encontraba separada de su hija, <strong>Kyoko<\/strong>. La pel\u00edcula muestra la vulnerabilidad de esta poderosa estrella de rock \u2014que se transform\u00f3 de un brit\u00e1nico purista a un neoyorquino rebelde\u2014 al amar ver televisi\u00f3n.<\/p>\n<p><iframe title=\"One to One: John &amp; Yoko - Official Trailer | Exclusively in IMAX April 11 | John Lennon, Yoko Ono\" width=\"750\" height=\"422\" src=\"https:\/\/www.youtube.com\/embed\/oxagfYjeMV4?feature=oembed\" frameborder=\"0\" allow=\"accelerometer; autoplay; clipboard-write; encrypted-media; gyroscope; picture-in-picture; web-share\" referrerpolicy=\"strict-origin-when-cross-origin\" allowfullscreen><\/iframe><\/p>\n","protected":false},"excerpt":{"rendered":"<p>Por Ignacia Gut\u00ederrez. Kevin Macdonald, director del documental, nos sit\u00faa en la televisi\u00f3n de los a\u00f1os 70 a trav\u00e9s de grabaciones telef\u00f3nicas (interceptadas por el FBI) para narrar las vidas cruzadas de John y Yoko a lo largo de un a\u00f1o. Activismo pol\u00edtico, protestas y los problemas de su vida en Estados Unidos, enfrentados a las amenazas de deportaci\u00f3n por parte del gobierno de Nixon, son algunos de los momentos \u00e1lgidos e \u00edntimos que se exponen en este perfil de [&hellip;]<\/p>\n","protected":false},"author":12,"featured_media":112600,"comment_status":"open","ping_status":"open","sticky":false,"template":"","format":"standard","meta":{"footnotes":""},"categories":[6,3,7],"tags":[],"class_list":["post-112599","post","type-post","status-publish","format-standard","has-post-thumbnail","hentry","category-cine-y-tv","category-musica","category-pudimos-ver"],"_links":{"self":[{"href":"https:\/\/www.parlante.cl\/index.php?rest_route=\/wp\/v2\/posts\/112599","targetHints":{"allow":["GET"]}}],"collection":[{"href":"https:\/\/www.parlante.cl\/index.php?rest_route=\/wp\/v2\/posts"}],"about":[{"href":"https:\/\/www.parlante.cl\/index.php?rest_route=\/wp\/v2\/types\/post"}],"author":[{"embeddable":true,"href":"https:\/\/www.parlante.cl\/index.php?rest_route=\/wp\/v2\/users\/12"}],"replies":[{"embeddable":true,"href":"https:\/\/www.parlante.cl\/index.php?rest_route=%2Fwp%2Fv2%2Fcomments&post=112599"}],"version-history":[{"count":1,"href":"https:\/\/www.parlante.cl\/index.php?rest_route=\/wp\/v2\/posts\/112599\/revisions"}],"predecessor-version":[{"id":112601,"href":"https:\/\/www.parlante.cl\/index.php?rest_route=\/wp\/v2\/posts\/112599\/revisions\/112601"}],"wp:featuredmedia":[{"embeddable":true,"href":"https:\/\/www.parlante.cl\/index.php?rest_route=\/wp\/v2\/media\/112600"}],"wp:attachment":[{"href":"https:\/\/www.parlante.cl\/index.php?rest_route=%2Fwp%2Fv2%2Fmedia&parent=112599"}],"wp:term":[{"taxonomy":"category","embeddable":true,"href":"https:\/\/www.parlante.cl\/index.php?rest_route=%2Fwp%2Fv2%2Fcategories&post=112599"},{"taxonomy":"post_tag","embeddable":true,"href":"https:\/\/www.parlante.cl\/index.php?rest_route=%2Fwp%2Fv2%2Ftags&post=112599"}],"curies":[{"name":"wp","href":"https:\/\/api.w.org\/{rel}","templated":true}]}}