{"id":112610,"date":"2025-12-12T17:03:11","date_gmt":"2025-12-12T20:03:11","guid":{"rendered":"https:\/\/www.parlante.cl\/?p=112610"},"modified":"2026-01-15T17:23:53","modified_gmt":"2026-01-15T20:23:53","slug":"para-vivir-el-implacable-tiempo-de-pablo-milanes-en-festival-in-edit-chile-2025-mucho-mas-que-una-semblanza","status":"publish","type":"post","link":"https:\/\/www.parlante.cl\/?p=112610","title":{"rendered":"\u201cPara Vivir: El Implacable Tiempo de Pablo Milan\u00e9s\u201d en Festival In-Edit Chile 2025: Mucho m\u00e1s que una semblanza"},"content":{"rendered":"<p>Por Francisca Neira.<\/p>\n<p align=\"justify\">Hay m\u00fasicos a los que es f\u00e1cil conocer a trav\u00e9s de su obra. Sus letras y melod\u00edas les exponen de manera tan transparente que intuir sus historias resulta casi natural. Hay otros, en cambio, que parecen ser un libro abierto, pero que resultan ser mucho m\u00e1s de lo evidente. Es la sensaci\u00f3n que deja el documental <strong>\u201cPara Vivir: El implacable Tiempo de Pablo Milan\u00e9s\u201d<\/strong> tra\u00eddo a Chile como parte de la cartelera de <strong>In-Edit 2025<\/strong> y dirigido por <strong>Fabien Pisani<\/strong>, uno de los 9 hijos del cantautor cubano que nos muestra una conversaci\u00f3n \u00edntima con su padre en tiempos cercanos a sus \u00faltimos d\u00edas de vida.<\/p>\n<p align=\"justify\">El principal hilo conductor de la pel\u00edcula es simple, nos cuenta la historia de vida de Milan\u00e9s, desde su ni\u00f1ez en la pobreza hasta la devoci\u00f3n de su madre que, desde que \u00e9l era muy peque\u00f1o, tom\u00f3 las decisiones necesarias para convertirlo en un artista. Luego, sus inicios en el mundo de los escenarios, sus primeras presentaciones, sus amores, sus hijos, sus amistades y, tristemente, sus enfermedades y la lejan\u00eda de su tierra natal. Las voces de las mujeres que fueron sus esposas van construyendo el relato de un hombre apasionado, leal y movilizado por el amor y la familia. El amor fraterno, ese que a veces parece ausente en nuestros tiempos, permiti\u00f3 el contacto permanente de Pablo con ellas y fue el cimiento de una gran familia de 9 hijos. A todos ellos y, sobre todo, a todas ellas, les cant\u00f3.<\/p>\n<p align=\"center\"><img decoding=\"async\" src=\"https:\/\/64.media.tumblr.com\/bd5bb7ca5ecdb68ed4232c07d124e534\/9ec32c3f49becc32-f9\/s2048x3072\/4fa14519796b9c545891152617bedf3fd24bea77.jpg\" alt=\"null\" \/><\/p>\n<p align=\"justify\">Al mismo tiempo, el relato de amigos y colegas (<strong>Silvio Rodr\u00edguez, Fito P\u00e1ez, Joaqu\u00edn Sabina<\/strong>, entre otros), dibujan la figura de un cantautor sensible no solo a sus experiencias personales sino tambi\u00e9n a las colectivas porque <strong>Pablo Milan\u00e9s<\/strong> fue uno de los fundadores de la <strong>Nueva Trova Cubana<\/strong> y su influencia trascendi\u00f3 los ribetes de la isla. No obstante, y aqu\u00ed es donde en el documental se complejiza, pese a considerarse a s\u00ed mismo un revolucionario y de apoyar ideol\u00f3gicamente ese movimiento, Milan\u00e9s fue enga\u00f1ado, apresado por el r\u00e9gimen y llevado a un campo de trabajos forzados, lo que no aminor\u00f3 sus convicciones pol\u00edticas ni el apoyo al ideario revolucionario, pero s\u00ed aliment\u00f3 una mirada cr\u00edtica de la ejecuci\u00f3n de las pol\u00edticas en su Cuba natal, discurso que tambi\u00e9n se vislumbra en los relatos de varios compatriotas en el filme.<\/p>\n<p align=\"justify\">Y como si todo eso fuera poco, una tercera l\u00ednea narrativa se enfoca en la necesidad del cubano de retornar a la isla desde Madrid, lugar en el que vivi\u00f3 sus \u00faltimos a\u00f1os debido a la ausencia del tratamiento en su pa\u00eds de origen que su salud necesitaba. <em>\u201cMango y mamey\u201d<\/em> dice Pablo que es lo \u00fanico que se necesita para ser feliz, anhelando el retorno y, de alguna manera, la redenci\u00f3n y el reencuentro. As\u00ed, el documental se convierte no solo en un homenaje de un hijo a su padre ni tampoco solamente en una semblanza del cantautor, sino que gira hacia intrincada red de conexiones culturales, identitarias, ideol\u00f3gicas, sentimentales e hist\u00f3ricas que no parecen ser tan conocidas ni volverse tan evidentes al escuchar la m\u00fasica de Milan\u00e9s. <\/p>\n<p align=\"justify\">Sorpresa, quiz\u00e1, ser\u00eda la sensaci\u00f3n que predomina al salir de la sala. Pese al amplio reconocimiento que el cantautor ha recibido en toda Latinoam\u00e9rica, muchas cosas quedan a\u00fan por conocer de \u00e9l, pero sobre todo, que entender de la complejidad de su arte que es lo que lo llev\u00f3 a trascender m\u00e1s all\u00e1 de su presencia f\u00edsica a trav\u00e9s de su legado.<\/p>\n<p><iframe title=\"Para vivir : el implacable tiempo de Pablo Milan\u00e9s (teaser)\" width=\"750\" height=\"422\" src=\"https:\/\/www.youtube.com\/embed\/JWSDWpYEOrY?feature=oembed\" frameborder=\"0\" allow=\"accelerometer; autoplay; clipboard-write; encrypted-media; gyroscope; picture-in-picture; web-share\" referrerpolicy=\"strict-origin-when-cross-origin\" allowfullscreen><\/iframe><\/p>\n","protected":false},"excerpt":{"rendered":"<p>Por Francisca Neira. Hay m\u00fasicos a los que es f\u00e1cil conocer a trav\u00e9s de su obra. Sus letras y melod\u00edas les exponen de manera tan transparente que intuir sus historias resulta casi natural. Hay otros, en cambio, que parecen ser un libro abierto, pero que resultan ser mucho m\u00e1s de lo evidente. Es la sensaci\u00f3n que deja el documental \u201cPara Vivir: El implacable Tiempo de Pablo Milan\u00e9s\u201d tra\u00eddo a Chile como parte de la cartelera de In-Edit 2025 y dirigido [&hellip;]<\/p>\n","protected":false},"author":9,"featured_media":112611,"comment_status":"open","ping_status":"open","sticky":false,"template":"","format":"standard","meta":{"footnotes":""},"categories":[6,3,7],"tags":[],"class_list":["post-112610","post","type-post","status-publish","format-standard","has-post-thumbnail","hentry","category-cine-y-tv","category-musica","category-pudimos-ver"],"_links":{"self":[{"href":"https:\/\/www.parlante.cl\/index.php?rest_route=\/wp\/v2\/posts\/112610","targetHints":{"allow":["GET"]}}],"collection":[{"href":"https:\/\/www.parlante.cl\/index.php?rest_route=\/wp\/v2\/posts"}],"about":[{"href":"https:\/\/www.parlante.cl\/index.php?rest_route=\/wp\/v2\/types\/post"}],"author":[{"embeddable":true,"href":"https:\/\/www.parlante.cl\/index.php?rest_route=\/wp\/v2\/users\/9"}],"replies":[{"embeddable":true,"href":"https:\/\/www.parlante.cl\/index.php?rest_route=%2Fwp%2Fv2%2Fcomments&post=112610"}],"version-history":[{"count":3,"href":"https:\/\/www.parlante.cl\/index.php?rest_route=\/wp\/v2\/posts\/112610\/revisions"}],"predecessor-version":[{"id":112614,"href":"https:\/\/www.parlante.cl\/index.php?rest_route=\/wp\/v2\/posts\/112610\/revisions\/112614"}],"wp:featuredmedia":[{"embeddable":true,"href":"https:\/\/www.parlante.cl\/index.php?rest_route=\/wp\/v2\/media\/112611"}],"wp:attachment":[{"href":"https:\/\/www.parlante.cl\/index.php?rest_route=%2Fwp%2Fv2%2Fmedia&parent=112610"}],"wp:term":[{"taxonomy":"category","embeddable":true,"href":"https:\/\/www.parlante.cl\/index.php?rest_route=%2Fwp%2Fv2%2Fcategories&post=112610"},{"taxonomy":"post_tag","embeddable":true,"href":"https:\/\/www.parlante.cl\/index.php?rest_route=%2Fwp%2Fv2%2Ftags&post=112610"}],"curies":[{"name":"wp","href":"https:\/\/api.w.org\/{rel}","templated":true}]}}