{"id":112615,"date":"2025-12-12T17:12:18","date_gmt":"2025-12-12T20:12:18","guid":{"rendered":"https:\/\/www.parlante.cl\/?p=112615"},"modified":"2025-12-12T17:12:18","modified_gmt":"2025-12-12T20:12:18","slug":"little-richard-i-am-everything-en-festival-in-edit-chile-2025-lo-personal-es-politico","status":"publish","type":"post","link":"https:\/\/www.parlante.cl\/?p=112615","title":{"rendered":"\u201cLittle Richard: I Am Everything\u201d en Festival In-Edit Chile 2025: Lo personal es pol\u00edtico"},"content":{"rendered":"<p>Por Francisca Neira.<\/p>\n<p align=\"justify\">En tiempos en que muchos m\u00fasicos prefieren el silencio ante un panorama pol\u00edtico convulso y en que tambi\u00e9n parte de la audiencia reclama ante cualquier intento de politizaci\u00f3n de espacios p\u00fablicos, como las redes sociales, recordar y enaltecer la figura de artistas, especialmente m\u00fasicos, que han roto los esquemas y abierto caminos para los que siguen parece un imperativo. <strong>Richard Wayne Penniman<\/strong>, m\u00e1s conocido como <strong>Little Richard<\/strong>, es una de esas figuras que marcaron de tal manera la historia del rock que nada volvi\u00f3 a ser igual despu\u00e9s de su existencia y eso, precisamente, es lo que se destaca en el documental <strong>\u201cLittle Richard: I Am Everything\u201d<\/strong>, de la directora <strong>Lisa Cort\u00e9s<\/strong>, que se exhibi\u00f3 durante la semana como parte de la cartelera ofrecida por el festival In-Edit 2025.<\/p>\n<p align=\"justify\">La pel\u00edcula, como es de esperar, muestra c\u00f3mo el <strong>\u201cArquitecto del rock and roll\u201d<\/strong> dio forma inicial a este g\u00e9nero a trav\u00e9s de la fusi\u00f3n de distintos estilos que escuch\u00f3 desde su ni\u00f1ez en la sure\u00f1a Georgia, pero r\u00e1pidamente da un giro hacia lo que parece ser realmente importante: esa creaci\u00f3n, esa amalgama de sonidos no era m\u00e1s que un reflejo del proceso interno del m\u00fasico en la b\u00fasqueda (o definici\u00f3n) de su propia identidad (contradictoria a ratos) marcada por la raza y la orientaci\u00f3n sexual. <\/p>\n<p align=\"center\"><img decoding=\"async\" src=\"https:\/\/64.media.tumblr.com\/e8345b9c1042f617cb2c0aefedf8387a\/f04e893bbc07ef7d-5e\/s1280x1920\/cfe4844b465abe40f3d7863fec965435433f25a4.jpg\" alt=\"null\" \/><\/p>\n<p align=\"justify\">Desde la no aceptaci\u00f3n total de la \u201cm\u00fasica negra\u201d por parte de la industria, que \u201cblanque\u00f3\u201d muchas de las canciones emblem\u00e1ticas de la \u00e9poca, privando incluso de las ganancias a sus autores; hasta el aprovechamiento de la laxitud moral de la bohemia que vio nacer a la <strong>Princesa LaVonne<\/strong>, el personaje que le abri\u00f3 los primeros escenarios y que marc\u00f3 la actitud que predominar\u00eda de ah\u00ed en adelante en su carrera, la vida de <strong>Little Richard<\/strong> estuvo marcada por un permanente enfrentamiento a lo que se enaltec\u00eda como lo establecido o, peor a\u00fan, lo \u201cnormal\u201d. Vemos en la pantalla c\u00f3mo ese ser \u201cel otro\u201d se convierte en el d\u00eda a d\u00eda de un artista que no pod\u00eda encontrarse a s\u00ed mismo y que en varios momentos de su vida fue considerado err\u00e1tico e inconsecuente, que sobre el escenario llamaba a la libertad y arder en la esencia personal, pero que, fuera de \u00e9l conden\u00f3 a la homosexualidad y lleg\u00f3 a quemar sus propios discos.<\/p>\n<p align=\"justify\">Pese a todo, esa lucha interna con la que cargo cada d\u00eda de su vida y por la que muchos se sintieron traicionados, era precisamente lo que alimentaba una m\u00e1quina rupturista de creaciones e inspiraci\u00f3n que no hasta el d\u00eda de hoy no ha desaparecido. Pareciera que Cort\u00e9s busca, en este trabajo, reivindicar a una figura a veces vilipendiada y, ciertamente, abandonada por el mainstream; pero que forj\u00f3 sin dudas el car\u00e1cter propio del rock and roll, algo que, en estos d\u00edas, muchos parecen haber olvidado: que m\u00e1s all\u00e1 de c\u00f3mo suene la m\u00fasica, el rock es una actitud, una forma de ser que no complace, que se equivoca y que inevitablemente abarca todas las aristas del ser humano. Incluso la pol\u00edtica, porque sabemos que, hoy m\u00e1s que nunca, lo personal tambi\u00e9n es pol\u00edtico.<\/p>\n<p><iframe title=\"Little Richard: I Am Everything Trailer #1 (2023)\" width=\"750\" height=\"422\" src=\"https:\/\/www.youtube.com\/embed\/Dn1jmNh4bvw?feature=oembed\" frameborder=\"0\" allow=\"accelerometer; autoplay; clipboard-write; encrypted-media; gyroscope; picture-in-picture; web-share\" referrerpolicy=\"strict-origin-when-cross-origin\" allowfullscreen><\/iframe><\/p>\n","protected":false},"excerpt":{"rendered":"<p>Por Francisca Neira. En tiempos en que muchos m\u00fasicos prefieren el silencio ante un panorama pol\u00edtico convulso y en que tambi\u00e9n parte de la audiencia reclama ante cualquier intento de politizaci\u00f3n de espacios p\u00fablicos, como las redes sociales, recordar y enaltecer la figura de artistas, especialmente m\u00fasicos, que han roto los esquemas y abierto caminos para los que siguen parece un imperativo. Richard Wayne Penniman, m\u00e1s conocido como Little Richard, es una de esas figuras que marcaron de tal manera [&hellip;]<\/p>\n","protected":false},"author":9,"featured_media":112616,"comment_status":"open","ping_status":"open","sticky":false,"template":"","format":"standard","meta":{"footnotes":""},"categories":[6,3,7],"tags":[],"class_list":["post-112615","post","type-post","status-publish","format-standard","has-post-thumbnail","hentry","category-cine-y-tv","category-musica","category-pudimos-ver"],"_links":{"self":[{"href":"https:\/\/www.parlante.cl\/index.php?rest_route=\/wp\/v2\/posts\/112615","targetHints":{"allow":["GET"]}}],"collection":[{"href":"https:\/\/www.parlante.cl\/index.php?rest_route=\/wp\/v2\/posts"}],"about":[{"href":"https:\/\/www.parlante.cl\/index.php?rest_route=\/wp\/v2\/types\/post"}],"author":[{"embeddable":true,"href":"https:\/\/www.parlante.cl\/index.php?rest_route=\/wp\/v2\/users\/9"}],"replies":[{"embeddable":true,"href":"https:\/\/www.parlante.cl\/index.php?rest_route=%2Fwp%2Fv2%2Fcomments&post=112615"}],"version-history":[{"count":1,"href":"https:\/\/www.parlante.cl\/index.php?rest_route=\/wp\/v2\/posts\/112615\/revisions"}],"predecessor-version":[{"id":112617,"href":"https:\/\/www.parlante.cl\/index.php?rest_route=\/wp\/v2\/posts\/112615\/revisions\/112617"}],"wp:featuredmedia":[{"embeddable":true,"href":"https:\/\/www.parlante.cl\/index.php?rest_route=\/wp\/v2\/media\/112616"}],"wp:attachment":[{"href":"https:\/\/www.parlante.cl\/index.php?rest_route=%2Fwp%2Fv2%2Fmedia&parent=112615"}],"wp:term":[{"taxonomy":"category","embeddable":true,"href":"https:\/\/www.parlante.cl\/index.php?rest_route=%2Fwp%2Fv2%2Fcategories&post=112615"},{"taxonomy":"post_tag","embeddable":true,"href":"https:\/\/www.parlante.cl\/index.php?rest_route=%2Fwp%2Fv2%2Ftags&post=112615"}],"curies":[{"name":"wp","href":"https:\/\/api.w.org\/{rel}","templated":true}]}}