{"id":112640,"date":"2025-05-19T11:24:38","date_gmt":"2025-05-19T14:24:38","guid":{"rendered":"https:\/\/www.parlante.cl\/?p=112640"},"modified":"2025-12-17T11:42:46","modified_gmt":"2025-12-17T14:42:46","slug":"lasso-anuncia-la-etapa-latinoamericana-de-su-malcriado-world-tour-18-de-diciembre-en-movistar-arena","status":"publish","type":"post","link":"https:\/\/www.parlante.cl\/?p=112640","title":{"rendered":"Lasso anuncia la etapa latinoamericana de su &#8220;Malcriado World Tour&#8221;: 18 de diciembre en Movistar Arena"},"content":{"rendered":"<p align=\"justify\"><strong>El cantautor venezolano regresa a Latinoam\u00e9rica con una gira que recorrer\u00e1 11 ciudades en diciembre.<\/p>\n<p align=\"justify\">SANTIAGO, 18 DE DICIEMBRE, MOVISTAR ARENA<\/p>\n<p align=\"justify\">Preventa Artista, martes 21 de mayo a las 10 am.<br \/>\nVenta General, jueves 22 de mayo a las 10 am<br \/>\nEntradas en Puntoticket.<\/strong><\/p>\n<p align=\"justify\">Tras un a\u00f1o de ausencia de los escenarios, Lasso -el int\u00e9rprete de hits mundiales como \u201cOjos Marrones\u201d y el fen\u00f3meno viral \u201cEn otra vida\u201d-, anuncia su llegada a Latinoam\u00e9rica como parte de su nueva gira internacional: Malcriado World Tour.<\/p>\n<p align=\"center\"><img decoding=\"async\" src=\"https:\/\/64.media.tumblr.com\/f96062af7879b3525207a055cafde2a7\/84628c2b37f8c754-94\/s1280x1920\/3de2db6a3ea988f01b35efa49fd870e01c538833.jpg\" alt=\"null\" \/><\/p>\n<p align=\"justify\">Ganador del Latin Grammy y nominado a tres Premios Gardel 2025, Lasso iniciar\u00e1 su recorrido por el continente Latinoamericano en la ciudad de Guayaquil, el 4 de diciembre, en un espect\u00e1culo energ\u00e9tico y profundamente emocional que re\u00fane lo mejor de su repertorio y los  grandes \u00e9xitos de su carrera musical. Las entradas para su concierto en Chile el pr\u00f3ximo 18 de diciembre en Movistar Arena,  estar\u00e1n disponibles a partir del 22 de mayo a las 10 am en Puntoticket, iniciando con Preventa Artista. <\/p>\n<p align=\"justify\">Tras haber mostrado un abreboca de lo que ser\u00e1 esta gira en sus impresionantes presentaciones en los Lollapalooza de Argentina y Chile y el Festival Emblema de la Ciudad de M\u00e9xico, Lasso promete un show emocionalmente potente, lleno de sorpresas, nuevos sonidos y todos los \u00e9xitos que lo han convertido en una de las voces m\u00e1s representativas del pop en espa\u00f1ol.<\/p>\n<p align=\"justify\">Lasso es un cantautor pop originario de Venezuela con una proyecci\u00f3n internacional en constante crecimiento. Ganador del Latin Grammy por \u201cOjos Marrones\u201d, ha colaborado con artistas como Sebasti\u00e1n Yatra, Danna Paola, Cami, Mau y Ricky, LAGOS, Micro TDH y Yami Safdie. Su estilo combina honestidad l\u00edrica, melod\u00edas memorables y una sensibilidad art\u00edstica que conecta con m\u00faltiples generaciones.<\/p>\n<p align=\"justify\"><strong>Fechas confirmadas en Latinoam\u00e9rica:<\/p>\n<p align=\"justify\">\ud83d\udccd 4 de diciembre \u2013 Centro de Convenciones \u2013 Guayaquil, Ecuador<br \/>\n\ud83d\udccd 5 de diciembre \u2013 Centro de Convenciones \u2013 Cuenca, Ecuador<br \/>\n\ud83d\udccd 6 de diciembre \u2013 Quorum Quito \u2013 Quito, Ecuador<br \/>\n\ud83d\udccd 10 de diciembre \u2013 Jockey Club \u2013 Chiclayo, Per\u00fa<br \/>\n\ud83d\udccd 12 de diciembre \u2013 Anfiteatro del Parque de la Exposici\u00f3n \u2013 Lima, Per\u00fa<br \/>\n\ud83d\udccd 13 de diciembre \u2013 Palacio Metropolitano Bellas Artes \u2013 Arequipa, Per\u00fa<br \/>\n\ud83d\udccd 16 de diciembre \u2013 Teatro Gran Rex \u2013 Buenos Aires, Argentina<br \/>\n\ud83d\udccd 18 de diciembre \u2013 Movistar Arena \u2013 Santiago, Chile<br \/>\n\ud83d\udccd 24 de octubre \u2013 El Pabell\u00f3n de la Fama \u2013 Santo Domingo, Rep\u00fablica Dominicana<br \/>\n\ud83d\udccd 30 de octubre \u2013 Aurora At Soho \u2013 Panam\u00e1, Panam\u00e1<\/strong><\/p>\n","protected":false},"excerpt":{"rendered":"<p>El cantautor venezolano regresa a Latinoam\u00e9rica con una gira que recorrer\u00e1 11 ciudades en diciembre. SANTIAGO, 18 DE DICIEMBRE, MOVISTAR ARENA Preventa Artista, martes 21 de mayo a las 10 am. Venta General, jueves 22 de mayo a las 10 am Entradas en Puntoticket. Tras un a\u00f1o de ausencia de los escenarios, Lasso -el int\u00e9rprete de hits mundiales como \u201cOjos Marrones\u201d y el fen\u00f3meno viral \u201cEn otra vida\u201d-, anuncia su llegada a Latinoam\u00e9rica como parte de su nueva gira internacional: [&hellip;]<\/p>\n","protected":false},"author":1,"featured_media":112641,"comment_status":"open","ping_status":"open","sticky":false,"template":"","format":"standard","meta":{"footnotes":""},"categories":[3,12],"tags":[],"class_list":["post-112640","post","type-post","status-publish","format-standard","has-post-thumbnail","hentry","category-musica","category-pronto-en-vivo"],"_links":{"self":[{"href":"https:\/\/www.parlante.cl\/index.php?rest_route=\/wp\/v2\/posts\/112640","targetHints":{"allow":["GET"]}}],"collection":[{"href":"https:\/\/www.parlante.cl\/index.php?rest_route=\/wp\/v2\/posts"}],"about":[{"href":"https:\/\/www.parlante.cl\/index.php?rest_route=\/wp\/v2\/types\/post"}],"author":[{"embeddable":true,"href":"https:\/\/www.parlante.cl\/index.php?rest_route=\/wp\/v2\/users\/1"}],"replies":[{"embeddable":true,"href":"https:\/\/www.parlante.cl\/index.php?rest_route=%2Fwp%2Fv2%2Fcomments&post=112640"}],"version-history":[{"count":1,"href":"https:\/\/www.parlante.cl\/index.php?rest_route=\/wp\/v2\/posts\/112640\/revisions"}],"predecessor-version":[{"id":112642,"href":"https:\/\/www.parlante.cl\/index.php?rest_route=\/wp\/v2\/posts\/112640\/revisions\/112642"}],"wp:featuredmedia":[{"embeddable":true,"href":"https:\/\/www.parlante.cl\/index.php?rest_route=\/wp\/v2\/media\/112641"}],"wp:attachment":[{"href":"https:\/\/www.parlante.cl\/index.php?rest_route=%2Fwp%2Fv2%2Fmedia&parent=112640"}],"wp:term":[{"taxonomy":"category","embeddable":true,"href":"https:\/\/www.parlante.cl\/index.php?rest_route=%2Fwp%2Fv2%2Fcategories&post=112640"},{"taxonomy":"post_tag","embeddable":true,"href":"https:\/\/www.parlante.cl\/index.php?rest_route=%2Fwp%2Fv2%2Ftags&post=112640"}],"curies":[{"name":"wp","href":"https:\/\/api.w.org\/{rel}","templated":true}]}}