{"id":112699,"date":"2025-05-05T14:07:59","date_gmt":"2025-05-05T17:07:59","guid":{"rendered":"https:\/\/www.parlante.cl\/?p=112699"},"modified":"2026-01-03T14:12:02","modified_gmt":"2026-01-03T17:12:02","slug":"bad-bunny-reafirma-su-poder-global-con-el-esperado-anuncio-de-su-gira-mundial-debi-tirar-mas-fotos-world-tour","status":"publish","type":"post","link":"https:\/\/www.parlante.cl\/?p=112699","title":{"rendered":"Bad Bunny reafirma su poder global con el esperado anuncio de su gira mundial \u201cDeB\u00cd TiRAR M\u00e1S FOToS World Tour\u201d"},"content":{"rendered":"<p align=\"justify\"><strong>Bad Bunny reafirma su poder global con el esperado anuncio de su gira mundial \u201cDeB\u00cd TiRAR M\u00e1S FOToS World Tour\u201d y  agenda fecha en Chile para el 5 de febrero en Estadio Nacional.<\/p>\n<p align=\"justify\">Har\u00e1 historia como el primer artista latino en presentarse en estadios a nivel mundial, incluyendo Europa y Australia y Latinoam\u00e9rica.<\/strong><\/p>\n<p align=\"justify\">FECHA EN CHILE:  5 DE FEBRERO DE 2026- ESTADIO NACIONAL<\/p>\n<p align=\"justify\">PREVENTA BANCOESTADO: DEL LUNES 12 DE MAYO A LAS 10 AM  AL MI\u00c9RCOLES 14 DE MAYO O HASTA AGOTAR STOCK  \u2013\u2013 PUNTOTICKET  (Pagando con tarjetas de cr\u00e9dito o cuenta corriente digital BancoEstado)<\/p>\n<p align=\"justify\">PREVENTA MOVISTAR: DEL MI\u00c9RCOLES 14 DE MAYO &#8211; 10 AM AL VIERNES 16 DE MAYO hasta las 09.59 AM  o al agotar stock de la preventa Banco Estado.  Accede a esta preventa solicitando c\u00f3gido en App Mi Movistar<\/p>\n<p align=\"justify\">VENTA GENERAL: VIERNES 16 DE MAYO \u2013 10 AM- PUNTO TICKET o inmediatamente despu\u00e9s de agotar la preventa BancoEstado y Movistar <\/p>\n<p align=\"center\"><img decoding=\"async\" src=\"https:\/\/64.media.tumblr.com\/72ddb3d55ab20efb4c6e5b58fa9cbdf7\/b9e2d055f8430cff-8d\/s1280x1920\/aa1aa4942d58c8049151aa4ae95fb44a3d03ffe2.pnj\" alt=\"null\" \/><\/p>\n<p align=\"justify\">Es uno de los anuncios m\u00e1s esperados del \u00faltimo tiempo. Se trata de su exitoso  DeB\u00cd TiRAR M\u00e1S FOToS World Tour que llegar\u00e1 a nuestro pa\u00eds. Benito se reencontrar\u00e1 con el p\u00fablico chileno este 5 de febrero de 2026 en Estadio Nacional.<\/p>\n<p align=\"justify\">La estrella musical llegar\u00e1 en uno de los mejores momentos de su carrera y a  cuatro a\u00f1os desde que el conejo malo visit\u00f3 Chile, en el mismo recinto de \u00d1u\u00f1oa. Y es que fue el cantante m\u00e1s escuchado del mundo en Spotify durante tres a\u00f1os consecutivos y ostenta el r\u00e9cord hist\u00f3rico de recaudaci\u00f3n en una gira con 435 millones de d\u00f3lares en un solo a\u00f1o calendario y m\u00e1s de 2,4 millones de entradas vendidas en 81 conciertos durante 2022.<\/p>\n<p align=\"justify\">Luego del \u00e9xito de su aclamado \u00e1lbum, el ganador de tres GRAMMY\u00ae y once Latin GRAMMY\u00ae, Bad Bunny anuncia oficialmente su \u201cDeB\u00cd TiRAR M\u00e1S FOToS World Tour\u201d. La gira de estadios contar\u00e1 con 23 fechas y comenzar\u00e1 el viernes, 21 de noviembre de 2025 en Santo Domingo, Rep\u00fablica Dominicana, con paradas en Costa Rica, Colombia, M\u00e9xico, Per\u00fa, Chile, Argentina, Brasil, Australia, Jap\u00f3n, Espa\u00f1a, Portugal, Alemania, Pa\u00edses Bajos, Reino Unido, Francia, Suecia, Polonia e Italia, antes de concluir en B\u00e9lgica el 22 de julio de 2026.<\/p>\n<p align=\"justify\">El \u201cDeB\u00cd TiRAR M\u00e1S FOToS World Tour\u201d dar\u00e1 vida al \u00e1lbum, sumergiendo por completo al p\u00fablico en su mundo y celebrando la esencia y cultura de las ra\u00edces puertorrique\u00f1as de Bad Bunny. Esta gira marca el regreso de Bad Bunny a Europa por primera vez desde 2019, a Latinoam\u00e9rica por primera vez desde que se convirti\u00f3 en el artista de gira m\u00e1s destacado en 2022 con su \u201cWorld\u2019s Hottest Tour,\u201d y a pa\u00edses como Australia, Brasil, Jap\u00f3n y m\u00e1s, por primera vez en su carrera.<\/p>\n<p align=\"justify\">Este anuncio de la gira llega en un momento clave en la carrera de Bad Bunny, tras el masivo \u00e9xito de su sexto \u00e1lbum de estudio. \u201cDeB\u00cd TiRAR M\u00e1S FOToS\u201d estuvo tres semanas consecutivas en el puesto #1 del Billboard 200 y contin\u00faa fuerte con 13 semanas en el Top 10. Adem\u00e1s, ha mantenido el puesto #1 en la lista Top Latin Albums de Billboard durante 16 semanas consecutivas. Bad Bunny tambi\u00e9n alcanz\u00f3 el puesto #1 en la lista Artist 100 de Billboard e hizo historia al convertirse en el primer artista latino en lograr 100 entradas en el Billboard Hot 100, consolidando a\u00fan m\u00e1s su impacto global. Su dominio continu\u00f3 cuando &#8220;DeB\u00cd TiRAR M\u00e1S FOToS&#8221; se convirti\u00f3 en el primer \u00e1lbum en espa\u00f1ol en colocar todas sus canciones en el Billboard Hot 100 durante tres semanas consecutivas.<\/p>\n<p align=\"justify\">Recientemente, Bad Bunny continu\u00f3 su racha hist\u00f3rica con un debut r\u00e9cord en el codiciado Tiny Desk de NPR, convirti\u00e9ndo en la premiere m\u00e1s vista en la historia de la serie. Tambi\u00e9n se hizo viral al ser la nueva cara de la campa\u00f1a de primavera de Calvin Klein Underwear, fotografiado por el legendario Mario Sorrenti. Mirando hacia el futuro, Bad Bunny est\u00e1 listo para cerrar la hist\u00f3rica temporada 50 de Saturday Night Live como invitado musical, junto a Scarlett Johansson, quien ser\u00e1 la anfitriona de la noche.<\/p>\n<p align=\"justify\"><strong>Venta de entradas: No te puedes perder este ic\u00f3nico show<\/p>\n<p align=\"justify\">As\u00ed es que muy atentos a la preventa BancoEstado que comienza este lunes 12 de mayo a las 10 am hasta el mi\u00e9rcoles 14 de mayo a las 09.59 am. Preventa exclusiva pagando con tarjetas de cr\u00e9dito o cuenta corriente digital BancoEstado.<\/p>\n<p align=\"justify\">En tanto, la Preventa Movistar, comienza del mi\u00e9rcoles 14 de mayo a las 10 am al viernes 16 de mayo hasta las 09.59 am o se inicia inmediatamente al agotarse la preventa Banco Estado.<\/p>\n<p align=\"justify\">La Venta General por su parte, comienza el viernes 16 de mayo a las 10 am o se iniciar\u00e1 inmediatamente al agotarse los tickets de la preventa uno y dos. Adquiere tus tickets a trav\u00e9s de Puntoticket<\/strong><\/p>\n","protected":false},"excerpt":{"rendered":"<p>Bad Bunny reafirma su poder global con el esperado anuncio de su gira mundial \u201cDeB\u00cd TiRAR M\u00e1S FOToS World Tour\u201d y agenda fecha en Chile para el 5 de febrero en Estadio Nacional. Har\u00e1 historia como el primer artista latino en presentarse en estadios a nivel mundial, incluyendo Europa y Australia y Latinoam\u00e9rica. FECHA EN CHILE: 5 DE FEBRERO DE 2026- ESTADIO NACIONAL PREVENTA BANCOESTADO: DEL LUNES 12 DE MAYO A LAS 10 AM AL MI\u00c9RCOLES 14 DE MAYO O [&hellip;]<\/p>\n","protected":false},"author":9,"featured_media":112700,"comment_status":"open","ping_status":"open","sticky":false,"template":"","format":"standard","meta":{"footnotes":""},"categories":[3,12],"tags":[],"class_list":["post-112699","post","type-post","status-publish","format-standard","has-post-thumbnail","hentry","category-musica","category-pronto-en-vivo"],"_links":{"self":[{"href":"https:\/\/www.parlante.cl\/index.php?rest_route=\/wp\/v2\/posts\/112699","targetHints":{"allow":["GET"]}}],"collection":[{"href":"https:\/\/www.parlante.cl\/index.php?rest_route=\/wp\/v2\/posts"}],"about":[{"href":"https:\/\/www.parlante.cl\/index.php?rest_route=\/wp\/v2\/types\/post"}],"author":[{"embeddable":true,"href":"https:\/\/www.parlante.cl\/index.php?rest_route=\/wp\/v2\/users\/9"}],"replies":[{"embeddable":true,"href":"https:\/\/www.parlante.cl\/index.php?rest_route=%2Fwp%2Fv2%2Fcomments&post=112699"}],"version-history":[{"count":2,"href":"https:\/\/www.parlante.cl\/index.php?rest_route=\/wp\/v2\/posts\/112699\/revisions"}],"predecessor-version":[{"id":112702,"href":"https:\/\/www.parlante.cl\/index.php?rest_route=\/wp\/v2\/posts\/112699\/revisions\/112702"}],"wp:featuredmedia":[{"embeddable":true,"href":"https:\/\/www.parlante.cl\/index.php?rest_route=\/wp\/v2\/media\/112700"}],"wp:attachment":[{"href":"https:\/\/www.parlante.cl\/index.php?rest_route=%2Fwp%2Fv2%2Fmedia&parent=112699"}],"wp:term":[{"taxonomy":"category","embeddable":true,"href":"https:\/\/www.parlante.cl\/index.php?rest_route=%2Fwp%2Fv2%2Fcategories&post=112699"},{"taxonomy":"post_tag","embeddable":true,"href":"https:\/\/www.parlante.cl\/index.php?rest_route=%2Fwp%2Fv2%2Ftags&post=112699"}],"curies":[{"name":"wp","href":"https:\/\/api.w.org\/{rel}","templated":true}]}}