{"id":112735,"date":"2025-03-17T08:54:06","date_gmt":"2025-03-17T11:54:06","guid":{"rendered":"https:\/\/www.parlante.cl\/?p=112735"},"modified":"2026-01-14T09:19:27","modified_gmt":"2026-01-14T12:19:27","slug":"avenged-sevenfold-vuelve-a-chile-con-su-gira-life-is-but-a-dream-latin-america-tour","status":"publish","type":"post","link":"https:\/\/www.parlante.cl\/?p=112735","title":{"rendered":"Avenged Sevenfold vuelve a Chile con su gira &#8220;Life is but a dream&#8230; Latin America Tour&#8221;"},"content":{"rendered":"<p align=\"justify\"><strong>SANTIAGO, 28 DE SEPTIEMBRE, MOVISTAR ARENA<\/p>\n<p align=\"justify\">Preventa Artista, 18 de marzo, 13 horas<\/p>\n<p align=\"justify\">Venta General, 19 de marzo,  13:00 horas<\/p>\n<p align=\"justify\">Entradas en Puntoticket.<\/strong><\/p>\n<p align=\"justify\">Los \u00edconos californianos del heavy metal, Avenged Sevenfold, regresan a Chile con su gira &#8220;Life is a but a dream&#8230;&#8221;. Siempre reconocibles por su sonido diverso, el impactante dise\u00f1o de sus \u00e1lbumes y sus memorables presentaciones en vivo, Avenged Sevenfold es sin duda una de las bandas de rock m\u00e1s grandes e importantes de nuestro tiempo. Su pr\u00f3xima visita a Chile est\u00e1 programada para el 28 de septiembre en el Movistar Arena y sin duda ser\u00e1 uno de los eventos m\u00e1s esperados de 2025.<\/p>\n<p align=\"center\"><img decoding=\"async\" src=\"https:\/\/64.media.tumblr.com\/d7e0d6a292a369b833fb835d29db3549\/00cb8c1b1b21a863-6d\/s1280x1920\/8ba9f1bb8edab492ab0a79cb7f009c7dd03dc5bb.jpg\" alt=\"null\" \/><\/p>\n<p align=\"justify\">Hasta la fecha, Avenged Sevenfold ha vendido m\u00e1s de 12 millones de \u00e1lbumes en todo el mundo, logrando dos \u00e1lbumes consecutivos en el n\u00famero 1 de la lista Top 200 Albums de Billboard, Nightmare en 2010 y Hail To The King en 2013. Han acumulado m\u00e1s de mil millones de visualizaciones de video y reproducciones en Spotify, adem\u00e1s de m\u00faltiples sencillos n\u00famero 1 en la radio de rock. Conocidos por sus espectaculares presentaciones en vivo, A7X ha llenado estadios, ha encabezado los festivales m\u00e1s prestigiosos del mundo y ha liderado constantemente los avances tecnol\u00f3gicos, los hitos culturales y la interacci\u00f3n innovadora con los fans. La banda, compuesta por M. Shadows, Synyster Gates, Zacky Vengeance, Johnny Christ y Brooks Wackerman, se encuentran actualmente de gira promocionando su \u00faltimo \u00e1lbum, Life Is But A Dream\u2026 y  traer\u00e1n su \u00e9pico show a Chile.<\/p>\n<p align=\"justify\"><strong>Entradas disponibles en Puntoticket.<\/p>\n<p align=\"justify\">Para acceder a la Preventa Artista del 18 de marzo, 13 horas, podr\u00e1n inscribirse en <a href=\"http:\/\/Lotuspro.cl\">Lotuspro.cl<\/a> o <a href=\"http:\/\/Puntoticket.com\">Puntoticket.com<\/a> <\/p>\n<p align=\"justify\">Venta General, 19 de marzo,  13:00 horas.<\/strong><\/p>\n","protected":false},"excerpt":{"rendered":"<p>SANTIAGO, 28 DE SEPTIEMBRE, MOVISTAR ARENA Preventa Artista, 18 de marzo, 13 horas Venta General, 19 de marzo, 13:00 horas Entradas en Puntoticket. Los \u00edconos californianos del heavy metal, Avenged Sevenfold, regresan a Chile con su gira &#8220;Life is a but a dream&#8230;&#8221;. Siempre reconocibles por su sonido diverso, el impactante dise\u00f1o de sus \u00e1lbumes y sus memorables presentaciones en vivo, Avenged Sevenfold es sin duda una de las bandas de rock m\u00e1s grandes e importantes de nuestro tiempo. Su [&hellip;]<\/p>\n","protected":false},"author":1,"featured_media":112736,"comment_status":"open","ping_status":"open","sticky":false,"template":"","format":"standard","meta":{"footnotes":""},"categories":[3,12],"tags":[],"class_list":["post-112735","post","type-post","status-publish","format-standard","has-post-thumbnail","hentry","category-musica","category-pronto-en-vivo"],"_links":{"self":[{"href":"https:\/\/www.parlante.cl\/index.php?rest_route=\/wp\/v2\/posts\/112735","targetHints":{"allow":["GET"]}}],"collection":[{"href":"https:\/\/www.parlante.cl\/index.php?rest_route=\/wp\/v2\/posts"}],"about":[{"href":"https:\/\/www.parlante.cl\/index.php?rest_route=\/wp\/v2\/types\/post"}],"author":[{"embeddable":true,"href":"https:\/\/www.parlante.cl\/index.php?rest_route=\/wp\/v2\/users\/1"}],"replies":[{"embeddable":true,"href":"https:\/\/www.parlante.cl\/index.php?rest_route=%2Fwp%2Fv2%2Fcomments&post=112735"}],"version-history":[{"count":3,"href":"https:\/\/www.parlante.cl\/index.php?rest_route=\/wp\/v2\/posts\/112735\/revisions"}],"predecessor-version":[{"id":112739,"href":"https:\/\/www.parlante.cl\/index.php?rest_route=\/wp\/v2\/posts\/112735\/revisions\/112739"}],"wp:featuredmedia":[{"embeddable":true,"href":"https:\/\/www.parlante.cl\/index.php?rest_route=\/wp\/v2\/media\/112736"}],"wp:attachment":[{"href":"https:\/\/www.parlante.cl\/index.php?rest_route=%2Fwp%2Fv2%2Fmedia&parent=112735"}],"wp:term":[{"taxonomy":"category","embeddable":true,"href":"https:\/\/www.parlante.cl\/index.php?rest_route=%2Fwp%2Fv2%2Fcategories&post=112735"},{"taxonomy":"post_tag","embeddable":true,"href":"https:\/\/www.parlante.cl\/index.php?rest_route=%2Fwp%2Fv2%2Ftags&post=112735"}],"curies":[{"name":"wp","href":"https:\/\/api.w.org\/{rel}","templated":true}]}}