{"id":112744,"date":"2026-01-14T15:46:18","date_gmt":"2026-01-14T18:46:18","guid":{"rendered":"https:\/\/www.parlante.cl\/?p=112744"},"modified":"2026-01-14T15:46:18","modified_gmt":"2026-01-14T18:46:18","slug":"racimo-lanza-videoclip-de-sobrevivir-single-de-su-proximo-album-landing","status":"publish","type":"post","link":"https:\/\/www.parlante.cl\/?p=112744","title":{"rendered":"Racimo lanza videoclip de \u2018Sobrevivir\u2019,  single de su pr\u00f3ximo \u00e1lbum \u201cLanding\u201d"},"content":{"rendered":"<p align=\"justify\">La banda chilena Racimo acaba de estrenar el primer adelanto de su pr\u00f3ximo \u00e1lbum \u201cLanding\u201d. Se trata del videoclip del single \u2018Sobrevivir\u2019, una canci\u00f3n que reflexiona sobre una experiencia cercana a la muerte y el impacto emocional que deja enfrentar ese l\u00edmite extremo.<\/p>\n<p align=\"justify\">\u201cLa letra aborda la claridad que surge tras sobrevivir, cuando las prioridades cambian y se vuelve urgente enfocarse en lo verdaderamente importante de la vida\u201d, declara la banda, una idea que fue llevada al plano audiovisual a trav\u00e9s de un relato donde el protagonista vive una situaci\u00f3n de secuestro, intercalada con escenas de la banda interpretando la canci\u00f3n. El videoclip fue realizado por Ram\u00f3n Poveda, junto a la productora Habitaci\u00f3n Insana, combinando narrativa cinematogr\u00e1fica y performance, reforzando el tono introspectivo y tenso del single.<\/p>\n<p align=\"justify\">\u2018Sobrevivir\u2019 forma parte de \u201cLanding\u201d, el cuarto \u00e1lbum de estudio de Racimo, que ver\u00e1 la luz en la tercera semana de enero de 2026 en todas las plataformas digitales. El disco cuenta con 10 canciones y se presenta como la secuela directa de \u201cFlying\u201d (2022), profundizando en una narrativa musical y conceptual de largo aliento. El \u00e1lbum fue producido y mezclado por Nicol\u00e1s Arce en AST Studios, consolidando un sonido maduro y potente, acorde a la trayectoria de la banda.<\/p>\n<p>Racimo est\u00e1 integrado por:<\/p>\n<ul>\n<li>Roy Sandoval \u2013 Voz<\/li>\n<li>Esteban Cataldo \u2013 Guitarra<\/li>\n<li>Felipe Ahumada \u2013 Bajo<\/li>\n<li>Manuel Bast\u00edas \u2013 Bater\u00eda<\/li>\n<\/ul>\n<p align=\"justify\">Con 20 a\u00f1os de trayectoria, Racimo es una de las bandas consolidadas del rock chileno, con cuatro discos editados y presentaciones tanto en Chile como en el extranjero.<\/p>\n<p><iframe title=\"RACIMO - Sobrevivir (Official Music Video)\" width=\"750\" height=\"422\" src=\"https:\/\/www.youtube.com\/embed\/4p2Vd4b8Sxg?feature=oembed\" frameborder=\"0\" allow=\"accelerometer; autoplay; clipboard-write; encrypted-media; gyroscope; picture-in-picture; web-share\" referrerpolicy=\"strict-origin-when-cross-origin\" allowfullscreen><\/iframe><\/p>\n<p>Para m\u00e1s informaci\u00f3n revisa sus redes sociales:<\/p>\n<p><a href=\"https:\/\/www.facebook.com\/racimorockoficial\">https:\/\/www.facebook.com\/racimorockoficial<\/a><\/p>\n<p><a href=\"https:\/\/www.instagram.com\/racimorock_oficial\/\">https:\/\/www.instagram.com\/racimorock_oficial\/<\/a><\/p>\n<p><a href=\"https:\/\/www.youtube.com\/@racimo8327\">https:\/\/www.youtube.com\/@racimo8327<\/a><\/p>\n","protected":false},"excerpt":{"rendered":"<p>La banda chilena Racimo acaba de estrenar el primer adelanto de su pr\u00f3ximo \u00e1lbum \u201cLanding\u201d. Se trata del videoclip del single \u2018Sobrevivir\u2019, una canci\u00f3n que reflexiona sobre una experiencia cercana a la muerte y el impacto emocional que deja enfrentar ese l\u00edmite extremo. \u201cLa letra aborda la claridad que surge tras sobrevivir, cuando las prioridades cambian y se vuelve urgente enfocarse en lo verdaderamente importante de la vida\u201d, declara la banda, una idea que fue llevada al plano audiovisual a [&hellip;]<\/p>\n","protected":false},"author":21,"featured_media":112745,"comment_status":"open","ping_status":"open","sticky":false,"template":"","format":"standard","meta":{"footnotes":""},"categories":[3],"tags":[],"class_list":["post-112744","post","type-post","status-publish","format-standard","has-post-thumbnail","hentry","category-musica"],"_links":{"self":[{"href":"https:\/\/www.parlante.cl\/index.php?rest_route=\/wp\/v2\/posts\/112744","targetHints":{"allow":["GET"]}}],"collection":[{"href":"https:\/\/www.parlante.cl\/index.php?rest_route=\/wp\/v2\/posts"}],"about":[{"href":"https:\/\/www.parlante.cl\/index.php?rest_route=\/wp\/v2\/types\/post"}],"author":[{"embeddable":true,"href":"https:\/\/www.parlante.cl\/index.php?rest_route=\/wp\/v2\/users\/21"}],"replies":[{"embeddable":true,"href":"https:\/\/www.parlante.cl\/index.php?rest_route=%2Fwp%2Fv2%2Fcomments&post=112744"}],"version-history":[{"count":1,"href":"https:\/\/www.parlante.cl\/index.php?rest_route=\/wp\/v2\/posts\/112744\/revisions"}],"predecessor-version":[{"id":112746,"href":"https:\/\/www.parlante.cl\/index.php?rest_route=\/wp\/v2\/posts\/112744\/revisions\/112746"}],"wp:featuredmedia":[{"embeddable":true,"href":"https:\/\/www.parlante.cl\/index.php?rest_route=\/wp\/v2\/media\/112745"}],"wp:attachment":[{"href":"https:\/\/www.parlante.cl\/index.php?rest_route=%2Fwp%2Fv2%2Fmedia&parent=112744"}],"wp:term":[{"taxonomy":"category","embeddable":true,"href":"https:\/\/www.parlante.cl\/index.php?rest_route=%2Fwp%2Fv2%2Fcategories&post=112744"},{"taxonomy":"post_tag","embeddable":true,"href":"https:\/\/www.parlante.cl\/index.php?rest_route=%2Fwp%2Fv2%2Ftags&post=112744"}],"curies":[{"name":"wp","href":"https:\/\/api.w.org\/{rel}","templated":true}]}}