{"id":112750,"date":"2026-01-15T09:13:06","date_gmt":"2026-01-15T12:13:06","guid":{"rendered":"https:\/\/www.parlante.cl\/?p=112750"},"modified":"2026-01-26T14:14:23","modified_gmt":"2026-01-26T17:14:23","slug":"entrevista-a-felipe-salas-de-como-asesinar-a-felipes-estamos-partiendo-el-ano-con-mucha-energia-y-lollapalooza-es-un-buen-escenario-para-comenzar-con-todo-el-2026","status":"publish","type":"post","link":"https:\/\/www.parlante.cl\/?p=112750","title":{"rendered":"Conversamos con Felipe Salas de Como Asesinar a Felipes: \u201cEstamos partiendo el a\u00f1o con mucha energ\u00eda y Lollapalooza es un gran escenario para comenzar con todo el 2026\u201d"},"content":{"rendered":"<p>Por Ignacia Guti\u00e9rrez.<\/p>\n<p align=\"justify\"><strong>Como Asesinar a Felipes (CAF)<\/strong>, el quinteto que mezcla rap experimental con jazz, rock, m\u00fasica cl\u00e1sica y electr\u00f3nica, llega el pr\u00f3ximo marzo a los escenarios de <strong>Lollapalooza Chile<\/strong> como una de las propuestas de la m\u00fasica nacional. <\/p>\n<p align=\"justify\">Original y en\u00e9rgica, la poes\u00eda r\u00edtmica experimental que muestran en sus creaciones musicales exploran temas sociales y de la existencia humana. Desde 2007, la propuesta del quinteto que se form\u00f3 cuando algunos de sus miembros estudiaban m\u00fasica, es oscura y reflexiva. <\/p>\n<p align=\"justify\">En el a\u00f1o 2020, ganaron el premio Pulsar en la categor\u00eda M\u00fasica urbana por el sobresaliente \u00e1lbum Naturaleza muerta del a\u00f1o 2019. Conversamos con <strong>Felipe Salas<\/strong>, baterista de la banda, sobre su llegada a Lollapalooza, lo que ha sido el crecimiento de la banda los \u00faltimos a\u00f1os y el pr\u00f3ximo \u00e1lbum que lanzaran este 2026. <\/p>\n<p align=\"justify\">La banda se presentar\u00e1 el d\u00eda s\u00e1bado 14 de marzo, el pr\u00f3ximo 22 de enero, estar\u00e1n encargados de telonear a la banda de m\u00fasica experimental <strong>Mr. Bungle<\/strong> en su show de Concepci\u00f3n. <\/p>\n<p align=\"justify\"><strong>Felipe, gracias por conversar con nosotros. Nuestra idea es poder conversar de lleno sobre Lollapalooza, esta nueva versi\u00f3n 2026. Sabemos que esta no es su primera vez en el festival, as\u00ed que \u00bfc\u00f3mo se tomaron como banda una nueva invitaci\u00f3n a ser parte del line up?<\/strong><\/p>\n<p align=\"justify\"><em>Primero, bueno, gracias por la invitaci\u00f3n, Parlante nos encanta y los seguimos siempre, un medio que siempre ha estado tambi\u00e9n con nosotros a lo largo de nuestra trayectoria, as\u00ed que bac\u00e1n. S\u00ed, como t\u00fa dec\u00edas, es nuestra tercera vez en Lolla y ya estamos un poco m\u00e1s, o sea, tenemos 19 a\u00f1os como banda, entonces es como un poco como la vida que las cosas te las va a ir tomando de otra forma, \u00bfCierto?<\/em><\/p>\n<p align=\"justify\"><em>Pero graciosamente me siento m\u00e1s nervioso y ansioso ahora que las primeras veces, como que cuando est\u00e1bamos empezando con la banda, m\u00e1s j\u00f3venes, m\u00e1s arrojados, no s\u00e9, ahora ya algunos tenemos familia, como que todos los pasos son m\u00e1s grandes para uno y uno quiz\u00e1s tambi\u00e9n se va poniendo m\u00e1s serio.<\/em><\/p>\n<p align=\"justify\"><em>Entonces esta vez lo de Lollapalooza siento que lo estamos tomando como con m\u00e1s ansiedad y m\u00e1s preparaci\u00f3n, estamos m\u00e1s nerviosos. Antes lleg\u00e1bamos, \u00edbamos, toc\u00e1bamos, lo pas\u00e1bamos bien. No quiere decir que ahora no lo vayamos a pasar bien, pero s\u00ed estamos como m\u00e1s ansiosos tambi\u00e9n.<\/em><\/p>\n<p align=\"justify\"><em>Como te comentaba, el tiempo ha pasado, entonces tambi\u00e9n hay gente que no nos conoce, hay gente m\u00e1s joven, estamos preparando un show especial para eso.<\/em><\/p>\n<p><iframe title=\"Como Asesinar a Felipes \u2013 &quot;Espiral&quot; (Official Music Video)\" width=\"750\" height=\"422\" src=\"https:\/\/www.youtube.com\/embed\/TPnlnazQ0d8?feature=oembed\" frameborder=\"0\" allow=\"accelerometer; autoplay; clipboard-write; encrypted-media; gyroscope; picture-in-picture; web-share\" referrerpolicy=\"strict-origin-when-cross-origin\" allowfullscreen><\/iframe> <\/p>\n<p align=\"justify\"><strong>\u00bfC\u00f3mo ven ustedes la presencia de la m\u00fasica experimental, fusi\u00f3n con rap, por ejemplo, en un festival que de repente suele tener m\u00e1s tintes masivos de pop, incluso como de artistas que suenan en las radios los \u00faltimos meses antes de sumarse a Lollapalooza?<\/strong><\/p>\n<p align=\"justify\"><em>Ah\u00ed yo me quedo un poco con el esp\u00edritu original de Lolla, que al comienzo cuando lo hac\u00edan en Estados Unidos era muy alternativo. Entonces yo siento que todav\u00eda est\u00e1 ese espacio, obviamente hay bandas que son m\u00e1s masivas y m\u00e1s populares, pero siento que todav\u00eda existe ese peque\u00f1o tal vez espacio como para que hayan propuestas distintas. El a\u00f1o pasado creo estuvo Candelabro, siempre hay espacio para propuestas distintas y eso me gusta mucho el festival porque aunque sea ultra masivo todav\u00eda est\u00e1n esos lugares.<\/em><\/p>\n<p align=\"justify\"><em>Entonces nosotros en nuestra tercera vez ac\u00e1 hemos tenido la oportunidad antes y agradecemos que exista eso. Siempre hemos querido nuestra m\u00fasica, no ponerle fronteras, sino que ojal\u00e1 que llegue a la mayor cantidad de gente posible. As\u00ed que estos festivales tambi\u00e9n son buenos porque llegamos a gente que no nos conoce y nos puede ver en vivo en un escenario que es buen\u00edsimo t\u00e9cnicamente tambi\u00e9n y uno puede hacer la presentaci\u00f3n.<\/em><\/p>\n<p align=\"justify\"><strong>\u00bfQu\u00e9 esperan ustedes de este a\u00f1o? Adem\u00e1s de poder mostrar la propuesta musical y poder llegar a m\u00e1s personas que no los conocen<\/strong><\/p>\n<p align=\"justify\"><em>Las otras veces, por ejemplo la segunda vez que tocamos en Lolla, tocamos en el escenario grande pero abriendo un domingo, entonces era muy bueno tocar ah\u00ed pero creo que este a\u00f1o vamos a estar en un mejor horario y eso es bueno tambi\u00e9n porque as\u00ed podemos llegar a m\u00e1s gente.<\/em><\/p>\n<p align=\"justify\"><em>Cuando es muy temprano como que muchas veces llegan los que te quieren ver, m\u00e1s encima un domingo el horario era m\u00e1s complicado. Ahora creo que vamos a estar en un mejor horario, que nos favorece y que vamos a poder tambi\u00e9n hacer un show bac\u00e1n, nuestra presentaci\u00f3n tiene mucho que ver con la iluminaci\u00f3n y tambi\u00e9n con la pantalla, as\u00ed que eso tambi\u00e9n le vamos a sacar mucho partido.<\/em><\/p>\n<p align=\"justify\"><em>Creo que esta vez vamos a poder tener poder mostrar nuestro concierto de forma \u00edntegra, no solamente como cuando es muy temprano.<\/em><\/p>\n<p><iframe title=\"Como Asesinar A Felipes \u2013 I Sombra (Official Music Video)\" width=\"750\" height=\"422\" src=\"https:\/\/www.youtube.com\/embed\/LJFlnFxhYQI?feature=oembed\" frameborder=\"0\" allow=\"accelerometer; autoplay; clipboard-write; encrypted-media; gyroscope; picture-in-picture; web-share\" referrerpolicy=\"strict-origin-when-cross-origin\" allowfullscreen><\/iframe> <\/p>\n<p align=\"justify\"><strong>El a\u00f1o pasado estuvo Candelabro y hay varias bandas emergentes, chilenas, pero tambi\u00e9n est\u00e1n Los Bunkers y Dracma, \u00bfc\u00f3mo ves t\u00fa la presencia chilena? Que cada vez es una propuesta m\u00e1s fuerte. <\/strong><\/p>\n<p align=\"justify\"><em>S\u00ed, y Los Bunkers son headliner, creo que seg\u00fan le\u00eda por ah\u00ed, primera vez que hay un headliner chileno, entonces ese es un gran paso para la m\u00fasica chilena.<\/em><\/p>\n<p align=\"justify\"><em>Yo creo que la m\u00fasica chilena es muy buena, hay muchas propuestas, hay bandas que son m\u00e1s underground y que tambi\u00e9n son s\u00faper interesantes, entonces es bueno que se d\u00e9 eso y estoy s\u00faper contento por las bandas j\u00f3venes estas como Candelabro, Hesse Kassell, D\u00e9jenme dormir tambi\u00e9n Estoy bien.<\/em><\/p>\n<p align=\"justify\"><em>Todas estas bandas m\u00e1s nuevas que est\u00e1n tocando rock, esa cuesti\u00f3n a m\u00ed me encanta porque claro, en un momento como que todos pensamos que se iba a mover la m\u00fasica mucho para lo urbano y que los j\u00f3venes se iban a quedar ah\u00ed aparecieron estas bandas y est\u00e1 yendo mucha gente a verlos y s\u00e9 que hay muchos proyectos que tal vez se me est\u00e1n escapando los nombres, pero me encanta que existan estas bandas j\u00f3venes que ellos mismos dicen que est\u00e1n inspirados en Fulano y en otras bandas y las propuestas son m\u00e1s alternativas, o sea hay mucho de los Electrodom\u00e9sticos ah\u00ed tambi\u00e9n dando vuelta, entonces me encanta que los j\u00f3venes est\u00e9n tambi\u00e9n volviendo un poco al rock y al formato banda que tambi\u00e9n es algo que se est\u00e1 quedando un poco fuera.<\/em><\/p>\n<p align=\"justify\"><strong>Han sido mencionados como inspiraci\u00f3n de estas bandas, \u00bfC\u00f3mo te tomas t\u00fa tambi\u00e9n que ustedes tambi\u00e9n sean un peso fuerte para Lollapalooza dentro de la m\u00fasica chilena?<\/strong><\/p>\n<p align=\"justify\"><em>S\u00ed, llevamos 19 a\u00f1os trabajando, hemos tenido giras muy importantes, hemos dado conciertos s\u00faper relevantes, creo que ahora estamos como dec\u00edan en una entrevista, madurez, me sent\u00ed como viejito ah\u00ed, pero si la banda est\u00e1 como en un periodo ya de madurez.<\/em><\/p>\n<p align=\"justify\"><em>Este a\u00f1o vamos a sacar nuestro onceavo disco, estamos con la misma energ\u00eda, quiz\u00e1s m\u00e1s como yo te dec\u00eda, cuando uno va creciendo como que te vas tomando las cosas m\u00e1s en serio a veces, entonces tenemos mucha energ\u00eda y muchas ganas de mostrar nuestra m\u00fasica y me parece bac\u00e1n que servimos de inspiraci\u00f3n para estas bandas nuevas, me parece genial, ellos tambi\u00e9n nos inspiran y nosotros seguimos tratando de juntarnos, de hacer m\u00fasica y de tocar que es lo que nos gusta y mostrar nuestra propuesta.<\/em><\/p>\n<p align=\"justify\"><strong>Adelantabas que este a\u00f1o se viene otro disco, el pasado tuvimos el sencillo en colaboraci\u00f3n con Juan Pablo Salvo. \u00bfQu\u00e9 m\u00e1s nos puedes adelantar de lo que se viene este a\u00f1o?<\/strong><\/p>\n<p align=\"justify\"><em>S\u00ed, durante el 2025 fuimos sacando muchos sencillos porque estamos tratando de probar cosas nuevas y siempre nosotros armabamos un disco, lo grab\u00e1bamos y lanz\u00e1bamos. Esta vez fuimos trabajando canciones una a una y estamos invitando a gente que nos gusta mucho lo que hacen, gente joven, gente m\u00e1s vieja.<\/em><\/p>\n<p align=\"justify\"><em>Tenemos un tema por ejemplo con Carlos Cabezas de los Electrodom\u00e9sticos, hemos sacado un tema con Matiah Chinaski, el Pablo Ilabaca, con Juan Pablo Salvo que es un trompetista muy joven, o sea estamos as\u00ed todas las canciones, queremos que tengan invitado, falta que saquemos dos m\u00e1s y en abril va a salir nuestro disco nuevo, el disco 11.<\/em><\/p>\n<p align=\"justify\"><em>Todav\u00eda faltan un par de sorpresas, ahora el 16 de enero vamos a sacar un tema con una chica que se llama Mar\u00eda de los Templos, que tambi\u00e9n es bien destacada y bien joven, est\u00e1 metida en esto medio alternativo pero es jazzera, toca guitarra y vamos a sacar una canci\u00f3n con ella tambi\u00e9n para Lollapalooza vamos a tener varias sorpresas de esto tambi\u00e9n, del repertorio nuevo. Siempre nos gusta estar mostrando las canciones nuevas, probar c\u00f3mo funcionan en vivo tambi\u00e9n.<\/em><\/p>\n<p align=\"justify\"><em>Entonces estamos partiendo el a\u00f1o con mucha energ\u00eda y Lollapalooza es un gran escenario para comenzar con todo el 2026.<\/em><\/p>\n<p><iframe title=\"CAF - III\" width=\"750\" height=\"422\" src=\"https:\/\/www.youtube.com\/embed\/mEA08qoEGEs?feature=oembed\" frameborder=\"0\" allow=\"accelerometer; autoplay; clipboard-write; encrypted-media; gyroscope; picture-in-picture; web-share\" referrerpolicy=\"strict-origin-when-cross-origin\" allowfullscreen><\/iframe><\/p>\n<p align=\"justify\"><strong>Comentabas que el show de Lollapalooza es un show que contempla efectos especiales, luces y tambi\u00e9n van a presentar estas nuevas canciones con colaboraciones. \u00bfQu\u00e9 m\u00e1s nos puedes contar?<\/strong><\/p>\n<p align=\"justify\"><em>En 2025 tambi\u00e9n hace justo un a\u00f1o desde marzo, tocamos en el REC frente a mucha gente, creo que ah\u00ed nos dimos cuenta un poco el tipo de concierto que tenemos que hacer en estos lugares masivos, porque a nosotros nos gusta mucho tocar en clubes o en lugares m\u00e1s chicos con nuestro p\u00fablico.<\/em><\/p>\n<p align=\"justify\"><em>Entonces ac\u00e1 cuando hay gente que por primera vez te est\u00e1 viendo, hacemos un show muy en\u00e9rgico, tratamos de armar una narraci\u00f3n durante todo el concierto mostrando el material m\u00e1s antiguo, pero casi siempre nos gusta para nosotros estar tambi\u00e9n motivados y tocando, nos gusta estar tocando lo m\u00e1s nuevo, entonces casi siempre hacemos \u00e9nfasis en la m\u00fasica nueva y obviamente tocando algunos de los, si podr\u00edamos llamarlos cl\u00e1sicos de la banda, tambi\u00e9n sumando invitados y tratar de que sea un concierto din\u00e1mico y una historia, o sea que la gente que nos vaya a ver vea como que sea una pel\u00edcula lo de nosotros.<\/em><\/p>\n<p align=\"justify\"><em>Tambi\u00e9n nuestra m\u00fasica tiene harto de cinematogr\u00e1fico, entonces siempre tratamos de hacer un enfoque que sea como algo entretenido y visual para el p\u00fablico.<\/em><\/p>\n<p align=\"justify\"><strong>Para ir cerrando \u00bfA qu\u00e9 artista les gustar\u00eda ver o te gustar\u00eda ver personalmente a ti de esta nueva versi\u00f3n?<\/strong><\/p>\n<p align=\"justify\"><em>Mira, me gusta Deftones mucho, a toda la banda nos gusta mucho Deftones, as\u00ed que bueno, tenemos la canci\u00f3n con Chino, as\u00ed que ojal\u00e1 que podamos ah\u00ed cuadrar.<\/em><\/p>\n<p align=\"justify\"><em>Las agendas son complicadas porque ellos tambi\u00e9n est\u00e1n tocando el Lolla Argentina, s\u00e9 que van a andar de all\u00e1 para ac\u00e1, pero Deftones es de mis bandas favoritas de toda la vida y me gustar\u00eda ah\u00ed que pudi\u00e9ramos estar el mismo d\u00eda que ellos y poder compartir tambi\u00e9n lo m\u00e1s que se pueda. Siempre es bueno verse en persona y poder estar ah\u00ed, compartir y echar la talla como se dice.<\/p>\n<p align=\"center\"><img decoding=\"async\" src=\"https:\/\/64.media.tumblr.com\/3169864d8ecd4e7ebcf068638be74cad\/03977b952656a4e4-25\/s1280x1920\/d186236b1b25daf8729582d421fa81c181db8ddb.jpg\" alt=\"null\" \/><\/p>\n","protected":false},"excerpt":{"rendered":"<p>Por Ignacia Guti\u00e9rrez. Como Asesinar a Felipes (CAF), el quinteto que mezcla rap experimental con jazz, rock, m\u00fasica cl\u00e1sica y electr\u00f3nica, llega el pr\u00f3ximo marzo a los escenarios de Lollapalooza Chile como una de las propuestas de la m\u00fasica nacional. Original y en\u00e9rgica, la poes\u00eda r\u00edtmica experimental que muestran en sus creaciones musicales exploran temas sociales y de la existencia humana. Desde 2007, la propuesta del quinteto que se form\u00f3 cuando algunos de sus miembros estudiaban m\u00fasica, es oscura y [&hellip;]<\/p>\n","protected":false},"author":12,"featured_media":112754,"comment_status":"open","ping_status":"open","sticky":false,"template":"","format":"standard","meta":{"footnotes":""},"categories":[13,18,3,4],"tags":[],"class_list":["post-112750","post","type-post","status-publish","format-standard","has-post-thumbnail","hentry","category-conversamos-con","category-lollapalooza","category-musica","category-portada"],"_links":{"self":[{"href":"https:\/\/www.parlante.cl\/index.php?rest_route=\/wp\/v2\/posts\/112750","targetHints":{"allow":["GET"]}}],"collection":[{"href":"https:\/\/www.parlante.cl\/index.php?rest_route=\/wp\/v2\/posts"}],"about":[{"href":"https:\/\/www.parlante.cl\/index.php?rest_route=\/wp\/v2\/types\/post"}],"author":[{"embeddable":true,"href":"https:\/\/www.parlante.cl\/index.php?rest_route=\/wp\/v2\/users\/12"}],"replies":[{"embeddable":true,"href":"https:\/\/www.parlante.cl\/index.php?rest_route=%2Fwp%2Fv2%2Fcomments&post=112750"}],"version-history":[{"count":4,"href":"https:\/\/www.parlante.cl\/index.php?rest_route=\/wp\/v2\/posts\/112750\/revisions"}],"predecessor-version":[{"id":112756,"href":"https:\/\/www.parlante.cl\/index.php?rest_route=\/wp\/v2\/posts\/112750\/revisions\/112756"}],"wp:featuredmedia":[{"embeddable":true,"href":"https:\/\/www.parlante.cl\/index.php?rest_route=\/wp\/v2\/media\/112754"}],"wp:attachment":[{"href":"https:\/\/www.parlante.cl\/index.php?rest_route=%2Fwp%2Fv2%2Fmedia&parent=112750"}],"wp:term":[{"taxonomy":"category","embeddable":true,"href":"https:\/\/www.parlante.cl\/index.php?rest_route=%2Fwp%2Fv2%2Fcategories&post=112750"},{"taxonomy":"post_tag","embeddable":true,"href":"https:\/\/www.parlante.cl\/index.php?rest_route=%2Fwp%2Fv2%2Ftags&post=112750"}],"curies":[{"name":"wp","href":"https:\/\/api.w.org\/{rel}","templated":true}]}}