{"id":112813,"date":"2026-01-21T16:21:43","date_gmt":"2026-01-21T19:21:43","guid":{"rendered":"https:\/\/www.parlante.cl\/?p=112813"},"modified":"2026-01-21T17:05:17","modified_gmt":"2026-01-21T20:05:17","slug":"conversamos-a-anttonias-estamos-extremadamente-agradecidos-y-vamos-a-lolla-con-toda-la-humildad-y-ganas-de-que-a-la-gente-le-guste-el-show","status":"publish","type":"post","link":"https:\/\/www.parlante.cl\/?p=112813","title":{"rendered":"Conversamos con Anttonias: \u201cEstamos extremadamente agradecidos y vamos a Lolla con toda la humildad y ganas de que a la gente le guste el show\u201d"},"content":{"rendered":"<p>Por Ignacia Guti\u00e9rrez.<\/p>\n<p align=\"justify\"><strong>Antonia, Oscar, Felipe, Diego y Agust\u00edn<\/strong> integran <strong>Anttonias<\/strong>, el quinteto que irrumpi\u00f3 con fuerza en 2025 dentro del circuito alternativo chileno. Tras conocerse despu\u00e9s de la pandemia y compartir sus intereses musicales, decidieron formalizar el proyecto en 2023.<\/p>\n<p align=\"justify\">Los j\u00f3venes, que no superan los 25 a\u00f1os, lanzaron en 2024 su primer sencillo, <strong>&#8220;Atado a tu sentimiento&#8221;<\/strong>, seguido en febrero de 2025 por <strong>&#8220;Dulces corazones&#8221;<\/strong>. En agosto del a\u00f1o pasado estrenaron su \u00e1lbum <em>hom\u00f3nimo<\/em>, una s\u00f3lida carta de presentaci\u00f3n de sus principios musicales.<\/p>\n<p align=\"justify\">Con letras que exploran la rebeld\u00eda, la juventud, la identidad y la nostalgia, su sonido remite inevitablemente a bandas como <strong>The Cranberries<\/strong> y otros cl\u00e1sicos de los 90. Este estilo despert\u00f3 el inter\u00e9s de cr\u00edticos y creadores de contenido internacionales, quienes destacaron el fen\u00f3meno que estaba protagonizando la banda.<\/p>\n<p align=\"justify\">Con una est\u00e9tica que evoca los a\u00f1os 2000 \u2014videos en formato VHS, polerones y camisetas deportivas\u2014, <strong>Anttonias<\/strong> se ha consolidado en la nueva camada del pop rock alternativo. En marzo de 2026, tras una serie de presentaciones y el lanzamiento de su disco en <strong>Club Subterr\u00e1neo<\/strong>, el quinteto llegar\u00e1 al escenario de Lollapalooza.<\/p>\n<p align=\"justify\">Conversamos con <strong>Oscar (O), Agust\u00edn (A), Felipe (F) y Diego (D)<\/strong> sobre su intenso 2025, el presente de la agrupaci\u00f3n y c\u00f3mo se preparan para este gran paso.<\/p>\n<p align=\"justify\"><strong>Esta ser\u00e1 su primera vez en el festival. \u00bfC\u00f3mo recibieron la invitaci\u00f3n?<\/strong><\/p>\n<p align=\"justify\"><em><strong>A:<\/strong> Desde el principio la tomamos con mucho entusiasmo y alegr\u00eda. Nuestras familias sienten un gran orgullo de que seamos parte de Lollapalooza; muchos de ellos nunca han ido y es una oportunidad incre\u00edble para que nuestra m\u00fasica llegue a m\u00e1s gente. Desde el minuto cero lo asumimos con profesionalismo y empezamos a trabajar de inmediato.<\/p>\n<p align=\"justify\"><strong>D:<\/strong> Como dice Agust\u00edn, estamos muy aterrizados y enfocados en ensayar mucho. Lo de la familia ha sido lo m\u00e1s bonito. Para Diego y para m\u00ed, darle esa alegr\u00eda a nuestros padres es especial, sobre todo porque en alg\u00fan momento no sab\u00edamos qu\u00e9 rumbo tomar\u00eda nuestra vida. Ver que Anttonias funciona llena de orgullo a mi pap\u00e1; \u00e9l ha estado en todas las presentaciones. Poder ayudarlo econ\u00f3micamente con lo que ganamos es gratificante, porque \u00e9l es colectivero y se siente muy bien retribuirle un poco.<\/p>\n<p align=\"justify\"><strong>O:<\/strong> Fue una meta que nos pusimos desde el comienzo. De hecho, en nuestros primeros ensayos subimos una historia bromeando con &#8220;Anttonias a Lollapalooza 2025&#8221;; nos equivocamos por un a\u00f1o, pero siempre fue nuestro objetivo dar ese gran salto. Por fortuna, se concret\u00f3 para el pr\u00f3ximo a\u00f1o.<\/p>\n<p align=\"justify\">Siempre hemos confiado en nuestro trabajo, as\u00ed que present\u00edamos que la invitaci\u00f3n llegar\u00eda, aunque no tan pronto. Fue un sentimiento encontrado: era algo que esper\u00e1bamos, pero la rapidez nos sorprendi\u00f3 y nos llen\u00f3 de alegr\u00eda.<\/em><\/p>\n<p align=\"justify\"><strong>\u00bfQu\u00e9 podemos esperar de su presentaci\u00f3n?<\/strong><\/p>\n<p align=\"justify\"><em>Ser\u00e1 un show muy especial. Vamos a presentar algo que no hemos hecho antes, poniendo mucho empe\u00f1o para que salga excelente.<\/em><\/p>\n<p><iframe title=\"Anttonias - Atado a tu sentimiento\" width=\"750\" height=\"563\" src=\"https:\/\/www.youtube.com\/embed\/y_SJEvguMF8?feature=oembed\" frameborder=\"0\" allow=\"accelerometer; autoplay; clipboard-write; encrypted-media; gyroscope; picture-in-picture; web-share\" referrerpolicy=\"strict-origin-when-cross-origin\" allowfullscreen><\/iframe> <\/p>\n<p><strong><\/p>\n<p align=\"justify\">\u00bfCreen que falta presencia de artistas chilenos en festivales masivos como Lollapalooza?<\/p>\n<p><\/strong><\/p>\n<p align=\"justify\"><em><strong>O:<\/strong> Considerando la cantidad de bandas con las que convivimos \u00faltimamente, claramente faltan m\u00e1s representantes de la escena local. Hay much\u00edsimos proyectos de gran calidad que quedan fuera. Sentimos que los festivales a\u00fan est\u00e1n al debe en ese sentido.<\/em><\/p>\n<p align=\"justify\"><em>Sin embargo, \u00faltimamente m\u00e1s productores est\u00e1n apostando por bandas emergentes. La escena chilena crece a pasos agigantados; lo que logr\u00f3 la banda Candelabro, por ejemplo, fue una gran ayuda para todos. Aun as\u00ed, falta un poco m\u00e1s de apoyo.<\/em><\/p>\n<p align=\"justify\"><em>Este a\u00f1o es significativo porque Los Bunkers son el primer &#8220;headliner&#8221; chileno, y el a\u00f1o pasado Mon Laferte estuvo en un escenario que le qued\u00f3 peque\u00f1o. Hay que poner a la industria y a los artistas chilenos en lo m\u00e1s alto.<\/em><\/p>\n<p align=\"justify\"><strong>Ustedes, junto a Hesse Kassel, Candelabro o Estoy Bien, son parte de la nueva ola de rock alternativo e indie chileno. \u00bfC\u00f3mo se siente representar al g\u00e9nero en un festival tan masivo?<\/strong><\/p>\n<p align=\"justify\"><em><strong>O:<\/strong> No vamos con la actitud de &#8220;venimos a representar al g\u00e9nero&#8221;. Estamos extremadamente agradecidos por la instancia y vamos con toda la humildad y ganas de pasarlo bien. Queremos que a la gente le guste el show porque estamos preparando algo nuevo y fresco. M\u00e1s que representar algo externo, es un logro personal y emocional para cada uno de nosotros y para nuestro c\u00edrculo cercano.<\/em><\/p>\n<p align=\"justify\"><strong>El 2025 fue movido con el \u00e1lbum y el show en Club Subterr\u00e1neo. \u00bfQu\u00e9 adelantos tienen para el 2026?<\/strong><\/p>\n<p align=\"justify\"><em><strong>O:<\/strong> Este a\u00f1o viene m\u00e1s intenso y cargado de trabajo. De hecho, ya estamos en el sur trabajando en nuestro pr\u00f3ximo lanzamiento y videoclip para febrero. Es un tema que ya ten\u00edamos como demo y que la gente conoce, pero que no entr\u00f3 en el \u00e1lbum.<\/em><\/p>\n<p align=\"justify\"><em>Queremos tocar m\u00e1s, llenar espacios y salir de Santiago. Si todo sale seg\u00fan lo planeado, nos gustar\u00eda sacar mucho m\u00e1s material e incluso un nuevo \u00e1lbum. Nuestra meta principal es producir algo que supere en calidad a lo anterior.<\/em><\/p>\n<p><iframe title=\"Anttonias - Dulces Corazones\" width=\"750\" height=\"422\" src=\"https:\/\/www.youtube.com\/embed\/Bh6PJkZYKyw?feature=oembed\" frameborder=\"0\" allow=\"accelerometer; autoplay; clipboard-write; encrypted-media; gyroscope; picture-in-picture; web-share\" referrerpolicy=\"strict-origin-when-cross-origin\" allowfullscreen><\/iframe> <\/p>\n<p align=\"justify\"><strong>\u00bfC\u00f3mo ha sido el recibimiento del p\u00fablico? El pasado viernes abrieron el show de Bad Bunny<\/strong><\/p>\n<p align=\"justify\"><em><strong>O:<\/strong> La noticia fue diversa. Para muchos conocidos fue una sorpresa, pero tambi\u00e9n recibimos cr\u00edticas. Fue un tema que discutimos despu\u00e9s del show, pero nos quedamos con la experiencia incre\u00edble de tocar en el Estadio Nacional. El p\u00fablico enganch\u00f3 con nuestra m\u00fasica y muchos nos escribieron despu\u00e9s diciendo que les hab\u00eda gustado.<\/em><\/p>\n<p align=\"justify\"><em>Sabemos que siempre habr\u00e1 opiniones divididas. Aceptamos la invitaci\u00f3n de la productora con orgullo porque era una oportunidad l\u00f3gica de aprovechar, aun sabiendo a lo que nos expon\u00edamos. Nos avisaron el lunes de esa semana y tuvimos que reprogramar todo (\u00edbamos a estar grabando en el sur) para trabajar con profesionalismo en el show. Fue bonito ver el apoyo de la gente que nos sigue e incluso lleg\u00f3 p\u00fablico nuevo. Entendemos que el &#8220;hate&#8221; es parte de la industria y lo tomamos con calma.<\/em><\/p>\n<p><iframe title=\"Anttonias - Alma Animal (Visualizer)\" width=\"750\" height=\"422\" src=\"https:\/\/www.youtube.com\/embed\/MwMhRSthfd4?feature=oembed\" frameborder=\"0\" allow=\"accelerometer; autoplay; clipboard-write; encrypted-media; gyroscope; picture-in-picture; web-share\" referrerpolicy=\"strict-origin-when-cross-origin\" allowfullscreen><\/iframe> <\/p>\n<p align=\"justify\"><strong>\u00bfQu\u00e9 pueden adelantar del show en Lollapalooza?<\/strong><\/p>\n<p align=\"justify\"><em><strong>O:<\/strong> Habr\u00e1 canciones nuevas y un sonido m\u00e1s s\u00f3lido. Apuntamos a un show mucho m\u00e1s profesional, combinando material in\u00e9dito con los cl\u00e1sicos de la banda. Vamos a aprovechar al m\u00e1ximo los 45 minutos que tenemos.<\/em><\/p>\n<p align=\"justify\"><strong>\u00bfA qu\u00e9 artistas del cartel tienen ganas de ver?<\/strong><\/p>\n<p align=\"justify\"><em><strong>O:<\/strong> Yo tengo varios: 2 Minutos, Claudio Valenzuela y Manuel Garc\u00eda. <\/p>\n<p align=\"justify\"><strong>D:<\/strong> Siempre he querido ver a Hesse Kassel, pero creo que tocamos el mismo d\u00eda. Ojal\u00e1 se pueda dar. <\/p>\n<p align=\"justify\"><strong>F:<\/strong> A m\u00ed tambi\u00e9n me gustar\u00eda ver a los Hesse; ser\u00e1 un bonito encuentro con los cabros. <\/p>\n<p align=\"justify\"><strong>A:<\/strong> Men I Trust me encanta, as\u00ed que espero poder verlos.<\/em><\/p>\n<p align=\"justify\"><strong>Anttonias se presentar\u00e1 el pr\u00f3ximo domingo 15 de marzo, compartiendo jornada con Chappell Roan, Lewis Capaldi, Hesse Kassel y Addison Rae.<\/strong><\/p>\n<p align=\"center\"><img decoding=\"async\" src=\"https:\/\/64.media.tumblr.com\/3169864d8ecd4e7ebcf068638be74cad\/03977b952656a4e4-25\/s1280x1920\/d186236b1b25daf8729582d421fa81c181db8ddb.jpg\" alt=\"null\" \/><\/p>\n","protected":false},"excerpt":{"rendered":"<p>Por Ignacia Guti\u00e9rrez. Antonia, Oscar, Felipe, Diego y Agust\u00edn integran Anttonias, el quinteto que irrumpi\u00f3 con fuerza en 2025 dentro del circuito alternativo chileno. Tras conocerse despu\u00e9s de la pandemia y compartir sus intereses musicales, decidieron formalizar el proyecto en 2023. Los j\u00f3venes, que no superan los 25 a\u00f1os, lanzaron en 2024 su primer sencillo, &#8220;Atado a tu sentimiento&#8221;, seguido en febrero de 2025 por &#8220;Dulces corazones&#8221;. En agosto del a\u00f1o pasado estrenaron su \u00e1lbum hom\u00f3nimo, una s\u00f3lida carta de [&hellip;]<\/p>\n","protected":false},"author":12,"featured_media":112814,"comment_status":"open","ping_status":"open","sticky":false,"template":"","format":"standard","meta":{"footnotes":""},"categories":[13,18,3,4,12],"tags":[],"class_list":["post-112813","post","type-post","status-publish","format-standard","has-post-thumbnail","hentry","category-conversamos-con","category-lollapalooza","category-musica","category-portada","category-pronto-en-vivo"],"_links":{"self":[{"href":"https:\/\/www.parlante.cl\/index.php?rest_route=\/wp\/v2\/posts\/112813","targetHints":{"allow":["GET"]}}],"collection":[{"href":"https:\/\/www.parlante.cl\/index.php?rest_route=\/wp\/v2\/posts"}],"about":[{"href":"https:\/\/www.parlante.cl\/index.php?rest_route=\/wp\/v2\/types\/post"}],"author":[{"embeddable":true,"href":"https:\/\/www.parlante.cl\/index.php?rest_route=\/wp\/v2\/users\/12"}],"replies":[{"embeddable":true,"href":"https:\/\/www.parlante.cl\/index.php?rest_route=%2Fwp%2Fv2%2Fcomments&post=112813"}],"version-history":[{"count":9,"href":"https:\/\/www.parlante.cl\/index.php?rest_route=\/wp\/v2\/posts\/112813\/revisions"}],"predecessor-version":[{"id":112823,"href":"https:\/\/www.parlante.cl\/index.php?rest_route=\/wp\/v2\/posts\/112813\/revisions\/112823"}],"wp:featuredmedia":[{"embeddable":true,"href":"https:\/\/www.parlante.cl\/index.php?rest_route=\/wp\/v2\/media\/112814"}],"wp:attachment":[{"href":"https:\/\/www.parlante.cl\/index.php?rest_route=%2Fwp%2Fv2%2Fmedia&parent=112813"}],"wp:term":[{"taxonomy":"category","embeddable":true,"href":"https:\/\/www.parlante.cl\/index.php?rest_route=%2Fwp%2Fv2%2Fcategories&post=112813"},{"taxonomy":"post_tag","embeddable":true,"href":"https:\/\/www.parlante.cl\/index.php?rest_route=%2Fwp%2Fv2%2Ftags&post=112813"}],"curies":[{"name":"wp","href":"https:\/\/api.w.org\/{rel}","templated":true}]}}