{"id":112828,"date":"2026-01-22T20:07:25","date_gmt":"2026-01-22T23:07:25","guid":{"rendered":"https:\/\/www.parlante.cl\/?p=112828"},"modified":"2026-01-22T20:07:25","modified_gmt":"2026-01-22T23:07:25","slug":"nbx-incursiona-en-el-nu-metal-con-de-mal-en-peor-el-oscuro-rap-de-nico-borie","status":"publish","type":"post","link":"https:\/\/www.parlante.cl\/?p=112828","title":{"rendered":"NBX incursiona en el n\u00fc metal con \u2018De Mal En Peor\u2019: El oscuro rap de Nico Borie"},"content":{"rendered":"<p align=\"justify\">El reconocido creador de contenido y m\u00fasico Nico Borie presenta \u2018De Mal En Peor\u2019, el segundo sencillo de NBX, su nuevo proyecto musical que marca una etapa decisiva en su carrera art\u00edstica. El lanzamiento llega tras el debut de la banda con el single \u2018Evoluci\u00f3n\u2019, estrenado en noviembre pasado, y profundiza en una propuesta sonora m\u00e1s intensa, oscura y vers\u00e1til.<\/p>\n<p align=\"justify\">En \u2018De Mal En Peor\u2019, NBX incorpora influencias del rap en espa\u00f1ol dentro de una s\u00f3lida base n\u00fc metal, dando forma a una canci\u00f3n cargada de energ\u00eda y honestidad emocional. La letra aborda la b\u00fasqueda de respuestas en medio de la frustraci\u00f3n, ese punto en el que todo parece derrumbarse antes de tomar una decisi\u00f3n definitiva.<\/p>\n<p align=\"justify\">Este single expone una nueva faceta de NBX, con un Nico Borie que se atreve a rapear en los versos para luego estallar con fuerza en estribillos contundentes. \u201cCreo que todos hemos sentido frustraci\u00f3n e incertidumbre en alg\u00fan punto de nuestras vidas, ya sea por desilusiones amorosas o de cualquier tipo. Y es en esa oscuridad donde uno sufre y puede ver todo mal en un principio, pero luego se cuestiona si debe seguir o no en esa relaci\u00f3n. Esa etapa es la que aborda esta canci\u00f3n\u201d, comenta Borie.<\/p>\n<p align=\"justify\">NBX nace en 2024 bajo la direcci\u00f3n de Nico Borie, ampliamente reconocido por su exitoso proyecto \u201cRock Traducido\u201d, donde versiona cl\u00e1sicos del rock anglo al espa\u00f1ol, acumulando m\u00e1s de 2 millones de seguidores en plataformas digitales. La banda propone un sonido moderno que combina voces potentes, rap, guitarras cargadas de energ\u00eda y sintetizadores, aportando una identidad fresca y actual al rock alternativo.<\/p>\n<p align=\"justify\">El proyecto cuenta con la colaboraci\u00f3n de Basti\u00e1n Basaure, guitarrista y productor musical, con quien Borie compone las canciones del \u00e1lbum debut de NBX, \u201cLimina\u201d, cuyo lanzamiento est\u00e1 programado para marzo de 2026 a trav\u00e9s del sello discogr\u00e1fico BZR. La formaci\u00f3n se completa con m\u00fasicos que acompa\u00f1an a Borie en Rock Traducido: Dar\u00edo Llancam\u00e1n (bajo), Kagno (guitarra l\u00edder) y \u00c1lvaro Poblete (bater\u00eda).<\/p>\n<p align=\"justify\">NBX representa el siguiente cap\u00edtulo en la trayectoria de Nico Borie tras su salida de la banda de thrash metal Parasyche en 2023. El proyecto debut\u00f3 en vivo el 19 de octubre de 2025, abriendo el concierto de la banda japonesa SiM en el Teatro Caupolic\u00e1n de Santiago de Chile, dejando una potente primera impresi\u00f3n frente al p\u00fablico local.<\/p>\n<p>Conoce m\u00e1s de NBX en:<\/p>\n<p>Instagram: <a href=\"https:\/\/www.instagram.com\/nbx.music\">https:\/\/www.instagram.com\/nbx.music<\/a><\/p>\n<p>Escucha \u2018De Mal En Peor\u2019 en plataformas digitales: <a href=\"https:\/\/orcd.co\/66qk8b7\">https:\/\/orcd.co\/66qk8b7<\/a><\/p>\n<p>VIDEO \u2018DE MAL EN PEOR\u2019:<\/p>\n<p><iframe title=\"\ud83d\udd39NBX - DE MAL EN PEOR (OFICIAL)\" width=\"750\" height=\"422\" src=\"https:\/\/www.youtube.com\/embed\/TKQdLLerLTw?feature=oembed\" frameborder=\"0\" allow=\"accelerometer; autoplay; clipboard-write; encrypted-media; gyroscope; picture-in-picture; web-share\" referrerpolicy=\"strict-origin-when-cross-origin\" allowfullscreen><\/iframe><\/p>\n<p>&nbsp;<\/p>\n<p>&nbsp;<\/p>\n","protected":false},"excerpt":{"rendered":"<p>El reconocido creador de contenido y m\u00fasico Nico Borie presenta \u2018De Mal En Peor\u2019, el segundo sencillo de NBX, su nuevo proyecto musical que marca una etapa decisiva en su carrera art\u00edstica. El lanzamiento llega tras el debut de la banda con el single \u2018Evoluci\u00f3n\u2019, estrenado en noviembre pasado, y profundiza en una propuesta sonora m\u00e1s intensa, oscura y vers\u00e1til. En \u2018De Mal En Peor\u2019, NBX incorpora influencias del rap en espa\u00f1ol dentro de una s\u00f3lida base n\u00fc metal, dando [&hellip;]<\/p>\n","protected":false},"author":21,"featured_media":112829,"comment_status":"open","ping_status":"open","sticky":false,"template":"","format":"standard","meta":{"footnotes":""},"categories":[3,11],"tags":[],"class_list":["post-112828","post","type-post","status-publish","format-standard","has-post-thumbnail","hentry","category-musica","category-noticias"],"_links":{"self":[{"href":"https:\/\/www.parlante.cl\/index.php?rest_route=\/wp\/v2\/posts\/112828","targetHints":{"allow":["GET"]}}],"collection":[{"href":"https:\/\/www.parlante.cl\/index.php?rest_route=\/wp\/v2\/posts"}],"about":[{"href":"https:\/\/www.parlante.cl\/index.php?rest_route=\/wp\/v2\/types\/post"}],"author":[{"embeddable":true,"href":"https:\/\/www.parlante.cl\/index.php?rest_route=\/wp\/v2\/users\/21"}],"replies":[{"embeddable":true,"href":"https:\/\/www.parlante.cl\/index.php?rest_route=%2Fwp%2Fv2%2Fcomments&post=112828"}],"version-history":[{"count":1,"href":"https:\/\/www.parlante.cl\/index.php?rest_route=\/wp\/v2\/posts\/112828\/revisions"}],"predecessor-version":[{"id":112830,"href":"https:\/\/www.parlante.cl\/index.php?rest_route=\/wp\/v2\/posts\/112828\/revisions\/112830"}],"wp:featuredmedia":[{"embeddable":true,"href":"https:\/\/www.parlante.cl\/index.php?rest_route=\/wp\/v2\/media\/112829"}],"wp:attachment":[{"href":"https:\/\/www.parlante.cl\/index.php?rest_route=%2Fwp%2Fv2%2Fmedia&parent=112828"}],"wp:term":[{"taxonomy":"category","embeddable":true,"href":"https:\/\/www.parlante.cl\/index.php?rest_route=%2Fwp%2Fv2%2Fcategories&post=112828"},{"taxonomy":"post_tag","embeddable":true,"href":"https:\/\/www.parlante.cl\/index.php?rest_route=%2Fwp%2Fv2%2Ftags&post=112828"}],"curies":[{"name":"wp","href":"https:\/\/api.w.org\/{rel}","templated":true}]}}