{"id":112831,"date":"2026-01-23T10:25:36","date_gmt":"2026-01-23T13:25:36","guid":{"rendered":"https:\/\/www.parlante.cl\/?p=112831"},"modified":"2026-01-23T10:26:24","modified_gmt":"2026-01-23T13:26:24","slug":"la-primera-version-del-festival-de-teatro-de-la-diversidad-lgbtiq-continua-en-cartelera","status":"publish","type":"post","link":"https:\/\/www.parlante.cl\/?p=112831","title":{"rendered":"La primera versi\u00f3n del Festival de Teatro de la Diversidad LGBTIQ+ contin\u00faa en cartelera"},"content":{"rendered":"<p align=\"justify\"><strong>Las funciones se est\u00e1n realizando los viernes y s\u00e1bados de enero en el Teatro Las Tablas de la comuna de Providencia.<\/p>\n<p align=\"justify\">ENTRADAS EN <a href=\"http:\/\/WWW.ATRAPALO.CL\">WWW.ATRAPALO.CL<\/a><\/strong><\/p>\n<p align=\"justify\">Una intensa temporada es la que ha vivido el primer Festival de Teatro de la Diversidad LGBTIQ+. En este debut en la escena nacional, la Corporaci\u00f3n CoArtRe ha seleccionado tres montajes contempor\u00e1neos que invitan a disfrutar del teatro con foco en la experiencia, el encuentro y la reflexi\u00f3n desde las disidencias. La recta final del evento cultural est\u00e1 en marcha en el Teatro Las Tablas (de Roberto Nicolini), los d\u00edas viernes y s\u00e1bados de enero, en funciones nocturnas que comienzan a las 21:45 horas.<\/p>\n<p align=\"justify\">En el tradicional teatro de la comuna de Providencia se ha dado cita esta programaci\u00f3n compuesta por tres obras de teatro que destacan por su mirada art\u00edstica poderosa, contempor\u00e1nea y profundamente humana. En estas propuestas, incluyendo la ya exhibida \u201cNosotras las Monstruas\u201d, el p\u00fablico puede apreciar temas como la identidad, la memoria, el deseo, la pol\u00edtica y la disidencia, en apuestas con lenguajes esc\u00e9nicos diversos y est\u00e9ticamente s\u00f3lidas.<\/p>\n<p align=\"justify\">La primera versi\u00f3n del Festival de Teatro de la Diversidad LGBTIQ+, se desarrolla en el marco de la celebraci\u00f3n de los 25 a\u00f1os de trayectoria de CoArtRe, en los cuales la corporaci\u00f3n ha sobresalido por su trabajo art\u00edstico y curatorial. Del mismo modo, en el mes de diciembre reci\u00e9n pasado, su directora ejecutiva Jacqueline Roumeau, recibi\u00f3 el premio Trayectoria Mujer Artista Destacada 2025, como parte de los Premios Regionales 2025 del Ministerio de las Culturas, las Artes y el Patrimonio.<\/p>\n<p align=\"justify\"><strong>PROGRAMACI\u00d3N<\/p>\n<p align=\"justify\">NOCHE TAN LINDA<br \/>\nLa historia de Jos\u00e9 Macario\u2013Camelia Margarita, una mujer trans que sue\u00f1a con convertirse en La Lupe como forma de emancipaci\u00f3n personal y art\u00edstica. Un montaje sensible y potente que cruza identidad, memoria y deseo. Texto premiado internacionalmente en Nueva York.<br \/>\n\ud83d\udcc5 16, 17, 23 y 24 de enero | \u23f0 21:45 hrs.<\/p>\n<p align=\"justify\">ZONA CERO<br \/>\nInspirada en el estallido social chileno, la obra sit\u00faa su relato en una c\u00e1rcel de Santiago, donde dos personajes construyen un v\u00ednculo a partir de recuerdos, ficciones cinematogr\u00e1ficas y fracturas sociales.<br \/>\n\ud83d\udcc5 30 y 31 de enero | \u23f0 21:45 hrs.<\/p>\n<p align=\"justify\">El Festival de Teatro de la Diversidad LGBTIQ+ se instala as\u00ed como una nueva propuesta cultural del verano santiaguino: nocturna, reflexiva, provocadora y profundamente conectada con la escena contempor\u00e1nea.<\/p>\n<p align=\"justify\">\ud83c\udf9f Entradas disponibles en <a href=\"http:\/\/Atr\u00e1palo.cl\">Atr\u00e1palo.cl<\/a> y boleter\u00eda del teatro<br \/>\n\u2139\ufe0f M\u00e1s informaci\u00f3n en <a href=\"http:\/\/www.coartre.cl\">www.coartre.cl<\/a><\/strong><\/p>\n","protected":false},"excerpt":{"rendered":"<p>Las funciones se est\u00e1n realizando los viernes y s\u00e1bados de enero en el Teatro Las Tablas de la comuna de Providencia. ENTRADAS EN WWW.ATRAPALO.CL Una intensa temporada es la que ha vivido el primer Festival de Teatro de la Diversidad LGBTIQ+. En este debut en la escena nacional, la Corporaci\u00f3n CoArtRe ha seleccionado tres montajes contempor\u00e1neos que invitan a disfrutar del teatro con foco en la experiencia, el encuentro y la reflexi\u00f3n desde las disidencias. La recta final del evento [&hellip;]<\/p>\n","protected":false},"author":1,"featured_media":112832,"comment_status":"open","ping_status":"open","sticky":false,"template":"","format":"standard","meta":{"footnotes":""},"categories":[9],"tags":[],"class_list":["post-112831","post","type-post","status-publish","format-standard","has-post-thumbnail","hentry","category-teatro"],"_links":{"self":[{"href":"https:\/\/www.parlante.cl\/index.php?rest_route=\/wp\/v2\/posts\/112831","targetHints":{"allow":["GET"]}}],"collection":[{"href":"https:\/\/www.parlante.cl\/index.php?rest_route=\/wp\/v2\/posts"}],"about":[{"href":"https:\/\/www.parlante.cl\/index.php?rest_route=\/wp\/v2\/types\/post"}],"author":[{"embeddable":true,"href":"https:\/\/www.parlante.cl\/index.php?rest_route=\/wp\/v2\/users\/1"}],"replies":[{"embeddable":true,"href":"https:\/\/www.parlante.cl\/index.php?rest_route=%2Fwp%2Fv2%2Fcomments&post=112831"}],"version-history":[{"count":2,"href":"https:\/\/www.parlante.cl\/index.php?rest_route=\/wp\/v2\/posts\/112831\/revisions"}],"predecessor-version":[{"id":112834,"href":"https:\/\/www.parlante.cl\/index.php?rest_route=\/wp\/v2\/posts\/112831\/revisions\/112834"}],"wp:featuredmedia":[{"embeddable":true,"href":"https:\/\/www.parlante.cl\/index.php?rest_route=\/wp\/v2\/media\/112832"}],"wp:attachment":[{"href":"https:\/\/www.parlante.cl\/index.php?rest_route=%2Fwp%2Fv2%2Fmedia&parent=112831"}],"wp:term":[{"taxonomy":"category","embeddable":true,"href":"https:\/\/www.parlante.cl\/index.php?rest_route=%2Fwp%2Fv2%2Fcategories&post=112831"},{"taxonomy":"post_tag","embeddable":true,"href":"https:\/\/www.parlante.cl\/index.php?rest_route=%2Fwp%2Fv2%2Ftags&post=112831"}],"curies":[{"name":"wp","href":"https:\/\/api.w.org\/{rel}","templated":true}]}}