{"id":113284,"date":"2025-06-17T12:25:04","date_gmt":"2025-06-17T15:25:04","guid":{"rendered":"https:\/\/www.parlante.cl\/?p=113284"},"modified":"2026-02-28T12:27:48","modified_gmt":"2026-02-28T15:27:48","slug":"la-iconica-zaz-confirma-su-esperado-retorno-a-chile-en-marzo-de-2026-en-el-teatro-caupolican","status":"publish","type":"post","link":"https:\/\/www.parlante.cl\/?p=113284","title":{"rendered":"La ic\u00f3nica ZAZ confirma su esperado retorno a Chile en marzo de 2026 en el Teatro Caupolic\u00e1n"},"content":{"rendered":"<p align=\"justify\"><strong>ZAZ EN CHILE \u2013 DOMINGO 1 DE MARZO 2026 \u2013 TEATRO CAUPOLIC\u00c1N<\/p>\n<p align=\"justify\">VENTA DE ENTRADAS DESDE EL LUNES 23 DE JUNIO 12:00 (PM) PUNTOTICKET<\/strong><\/p>\n<p align=\"justify\">La cantante ZAZ una de las m\u00e1ximas referentes de la m\u00fasica francesa, se presentar\u00e1 en Chile el domingo 1 de marzo del 2026 en el Teatro Caupolic\u00e1n, en lo que se espera sea uno de los regresos m\u00e1s deseados por aquellos que aman su m\u00fasica y estilo tan particular que mezcla la chanson francesa con el gypsy jazz una fusi\u00f3n que se interpreta a partir del jazz y el swing.<\/p>\n<p align=\"center\"><img decoding=\"async\" src=\"https:\/\/64.media.tumblr.com\/1bce07c933236a0e5558a52b1c8ff0bd\/7dbc2ed7336a6fd0-ef\/s1280x1920\/785f45ca8b65c2526343973a1f650cc8fe2afa05.pnj\" alt=\"null\" \/><\/p>\n<p align=\"justify\">ZAZ, cuyo nombre original es Isabelle Geffroy, se hizo conocida a partir del 2010, a\u00f1o en que estren\u00f3 su \u00e9xito \u201cJe Veux\u201d incluido en su primer disco hom\u00f3nimo y que le abri\u00f3 las puertas tanto a nivel local como en gran parte de Europa.<\/p>\n<p align=\"justify\">En la actualidad la cantautora acaba de estrenar \u201cSains et saufs\u201d y &#8220;Je pardonne\u201d, un doble estreno, los que formar\u00e1n parte de su sexto \u00e1lbum, con el que la artista inaugura una nueva etapa en su ya exitosa carrera musical y que se prev\u00e9 sea lanzado en todo el mundo en el mes de septiembre del presente a\u00f1o. <\/p>\n<p align=\"justify\">La exponente francesa de aterrizar\u00e1 en Santiago el 1 de marzo del pr\u00f3ximo a\u00f1o para hacer un repaso de canciones como la antes mencionada \u201cJe Veux\u201d, adem\u00e1s de &#8220;\u00c9blouie par la nuit&#8221;, &#8220;Que vendr\u00e1&#8221; e \u201cImagine\u201d, entre muchas otras que el p\u00fablico podr\u00e1 disfrutar con la extraordinaria voz de la francesa y su banda en vivo y en directo.<\/p>\n<p align=\"justify\">Las entradas para ver, escuchar y disfrutar a ZAZ el domingo 1 de marzo de 2026 en el Teatro Caupolic\u00e1n estar\u00e1n disponibles desde el lunes 23 de junio desde las 12:00 hrs (PM) a trav\u00e9s de Puntoticket.<\/p>\n","protected":false},"excerpt":{"rendered":"<p>ZAZ EN CHILE \u2013 DOMINGO 1 DE MARZO 2026 \u2013 TEATRO CAUPOLIC\u00c1N VENTA DE ENTRADAS DESDE EL LUNES 23 DE JUNIO 12:00 (PM) PUNTOTICKET La cantante ZAZ una de las m\u00e1ximas referentes de la m\u00fasica francesa, se presentar\u00e1 en Chile el domingo 1 de marzo del 2026 en el Teatro Caupolic\u00e1n, en lo que se espera sea uno de los regresos m\u00e1s deseados por aquellos que aman su m\u00fasica y estilo tan particular que mezcla la chanson francesa con el [&hellip;]<\/p>\n","protected":false},"author":1,"featured_media":113285,"comment_status":"open","ping_status":"open","sticky":false,"template":"","format":"standard","meta":{"footnotes":""},"categories":[3,12],"tags":[],"class_list":["post-113284","post","type-post","status-publish","format-standard","has-post-thumbnail","hentry","category-musica","category-pronto-en-vivo"],"_links":{"self":[{"href":"https:\/\/www.parlante.cl\/index.php?rest_route=\/wp\/v2\/posts\/113284","targetHints":{"allow":["GET"]}}],"collection":[{"href":"https:\/\/www.parlante.cl\/index.php?rest_route=\/wp\/v2\/posts"}],"about":[{"href":"https:\/\/www.parlante.cl\/index.php?rest_route=\/wp\/v2\/types\/post"}],"author":[{"embeddable":true,"href":"https:\/\/www.parlante.cl\/index.php?rest_route=\/wp\/v2\/users\/1"}],"replies":[{"embeddable":true,"href":"https:\/\/www.parlante.cl\/index.php?rest_route=%2Fwp%2Fv2%2Fcomments&post=113284"}],"version-history":[{"count":1,"href":"https:\/\/www.parlante.cl\/index.php?rest_route=\/wp\/v2\/posts\/113284\/revisions"}],"predecessor-version":[{"id":113286,"href":"https:\/\/www.parlante.cl\/index.php?rest_route=\/wp\/v2\/posts\/113284\/revisions\/113286"}],"wp:featuredmedia":[{"embeddable":true,"href":"https:\/\/www.parlante.cl\/index.php?rest_route=\/wp\/v2\/media\/113285"}],"wp:attachment":[{"href":"https:\/\/www.parlante.cl\/index.php?rest_route=%2Fwp%2Fv2%2Fmedia&parent=113284"}],"wp:term":[{"taxonomy":"category","embeddable":true,"href":"https:\/\/www.parlante.cl\/index.php?rest_route=%2Fwp%2Fv2%2Fcategories&post=113284"},{"taxonomy":"post_tag","embeddable":true,"href":"https:\/\/www.parlante.cl\/index.php?rest_route=%2Fwp%2Fv2%2Ftags&post=113284"}],"curies":[{"name":"wp","href":"https:\/\/api.w.org\/{rel}","templated":true}]}}