{"id":113308,"date":"2025-08-19T14:26:04","date_gmt":"2025-08-19T17:26:04","guid":{"rendered":"https:\/\/www.parlante.cl\/?p=113308"},"modified":"2026-03-02T14:36:54","modified_gmt":"2026-03-02T17:36:54","slug":"gilberto-gil-regresa-chile-con-su-gira-de-despedida-tempo-rei","status":"publish","type":"post","link":"https:\/\/www.parlante.cl\/?p=113308","title":{"rendered":"Gilberto Gil regresa a Chile con su gira de despedida Tempo Rei"},"content":{"rendered":"<p align=\"justify\"><strong>El concierto de despedida es parte de la gira \u201cTEMPO REI\u201d, una celebraci\u00f3n inolvidable en honor a la ic\u00f3nica carrera de Gilberto Gil.  A lo largo de seis d\u00e9cadas, este maestro de la m\u00fasica ha transformado, inspirado y unificado culturas a trav\u00e9s de sus melod\u00edas.<\/strong><\/p>\n<p align=\"justify\"><strong>El 4 de noviembre de 2025 en el Movistar Arena, reviviremos sus grandes \u00e9xitos y viviremos una experiencia \u00fanica que quedar\u00e1 grabada en la memoria colectiva. \u00a1No te pierdas la oportunidad de ser parte de esta emotiva despedida!&#8221;<\/p>\n<p align=\"justify\">Las entradas estar\u00e1n disponibles el 21 de agosto al mediod\u00eda en Puntoticket <\/strong><\/p>\n<p align=\"center\"><img decoding=\"async\" src=\"https:\/\/64.media.tumblr.com\/184529389820bcedfe0330f4de23e3eb\/ec3e03f63554fd09-14\/s1280x1920\/f3b0f89f24290db520c8caa01c0b3cff1f560ff4.jpg\" alt=\"null\" \/><\/p>\n<p align=\"justify\">Gilberto Gil, aclamado cantante y compositor brasile\u00f1o, llegar\u00e1 a Chile con \u201cTEMPO REI\u201d, gira de despedida que celebra su ilustre carrera de seis d\u00e9cadas. El adi\u00f3s en tierras nacionales tendr\u00e1 lugar el pr\u00f3ximo 4 de noviembre en Movistar Arena. Las entradas estar\u00e1n a la venta el pr\u00f3ximo jueves 21 de agosto al mediod\u00eda en Puntoticket.<\/p>\n<p align=\"justify\">Con m\u00e1s de 70 \u00e1lbumes y nueve premios Grammy, Gil ha sido una figura central en la modernizaci\u00f3n de la m\u00fasica popular brasile\u00f1a, fusionando estilos como el rock, reggae, bossa nova y samba, y contribuyendo al movimiento del tropicalismo junto a artistas como Caetano Veloso y Gal Costa. <\/p>\n<p align=\"justify\">Comenz\u00f3 su carrera musical con el acorde\u00f3n en la d\u00e9cada de 1950, ha reinventado su sonido a lo largo de los a\u00f1os, incorporando diversas influencias y creando un cat\u00e1logo que refleja la rica cultura brasile\u00f1a. \u201cTEMPO REI\u201d, no s\u00f3lo busca destacar su influencia como cantante y compositor, sino que tambi\u00e9n evoca su historia personal: su encarcelamiento durante la dictadura militar, su rol como ministro de Cultura y su reconocimiento acad\u00e9mico.<\/p>\n<p align=\"justify\">Su legado incluye himnos como Aquele Abra\u00e7o, s\u00edmbolo de resistencia frente a la dictadura militar, y Andar com F\u00e9, una celebraci\u00f3n de la esperanza y la espiritualidad. A estos se suman cl\u00e1sicos como Esperando na Janela, Dr\u00e3o, Refazenda, Palco y Expresso 2222, todos reconocidos por su riqueza mel\u00f3dica y l\u00edrica.<\/p>\n<p align=\"justify\">Gilberto Gil ha sido un agente de cambio como ministro de Cultura de Brasil, impulsando pol\u00edticas innovadoras que democratizaron el acceso al arte y la cultura. Su visi\u00f3n vanguardista sobre la tecnolog\u00eda, evidente en obras como Pela Internet, anticip\u00f3 debates sobre globalizaci\u00f3n y cultura digital. Con una carrera que combina talento, compromiso y experimentaci\u00f3n, Gil contin\u00faa siendo una de las voces m\u00e1s influyentes y respetadas de la m\u00fasica mundial.<\/p>\n<p align=\"justify\">\u201cTEMPO REI\u201d ser\u00e1 una celebraci\u00f3n inmersiva de su legado musical, con una gran banda compuesta en gran parte por su familia, que promete una experiencia emocional y sensorial en torno al concepto del tiempo, un tema recurrente en su obra.<\/p>\n","protected":false},"excerpt":{"rendered":"<p>El concierto de despedida es parte de la gira \u201cTEMPO REI\u201d, una celebraci\u00f3n inolvidable en honor a la ic\u00f3nica carrera de Gilberto Gil. A lo largo de seis d\u00e9cadas, este maestro de la m\u00fasica ha transformado, inspirado y unificado culturas a trav\u00e9s de sus melod\u00edas. El 4 de noviembre de 2025 en el Movistar Arena, reviviremos sus grandes \u00e9xitos y viviremos una experiencia \u00fanica que quedar\u00e1 grabada en la memoria colectiva. \u00a1No te pierdas la oportunidad de ser parte de [&hellip;]<\/p>\n","protected":false},"author":1,"featured_media":113309,"comment_status":"open","ping_status":"open","sticky":false,"template":"","format":"standard","meta":{"footnotes":""},"categories":[3,12],"tags":[],"class_list":["post-113308","post","type-post","status-publish","format-standard","has-post-thumbnail","hentry","category-musica","category-pronto-en-vivo"],"_links":{"self":[{"href":"https:\/\/www.parlante.cl\/index.php?rest_route=\/wp\/v2\/posts\/113308","targetHints":{"allow":["GET"]}}],"collection":[{"href":"https:\/\/www.parlante.cl\/index.php?rest_route=\/wp\/v2\/posts"}],"about":[{"href":"https:\/\/www.parlante.cl\/index.php?rest_route=\/wp\/v2\/types\/post"}],"author":[{"embeddable":true,"href":"https:\/\/www.parlante.cl\/index.php?rest_route=\/wp\/v2\/users\/1"}],"replies":[{"embeddable":true,"href":"https:\/\/www.parlante.cl\/index.php?rest_route=%2Fwp%2Fv2%2Fcomments&post=113308"}],"version-history":[{"count":2,"href":"https:\/\/www.parlante.cl\/index.php?rest_route=\/wp\/v2\/posts\/113308\/revisions"}],"predecessor-version":[{"id":113314,"href":"https:\/\/www.parlante.cl\/index.php?rest_route=\/wp\/v2\/posts\/113308\/revisions\/113314"}],"wp:featuredmedia":[{"embeddable":true,"href":"https:\/\/www.parlante.cl\/index.php?rest_route=\/wp\/v2\/media\/113309"}],"wp:attachment":[{"href":"https:\/\/www.parlante.cl\/index.php?rest_route=%2Fwp%2Fv2%2Fmedia&parent=113308"}],"wp:term":[{"taxonomy":"category","embeddable":true,"href":"https:\/\/www.parlante.cl\/index.php?rest_route=%2Fwp%2Fv2%2Fcategories&post=113308"},{"taxonomy":"post_tag","embeddable":true,"href":"https:\/\/www.parlante.cl\/index.php?rest_route=%2Fwp%2Fv2%2Ftags&post=113308"}],"curies":[{"name":"wp","href":"https:\/\/api.w.org\/{rel}","templated":true}]}}