{"id":113323,"date":"2026-03-03T09:28:18","date_gmt":"2026-03-03T12:28:18","guid":{"rendered":"https:\/\/www.parlante.cl\/?p=113323"},"modified":"2026-03-03T09:28:46","modified_gmt":"2026-03-03T12:28:46","slug":"the-fall-of-troy-llega-a-chile-el-ansiado-debut-del-cometa-mas-ruidoso-en-el-horizonte","status":"publish","type":"post","link":"https:\/\/www.parlante.cl\/?p=113323","title":{"rendered":"The Fall of Troy llega a Chile: El ansiado debut del cometa m\u00e1s ruidoso en el horizonte"},"content":{"rendered":"<p>Por Eliseo Mu\u00f1oz.<\/p>\n<p align=\"justify\">Finalmente, tras much\u00edsimos a\u00f1os de espera y luego de observar con envidia c\u00f3mo la banda celebraba las dos d\u00e9cadas de <em>Doppelg\u00e4nger<\/em> con giras por Australia, Europa, Norteam\u00e9rica y Asia, un inesperado anuncio cambi\u00f3 por completo el panorama.<\/p>\n<p><iframe title=\"The Fall of Troy feat. CHON - &quot;F.C.P.R.E.M.I.X.&quot; - Live at the Audiotree Music Festival 2015\" width=\"750\" height=\"422\" src=\"https:\/\/www.youtube.com\/embed\/-84ugvNdILw?feature=oembed\" frameborder=\"0\" allow=\"accelerometer; autoplay; clipboard-write; encrypted-media; gyroscope; picture-in-picture; web-share\" referrerpolicy=\"strict-origin-when-cross-origin\" allowfullscreen><\/iframe><\/p>\n<p align=\"justify\"><strong>The Fall of Troy<\/strong> finalmente visitar\u00e1 nuestro continente, con fechas en Per\u00fa, Colombia, Argentina, Brasil, M\u00e9xico y Chile, donde se presentar\u00e1n este pr\u00f3ximo <strong>jueves 5 de marzo en el Teatro Cariola<\/strong>. La banda llega derrochando toda la explosividad de su segundo disco, <em>Doppelg\u00e4nger<\/em>, el cual consiste en una versi\u00f3n &#8220;mejorada&#8221; de su primer lanzamiento <em>hom\u00f3nimo<\/em> (publicado all\u00e1 por el 2003), cuando el post-hardcore se apoderaba de la escena norteamericana.<\/p>\n<p align=\"justify\">Sin embargo, la agrupaci\u00f3n no se quedar\u00eda solo dentro de esa categor\u00eda. La agrupaci\u00f3n destac\u00f3 r\u00e1pidamente por la locura de sus melod\u00edas, entre veloces y afilados riffs de guitarra y los agudos gritos de <strong>Thomas Erak<\/strong>. El bajo de <strong>Tim Ward<\/strong> se esfuerza por afirmar y dar sentido a aquella manifestaci\u00f3n que, apoyada en la destreza de <strong>Andrew Forsman<\/strong> en la bater\u00eda, logra con creces fusionar el post-hardcore con tintes de math rock, creando un sonido fren\u00e9tico y especial.<\/p>\n<p align=\"justify\"><em>Doppelg\u00e4nger<\/em> vio la luz en 2005 y ha sido su mayor \u00e9xito comercial hasta la fecha. Recibi\u00f3 una exposici\u00f3n masiva gracias al videoclip de <strong>\u201cF.C.P.R.E.M.I.X.\u201d<\/strong>, que con su intrigante riff de introducci\u00f3n capt\u00f3 r\u00e1pidamente la atenci\u00f3n de los medios, siendo rotado en MTV y llegando a audiencias internacionales gracias a su inclusi\u00f3n en el videojuego <strong>Guitar Hero 3: Legends of Rock<\/strong>. Al ser una de las canciones \u201csecretas\u201d m\u00e1s complicadas de superar, aprender el patr\u00f3n de la guitarra requer\u00eda tantos intentos que resultaba imposible no convertirse en un fan\u00e1tico del tema. De este disco tambi\u00e9n destacan \u00e9xitos como <strong>\u201cMouths Like Sidewinder Missiles\u201d, \u201cWhacko Jacko Steals The Elephant Man\u2019s Bones\u201d o \u201cAct One, Scene One\u201d<\/strong>. Un \u00e1lbum imperdible de principio a fin; en \u00e9l no existe espacio para nada m\u00e1s que la convulsi\u00f3n y el desorden.<\/p>\n<p><iframe title=\"Thomas Erak ft. CHON - Full Set - Audiotree Live in Austin 2015\" width=\"750\" height=\"422\" src=\"https:\/\/www.youtube.com\/embed\/R_w_Vr834-c?start=315&#038;feature=oembed\" frameborder=\"0\" allow=\"accelerometer; autoplay; clipboard-write; encrypted-media; gyroscope; picture-in-picture; web-share\" referrerpolicy=\"strict-origin-when-cross-origin\" allowfullscreen><\/iframe><\/p>\n<p align=\"justify\">La banda continu\u00f3 su trayecto en 2008 con <em>Manipulator<\/em>. En una constante expansi\u00f3n de su direcci\u00f3n musical, este disco conserv\u00f3 la velocidad de sus trabajos anteriores, dejando que la locura tomara el tim\u00f3n. El resultado son 50 minutos de puro desconcierto: un \u00e1lbum ecl\u00e9ctico e impredecible que aloja sonidos m\u00e1s \u201cpop\u201d para otorgar un poco de cohesi\u00f3n entre la tormenta. <strong>\u201cSledgehammer\u201d, \u201cEx-Creations\u201d y \u201cSeattlanis\u201d<\/strong> son grandes demostraciones de esto, ya que, dentro de una sola canci\u00f3n, los cambios son tan abruptos e inquietantes que pareciera que escuchamos a artistas diferentes en un mismo tema.<\/p>\n<p><iframe title=\"The Fall of Troy &quot;Ex-Creations&quot; (Official Music Video)\" width=\"750\" height=\"422\" src=\"https:\/\/www.youtube.com\/embed\/6ZWhy68Hd-U?feature=oembed\" frameborder=\"0\" allow=\"accelerometer; autoplay; clipboard-write; encrypted-media; gyroscope; picture-in-picture; web-share\" referrerpolicy=\"strict-origin-when-cross-origin\" allowfullscreen><\/iframe><\/p>\n<p align=\"justify\">Tras la salida de <strong>Tim Ward<\/strong> en 2008, la banda enlist\u00f3 a <strong>Frank Ene<\/strong> en las cuatro cuerdas para embarcarse en un EP conceptual titulado <em>Phantom on the Horizon<\/em>, compuesto por cinco canciones recuperadas del demo <em>Ghostship<\/em> que la banda trabaj\u00f3 en 2004. El disco narra la historia de un gale\u00f3n espa\u00f1ol que, en su traves\u00eda, es interceptado por un barco fantasma de otra dimensi\u00f3n.<\/p>\n<p><iframe title=\"The Fall of Troy -Panic Attack! (Live@Glasshouse)\" width=\"750\" height=\"422\" src=\"https:\/\/www.youtube.com\/embed\/6_SfevMs1Ek?feature=oembed\" frameborder=\"0\" allow=\"accelerometer; autoplay; clipboard-write; encrypted-media; gyroscope; picture-in-picture; web-share\" referrerpolicy=\"strict-origin-when-cross-origin\" allowfullscreen><\/iframe><\/p>\n<p align=\"justify\">Le seguir\u00eda su cuarto disco, <em>In the Unlikely Event<\/em>, publicado en 2009. Este ser\u00eda el \u00faltimo trabajo antes de su disoluci\u00f3n ese mismo a\u00f1o, lo que gener\u00f3 una larga pausa hasta 2013. En esa fecha, la formaci\u00f3n original se reuni\u00f3 para tres presentaciones especiales donde tocaron sus tres primeros \u00e1lbumes \u00edntegramente. Esto aliment\u00f3 los rumores de un quinto disco que finalmente se publicar\u00eda en 2016 bajo el t\u00edtulo <em>OK<\/em>. Este ser\u00eda el \u00faltimo trabajo con <strong>Tim Ward<\/strong>, quien abandon\u00f3 la banda de manera abrupta al inicio de una presentaci\u00f3n en plena gira promocional. M\u00e1s tarde ser\u00eda reemplazado por <strong>Jon-Henry Batts<\/strong>, quien se mantiene en la formaci\u00f3n que nos visitar\u00e1 prontamente.<\/p>\n<p align=\"justify\">En 2020 lanzaron su, hasta ahora, \u00faltimo disco: <em>Mukiltearth<\/em>. Este rescata seis canciones de un viejo EP grabado en su adolescencia, cuando su sonido a\u00fan estaba &#8220;en pa\u00f1ales&#8221; pero ya ten\u00eda inclinaciones claramente definidas. El \u00e1lbum se mantiene fiel a la esencia de la banda \u2014al ser en gran parte una regrabaci\u00f3n\u2014 pero sin perder la evoluci\u00f3n lograda en sus entregas m\u00e1s recientes. El material se liber\u00f3 de forma gratuita el 5 de agosto de aquel a\u00f1o, en plena pandemia.<\/p>\n<p><iframe title=\"The Fall of Troy - Chain Wallet, Nike Shoes\" width=\"750\" height=\"422\" src=\"https:\/\/www.youtube.com\/embed\/p3ERsVuK1q8?feature=oembed\" frameborder=\"0\" allow=\"accelerometer; autoplay; clipboard-write; encrypted-media; gyroscope; picture-in-picture; web-share\" referrerpolicy=\"strict-origin-when-cross-origin\" allowfullscreen><\/iframe><\/p>\n<p align=\"justify\">La oportunidad de presenciar un show de <strong>The Fall of Troy<\/strong> en vivo est\u00e1 a solo horas de distancia; un evento que dif\u00edcilmente vuelva a repetirse. La oportunidad es ahora. Entradas a\u00fan disponibles a trav\u00e9s del sistema Ticketplus.<\/p>\n<p align=\"center\"><img decoding=\"async\" src=\"https:\/\/64.media.tumblr.com\/565647bdeb1ca213df0243b9d16c275a\/ce63eba66e93ac31-06\/s1280x1920\/c434cda3acacec6cb5007f7ad3a77367eea22d30.pnj\" alt=\"null\" \/><\/p>\n","protected":false},"excerpt":{"rendered":"<p>Por Eliseo Mu\u00f1oz. Finalmente, tras much\u00edsimos a\u00f1os de espera y luego de observar con envidia c\u00f3mo la banda celebraba las dos d\u00e9cadas de Doppelg\u00e4nger con giras por Australia, Europa, Norteam\u00e9rica y Asia, un inesperado anuncio cambi\u00f3 por completo el panorama. The Fall of Troy finalmente visitar\u00e1 nuestro continente, con fechas en Per\u00fa, Colombia, Argentina, Brasil, M\u00e9xico y Chile, donde se presentar\u00e1n este pr\u00f3ximo jueves 5 de marzo en el Teatro Cariola. La banda llega derrochando toda la explosividad de su [&hellip;]<\/p>\n","protected":false},"author":18,"featured_media":113324,"comment_status":"open","ping_status":"open","sticky":false,"template":"","format":"standard","meta":{"footnotes":""},"categories":[3,12],"tags":[],"class_list":["post-113323","post","type-post","status-publish","format-standard","has-post-thumbnail","hentry","category-musica","category-pronto-en-vivo"],"_links":{"self":[{"href":"https:\/\/www.parlante.cl\/index.php?rest_route=\/wp\/v2\/posts\/113323","targetHints":{"allow":["GET"]}}],"collection":[{"href":"https:\/\/www.parlante.cl\/index.php?rest_route=\/wp\/v2\/posts"}],"about":[{"href":"https:\/\/www.parlante.cl\/index.php?rest_route=\/wp\/v2\/types\/post"}],"author":[{"embeddable":true,"href":"https:\/\/www.parlante.cl\/index.php?rest_route=\/wp\/v2\/users\/18"}],"replies":[{"embeddable":true,"href":"https:\/\/www.parlante.cl\/index.php?rest_route=%2Fwp%2Fv2%2Fcomments&post=113323"}],"version-history":[{"count":2,"href":"https:\/\/www.parlante.cl\/index.php?rest_route=\/wp\/v2\/posts\/113323\/revisions"}],"predecessor-version":[{"id":113326,"href":"https:\/\/www.parlante.cl\/index.php?rest_route=\/wp\/v2\/posts\/113323\/revisions\/113326"}],"wp:featuredmedia":[{"embeddable":true,"href":"https:\/\/www.parlante.cl\/index.php?rest_route=\/wp\/v2\/media\/113324"}],"wp:attachment":[{"href":"https:\/\/www.parlante.cl\/index.php?rest_route=%2Fwp%2Fv2%2Fmedia&parent=113323"}],"wp:term":[{"taxonomy":"category","embeddable":true,"href":"https:\/\/www.parlante.cl\/index.php?rest_route=%2Fwp%2Fv2%2Fcategories&post=113323"},{"taxonomy":"post_tag","embeddable":true,"href":"https:\/\/www.parlante.cl\/index.php?rest_route=%2Fwp%2Fv2%2Ftags&post=113323"}],"curies":[{"name":"wp","href":"https:\/\/api.w.org\/{rel}","templated":true}]}}