{"id":113339,"date":"2026-02-27T16:06:18","date_gmt":"2026-02-27T19:06:18","guid":{"rendered":"https:\/\/www.parlante.cl\/?p=113339"},"modified":"2026-03-03T16:09:10","modified_gmt":"2026-03-03T19:09:10","slug":"se-confirman-las-bandas-nacionales-que-abriran-el-show-de-the-fall-of-troy-en-chile","status":"publish","type":"post","link":"https:\/\/www.parlante.cl\/?p=113339","title":{"rendered":"Se confirman las bandas nacionales que abrir\u00e1n el show de The Fall of Troy en Chile"},"content":{"rendered":"<p align=\"justify\"><strong>Dos ser\u00e1n las agrupaciones nacionales que se encargar\u00e1n de dar la apertura a este debut en Chile.<\/strong><\/p>\n<p align=\"justify\">En el marco de una gira latinoamericana que tambi\u00e9n pasar\u00e1 por pa\u00edses como Argentina, Brasil y M\u00e9xico, The Fall of Troy, power tr\u00edo que mezcla la agresividad del post-hardcore y el punk con la complejidad del math rock, acaba de confirmar su primer concierto en Chile para celebrar nada menos que los 20 a\u00f1os de \u201cDoppelg\u00e4nger\u201d, su segundo \u00e1lbum de estudio y, sin duda, uno de los m\u00e1s emblem\u00e1ticos de toda su carrera.<\/p>\n<p align=\"center\"><img decoding=\"async\" src=\"https:\/\/64.media.tumblr.com\/565647bdeb1ca213df0243b9d16c275a\/0c91319f5cd0288a-84\/s1280x1920\/fa944da2e983ba4f4a1ae33d95eac12cdf72d6c7.pnj\" alt=\"null\" \/><\/p>\n<p align=\"justify\">Fundada en el a\u00f1o 2002 en Mukilteo, Washington (E.E.U.U.), The Fall of Troy se caracteriza por ser una de las agrupaciones m\u00e1s innovadoras pertenecientes a la vieja escuela del post-hardcore y, adem\u00e1s, destaca por su t\u00e9cnica y dinamismo musical, utilizando estructuras poco convencionales en el abanico de canciones que han compuesto a lo largo de estos m\u00e1s de 23 a\u00f1os de trayectoria.<\/p>\n<p align=\"justify\">Con seis discos de estudio y una pausa que dur\u00f3 alrededor de tres a\u00f1os entre el 2010 y 2013, el power tr\u00edo conformado actualmente por Thomas Erak en voz, guitarra y teclados; Andrew Forsman en la bater\u00eda y Jon-Henry Batts en el bajo y guturales, llegar\u00e1 el pr\u00f3ximo 5 de marzo al Teatro Cariola para interpretar lo mejor de su discograf\u00eda, dando \u00e9nfasis sobre todo a su \u00e1lbum \u201cDoppelg\u00e4nger\u201d (2005), el cual acaba de cumplir 20 a\u00f1os desde su lanzamiento.<\/p>\n<p align=\"justify\">Y a esta incre\u00edble velada, se acaban de sumar las agrupaciones nacionales Delta y Matar a Grax, quienes se encargar\u00e1n de abrir los fuegos de la manera m\u00e1s potente en el recinto ubicado en la calle San Diego.<\/p>\n<p align=\"justify\">Formada en el a\u00f1o 2003 en Santiago de Chile, Delta cuenta con siete discos de estudio, adem\u00e1s de dos EPs, dos DVDs y una gran cantidad de hitos importantes a lo largo de su carrera y, actualmente, la banda est\u00e1 compuesta por Paula Loza en voz principal, Marcos S\u00e1nchez en el bajo, Andr\u00e9s Rojas en la bater\u00eda, V\u00edctor Quezada en guitarra y Nicol\u00e1s Quinteros en teclados.<\/p>\n<p align=\"justify\">Con alrededor de ocho a\u00f1os de trayectoria, Matar a Grax llegar\u00e1 al Teatro Cariola con su particular estilo que alude a los peluches y los gorros. Con sonidos ligados al math-punk, al hardcore y a la m\u00fasica experimental, los nacionales mezclar\u00e1n humor con m\u00fasica y performance, mientras presentan lo mejor de su trayectoria. Como punto importante, los santiaguinos se encuentran ad portas de lanzar su pr\u00f3ximo trabajo discogr\u00e1fico, el que espera ver la luz durante este a\u00f1o.<\/p>\n<p align=\"justify\"><strong>La venta de entradas se encuentra disponible a trav\u00e9s de Ticketplus y los valores, m\u00e1s cargo por servicio, son:<\/p>\n<p align=\"justify\">G\u0335e\u0335n\u0335e\u0335r\u0335a\u0335l\u0335 \u0335-\u0335 \u0335P\u0335r\u0335e\u0335v\u0335e\u0335n\u0335t\u0335a\u0335 \u03351\u0335:\u0335 \u0335$\u03353\u03352\u0335.\u03350\u03350\u03350\u0335 AGOTADO<br \/>\nGeneral &#8211; Preventa 2: $35.000<br \/>\nGeneral &#8211; D\u00eda del evento: $38.000<\/p>\n<p align=\"justify\">*Una vez que cancha llegue a su capacidad m\u00e1xima, la producci\u00f3n se reserva el acceso \u201cGeneral\u201d por platea. Se recomienda llegar temprano.<\/strong><\/p>\n","protected":false},"excerpt":{"rendered":"<p>Dos ser\u00e1n las agrupaciones nacionales que se encargar\u00e1n de dar la apertura a este debut en Chile. En el marco de una gira latinoamericana que tambi\u00e9n pasar\u00e1 por pa\u00edses como Argentina, Brasil y M\u00e9xico, The Fall of Troy, power tr\u00edo que mezcla la agresividad del post-hardcore y el punk con la complejidad del math rock, acaba de confirmar su primer concierto en Chile para celebrar nada menos que los 20 a\u00f1os de \u201cDoppelg\u00e4nger\u201d, su segundo \u00e1lbum de estudio y, sin [&hellip;]<\/p>\n","protected":false},"author":1,"featured_media":113341,"comment_status":"open","ping_status":"open","sticky":false,"template":"","format":"standard","meta":{"footnotes":""},"categories":[3,12],"tags":[],"class_list":["post-113339","post","type-post","status-publish","format-standard","has-post-thumbnail","hentry","category-musica","category-pronto-en-vivo"],"_links":{"self":[{"href":"https:\/\/www.parlante.cl\/index.php?rest_route=\/wp\/v2\/posts\/113339","targetHints":{"allow":["GET"]}}],"collection":[{"href":"https:\/\/www.parlante.cl\/index.php?rest_route=\/wp\/v2\/posts"}],"about":[{"href":"https:\/\/www.parlante.cl\/index.php?rest_route=\/wp\/v2\/types\/post"}],"author":[{"embeddable":true,"href":"https:\/\/www.parlante.cl\/index.php?rest_route=\/wp\/v2\/users\/1"}],"replies":[{"embeddable":true,"href":"https:\/\/www.parlante.cl\/index.php?rest_route=%2Fwp%2Fv2%2Fcomments&post=113339"}],"version-history":[{"count":1,"href":"https:\/\/www.parlante.cl\/index.php?rest_route=\/wp\/v2\/posts\/113339\/revisions"}],"predecessor-version":[{"id":113340,"href":"https:\/\/www.parlante.cl\/index.php?rest_route=\/wp\/v2\/posts\/113339\/revisions\/113340"}],"wp:featuredmedia":[{"embeddable":true,"href":"https:\/\/www.parlante.cl\/index.php?rest_route=\/wp\/v2\/media\/113341"}],"wp:attachment":[{"href":"https:\/\/www.parlante.cl\/index.php?rest_route=%2Fwp%2Fv2%2Fmedia&parent=113339"}],"wp:term":[{"taxonomy":"category","embeddable":true,"href":"https:\/\/www.parlante.cl\/index.php?rest_route=%2Fwp%2Fv2%2Fcategories&post=113339"},{"taxonomy":"post_tag","embeddable":true,"href":"https:\/\/www.parlante.cl\/index.php?rest_route=%2Fwp%2Fv2%2Ftags&post=113339"}],"curies":[{"name":"wp","href":"https:\/\/api.w.org\/{rel}","templated":true}]}}