{"id":113342,"date":"2026-03-04T08:55:43","date_gmt":"2026-03-04T11:55:43","guid":{"rendered":"https:\/\/www.parlante.cl\/?p=113342"},"modified":"2026-03-08T23:10:47","modified_gmt":"2026-03-09T02:10:47","slug":"conversamos-con-de-saloon-en-lolla-haremos-un-show-de-grandes-exitos-para-que-la-gente-cante-los-clasicos-pero-tambien-aprovecharemos-para-mostrar-los-nuevos-sencillos","status":"publish","type":"post","link":"https:\/\/www.parlante.cl\/?p=113342","title":{"rendered":"Conversamos con De Saloon: &#8220;En Lolla haremos un show de grandes \u00e9xitos para que la gente cante los cl\u00e1sicos y aprovecharemos de mostrar los nuevos sencillos&#8221;"},"content":{"rendered":"<p>Por Francisco Aguilar A.<\/p>\n<p align=\"justify\">Luego de diez a\u00f1os sin publicar un trabajo de estudio, la banda chilena <strong>De Saloon<\/strong> prepara su gran regreso con un nuevo \u00e1lbum y su pr\u00f3xima presentaci\u00f3n en <strong>Lollapalooza Chile 2026<\/strong>. El conjunto, formado por <strong>Ricardo Barrenechea<\/strong> en bater\u00eda, el bajista <strong>Roberto &#8220;Otto&#8221; Arancibia<\/strong> y el vocalista y guitarrista <strong>Jean Pierre &#8220;Piero&#8221; Duhart<\/strong>, dio sus primeros pasos mientras sus integrantes terminaban el colegio. Se dieron a conocer en la escena nacional en 1999 con el sencillo <strong>&#8220;Esfumar&#8221;<\/strong> y, desde entonces, han grabado siete \u00e1lbumes. El m\u00e1s reciente, <em>El Sonido del Misterio<\/em>, representa un reencuentro con la esencia del tr\u00edo penquista que conquist\u00f3 a Latinoam\u00e9rica con himnos como <strong>&#8220;T\u00e9&#8221; y &#8220;D\u00e9jalo&#8221;<\/strong>.<\/p>\n<p align=\"justify\">Producida por <strong>Piero Duhart<\/strong> y grabada \u00edntegramente por los tres miembros fundadores \u2014sin m\u00fasicos invitados ni artificios externos\u2014, la obra busca capturar la intimidad que define a la banda desde sus inicios, explorando tem\u00e1ticas como la vida, el amor y el paso del tiempo.<\/p>\n<p align=\"justify\">Conversamos con Piero <strong>(P)<\/strong> y Otto <strong>(O)<\/strong> sobre todo lo que se viene este 2026. Todo el detalle, a continuaci\u00f3n:<\/p>\n<p align=\"justify\"><strong>Para comenzar, gracias por su tiempo. Cu\u00e9ntenme c\u00f3mo est\u00e1n viviendo estos \u00faltimos d\u00edas del verano. Han estado de gira desde noviembre, as\u00ed que imagino que todo ha sido bastante intenso<\/strong><\/p>\n<p align=\"justify\"><em><strong>P:<\/strong> Estamos a mitad de gira. Lanzamos el disco en octubre y partimos el tour en noviembre; hemos recorrido la mayor cantidad de ciudades posible y estamos gratamente sorprendidos por el recibimiento. Es muy bonito tener una banda con m\u00e1s de 25 a\u00f1os de trayectoria y darse cuenta de que la gente segu\u00eda esperando nuestra m\u00fasica. M\u00e1s all\u00e1 de los logros, lo mejor es saber que el p\u00fablico realmente lo necesitaba.<\/em><\/p>\n<p align=\"justify\"><em>Sentimos que era un \u00e1lbum muy esperado. Nuestros fans de siempre est\u00e1n ah\u00ed, pero tambi\u00e9n mucha gente nueva se ha volcado al grupo o ha ido a vernos por primera vez. De Saloon tiene esa caracter\u00edstica del single popular: canciones hechas para que las cante mucha gente en festivales frente a miles de personas. Ahora estamos cerrando esta etapa de verano enfocados en Lollapalooza, REC y otros festivales, y luego seguiremos hasta mayo con la gira propia de El Sonido del Misterio.<\/em><\/p>\n<p><iframe title=\"DE SALOON - NUNCA NUNCA ( VIDEO OFICIAL )\" width=\"750\" height=\"422\" src=\"https:\/\/www.youtube.com\/embed\/1tvYyQONO-o?feature=oembed\" frameborder=\"0\" allow=\"accelerometer; autoplay; clipboard-write; encrypted-media; gyroscope; picture-in-picture; web-share\" referrerpolicy=\"strict-origin-when-cross-origin\" allowfullscreen><\/iframe><\/p>\n<p align=\"justify\"><strong>Hablemos de este s\u00e9ptimo \u00e1lbum. Otto, cu\u00e9ntame sobre los conceptos y lo que buscaban con esta producci\u00f3n<\/strong><\/p>\n<p align=\"justify\"><em><strong>O:<\/strong> El Sonido del Misterio obedece a una necesidad del grupo. Nunca dejamos de tocar en vivo, pero s\u00ed tuvimos una pausa discogr\u00e1fica importante, con algunos hitos de colaboraciones y una pandemia de por medio. Ten\u00edamos la necesidad de entrar nuevamente en ese mundo creativo, que es muy distinto al de las giras. Consideramos que el 2025, al cumplir 25 a\u00f1os de carrera, era el momento ideal para hacerle un regalo a los fans de toda la vida.<\/em><\/p>\n<p align=\"justify\"><em>Fue un proceso largo y motivante. Entras en un estado paralelo: te juntas por la ma\u00f1ana, pruebas ideas, almuerzas, sigues trabajando y te vas a casa d\u00e1ndole vueltas a lo grabado para volver al d\u00eda siguiente con algo nuevo. Hacer una gira nacional mostrando material in\u00e9dito es un motivo de orgullo, y que aparezcan hitos como los festivales es el fruto de ese trabajo.<\/em><\/p>\n<p align=\"justify\"><strong>En este disco se da el concepto de no tener invitados ni m\u00fasicos de sesi\u00f3n. Piero, \u00bfc\u00f3mo nace esa idea?<\/strong><\/p>\n<p align=\"justify\"><em><strong>P:<\/strong> Naci\u00f3 de m\u00ed. Ofici\u00e9 como productor musical y les dije a los chicos que necesitaba hacer un nuevo disco porque ya llev\u00e1bamos mucho tiempo en el \u00e1rea de confort de los grandes cl\u00e1sicos. Entend\u00eda que la distancia entre \u00e1lbumes ameritaba tratar el proceso como una obra integral. Hoy en d\u00eda la relevancia de un disco es distinta, porque la gente consume principalmente sencillos, as\u00ed que este deb\u00eda ser una piedra angular en nuestra carrera.<\/em><\/p>\n<p align=\"justify\"><em>Propuse que fuera algo conceptual, adoptando el &#8220;misterio&#8221; como el eje que atraviesa todo el \u00e1lbum. Quer\u00edamos volver a la g\u00e9nesis: tres amigos en una sala de ensayo haciendo m\u00fasica. Por eso decidimos tocar todos los instrumentos nosotros tres, sin feats. Aunque los sellos siempre te piden colaboraciones por el alcance digital, fuimos testarudos. Quer\u00edamos hacerlo a nuestra forma y funcion\u00f3. El disco suena al ADN de la banda, con todos nuestros colores: la balada, lo m\u00e1s alegre y lo m\u00e1s melanc\u00f3lico. Pero ojo, no es una mirada retrospectiva; es la fotograf\u00eda de De Saloon en 2026, con nuestra madurez actual en la escritura y la producci\u00f3n.<\/em><\/p>\n<p><iframe title=\"De Saloon - Ahora Me Toca A M\u00ed (Video Oficial)\" width=\"750\" height=\"422\" src=\"https:\/\/www.youtube.com\/embed\/Y99grN3W9yw?feature=oembed\" frameborder=\"0\" allow=\"accelerometer; autoplay; clipboard-write; encrypted-media; gyroscope; picture-in-picture; web-share\" referrerpolicy=\"strict-origin-when-cross-origin\" allowfullscreen><\/iframe><\/p>\n<p align=\"justify\"><strong>Han mencionado el paso del tiempo. \u00bfC\u00f3mo ven el cambio generacional en su audiencia? \u00bfNotan que ahora asisten a sus shows padres con sus hijos?<\/strong><\/p>\n<p align=\"justify\"><em><strong>O:<\/strong> Totalmente. En nuestro primer momento mainstream fuimos la banda de los adolescentes en Chile. Esos adolescentes hoy tienen treinta y tantos, y es incre\u00edble ver c\u00f3mo el p\u00fablico crece contigo: pasamos de ser la banda de los escolares a la de los universitarios y ahora a la de los adultos j\u00f3venes.<\/em><\/p>\n<p align=\"justify\"><em>Sin embargo, hoy tenemos una constante renovaci\u00f3n. J\u00f3venes de entre 15 y 20 a\u00f1os que quieren salir de lo que suena en las radios comerciales llegan a De Saloon. Nos hemos transformado en una banda familiar. Ves al pap\u00e1 con el hijo en su primer concierto y es muy gratificante. Nosotros somos un grupo que toca mucho en regiones, en ciudades peque\u00f1as y grandes, en todo tipo de escenarios. Ese trabajo de a\u00f1os, de tocar incluso de madrugada en discotecas de lugares alejados, hoy rinde sus frutos. Somos una banda del pa\u00eds.<\/em><\/p>\n<p align=\"justify\"><strong>Acerc\u00e1ndonos a Lollapalooza 2026, estar\u00e1n el s\u00e1bado en el Alternative Stage. Es su segunda vez en el festival tras su paso en 2013. \u00bfC\u00f3mo se gest\u00f3 esta invitaci\u00f3n?<\/strong><\/p>\n<p align=\"justify\"><em><strong>P:<\/strong> Todo es parte del impulso del nuevo disco. Nos propusimos volver a escenarios en los que no hab\u00edamos estado hace mucho. Con este \u00e1lbum se celebra la vigencia de la banda; no fue un &#8220;se demoraron diez a\u00f1os para esto&#8221;, sino todo lo contrario. Llegar a Lollapalooza y al REC con m\u00fasica nueva es fundamental. Obviamente, al ser un festival con tiempo acotado, haremos un show de grandes \u00e9xitos para que la gente cante los cl\u00e1sicos y aprovecharemos de mostrar los nuevos sencillos.<\/em><\/p>\n<p align=\"justify\"><strong>En agosto de 2025 se presentaron en un show previo de Lollapalooza en Providencia antes de conocerse el cartel oficial. Otto, t\u00fa no pudiste estar en esa ocasi\u00f3n, \u00bfc\u00f3mo lo viviste a la distancia?<\/strong><\/p>\n<p align=\"justify\"><em><strong>O:<\/strong> Estaba en Alemania visitando a mi hijo y mi manager me llam\u00f3 para decirme que hab\u00eda salido ese show, pero que yo no estar\u00eda. Los chicos se la jugaron y armaron un set sin m\u00ed. Fue emocionante ver desde lejos las notificaciones y los mensajes de la gente preguntando si me hab\u00eda ido de la banda (r\u00ede). Fue muy bonito ver la capacidad de convocatoria de la marca De Saloon: se anunci\u00f3 casi de un d\u00eda para otro y llegaron m\u00e1s de mil personas a una zona puntual de Providencia. Lo mismo nos pas\u00f3 despu\u00e9s en la estaci\u00f3n Quinta Normal del Metro; son momentos donde se pone a prueba el cari\u00f1o del p\u00fablico.<\/em><\/p>\n<p><iframe title=\"De Saloon - Te\" width=\"750\" height=\"563\" src=\"https:\/\/www.youtube.com\/embed\/FIxZVRkCn3I?feature=oembed\" frameborder=\"0\" allow=\"accelerometer; autoplay; clipboard-write; encrypted-media; gyroscope; picture-in-picture; web-share\" referrerpolicy=\"strict-origin-when-cross-origin\" allowfullscreen><\/iframe><\/p>\n<p align=\"justify\"><strong>En los festivales actuales hay una fuerte presencia nacional, con bandas como Dracma, Gondwana y nuevas propuestas como Candelabro o Hesse Kassel. Piero, \u00bfc\u00f3mo es su relaci\u00f3n con esta nueva camada?<\/strong><\/p>\n<p align=\"justify\"><em><strong>P:<\/strong> Es muy bonito porque se est\u00e1 generando una nueva escena de lo que podr\u00edamos llamar el &#8220;nuevo rock&#8221;. Es m\u00fasica chilena basada en guitarras y bater\u00edas, y la relaci\u00f3n es muy real. Conoc\u00ed por el algoritmo a una banda llamada Anttonias, que me gust\u00f3 mucho. Luego coincidimos en un programa de televisi\u00f3n y nos contaron que sus pap\u00e1s les mostraban De Saloon y que \u00e9ramos una influencia para ellos.<\/em><\/p>\n<p align=\"justify\"><em>Los invitamos al lanzamiento de nuestro disco en el Teatro Coliseo y compartimos en el backstage. Es lo mismo que nos pas\u00f3 a nosotros cuando llegamos a Santiago y conocimos a Lucybell. Me parece maravilloso que vuelvan las guitarras a estar &#8220;de moda&#8221; despu\u00e9s de tanto tiempo de predominio de la m\u00fasica urbana. Felicito a Lollapalooza por darles ese espacio; la gente necesita estas instancias para descubrir m\u00fasica fuera del algoritmo.<\/em><\/p>\n<p align=\"justify\"><strong>Para terminar, \u00bfqu\u00e9 les gustar\u00eda ver en este Lollapalooza?<\/strong><\/p>\n<p align=\"justify\"><em><strong>P:<\/strong> Definitivamente a Deftones, porque nunca los he visto. Tambi\u00e9n a Skrillex; lo vi en sus primeras visitas y quiero ver c\u00f3mo nos sorprende a\u00f1os despu\u00e9s. Y por supuesto, a los Anttonias para apoyar a los nuevos chicos.<\/em><\/p>\n<p align=\"justify\"><em><strong>O:<\/strong> A m\u00ed me interesa Royel Otis, me gusta esa l\u00ednea de rock indie con guitarras que traen. Tambi\u00e9n Interpol y Airbag. Creo que ser\u00e1 una experiencia incre\u00edble para todos.<\/em><\/p>\n<p align=\"center\"><img decoding=\"async\" src=\"https:\/\/64.media.tumblr.com\/3169864d8ecd4e7ebcf068638be74cad\/03977b952656a4e4-25\/s1280x1920\/d186236b1b25daf8729582d421fa81c181db8ddb.jpg\" alt=\"null\" \/><\/p>\n","protected":false},"excerpt":{"rendered":"<p>Por Francisco Aguilar A. Luego de diez a\u00f1os sin publicar un trabajo de estudio, la banda chilena De Saloon prepara su gran regreso con un nuevo \u00e1lbum y su pr\u00f3xima presentaci\u00f3n en Lollapalooza Chile 2026. El conjunto, formado por Ricardo Barrenechea en bater\u00eda, el bajista Roberto &#8220;Otto&#8221; Arancibia y el vocalista y guitarrista Jean Pierre &#8220;Piero&#8221; Duhart, dio sus primeros pasos mientras sus integrantes terminaban el colegio. Se dieron a conocer en la escena nacional en 1999 con el sencillo [&hellip;]<\/p>\n","protected":false},"author":1,"featured_media":113343,"comment_status":"open","ping_status":"open","sticky":false,"template":"","format":"standard","meta":{"footnotes":""},"categories":[13,3],"tags":[],"class_list":["post-113342","post","type-post","status-publish","format-standard","has-post-thumbnail","hentry","category-conversamos-con","category-musica"],"_links":{"self":[{"href":"https:\/\/www.parlante.cl\/index.php?rest_route=\/wp\/v2\/posts\/113342","targetHints":{"allow":["GET"]}}],"collection":[{"href":"https:\/\/www.parlante.cl\/index.php?rest_route=\/wp\/v2\/posts"}],"about":[{"href":"https:\/\/www.parlante.cl\/index.php?rest_route=\/wp\/v2\/types\/post"}],"author":[{"embeddable":true,"href":"https:\/\/www.parlante.cl\/index.php?rest_route=\/wp\/v2\/users\/1"}],"replies":[{"embeddable":true,"href":"https:\/\/www.parlante.cl\/index.php?rest_route=%2Fwp%2Fv2%2Fcomments&post=113342"}],"version-history":[{"count":5,"href":"https:\/\/www.parlante.cl\/index.php?rest_route=\/wp\/v2\/posts\/113342\/revisions"}],"predecessor-version":[{"id":113349,"href":"https:\/\/www.parlante.cl\/index.php?rest_route=\/wp\/v2\/posts\/113342\/revisions\/113349"}],"wp:featuredmedia":[{"embeddable":true,"href":"https:\/\/www.parlante.cl\/index.php?rest_route=\/wp\/v2\/media\/113343"}],"wp:attachment":[{"href":"https:\/\/www.parlante.cl\/index.php?rest_route=%2Fwp%2Fv2%2Fmedia&parent=113342"}],"wp:term":[{"taxonomy":"category","embeddable":true,"href":"https:\/\/www.parlante.cl\/index.php?rest_route=%2Fwp%2Fv2%2Fcategories&post=113342"},{"taxonomy":"post_tag","embeddable":true,"href":"https:\/\/www.parlante.cl\/index.php?rest_route=%2Fwp%2Fv2%2Ftags&post=113342"}],"curies":[{"name":"wp","href":"https:\/\/api.w.org\/{rel}","templated":true}]}}