{"id":113355,"date":"2026-03-05T09:56:37","date_gmt":"2026-03-05T12:56:37","guid":{"rendered":"https:\/\/www.parlante.cl\/?p=113355"},"modified":"2026-03-08T23:10:35","modified_gmt":"2026-03-09T02:10:35","slug":"conversamos-con-ismael-bustamante-e-italo-valentino-de-sin-perdon-el-carino-y-los-recuerdos-siguen-siendo-la-base-de-todo","status":"publish","type":"post","link":"https:\/\/www.parlante.cl\/?p=113355","title":{"rendered":"Conversamos con Ismael e \u00cdtalo de Sin Perd\u00f3n: \u201cPennywise, Millencolin y Mute son bandas que crecimos escuchando y, para nosotros, estar ah\u00ed es la guinda de la torta en este proceso de reencuentro\u201d"},"content":{"rendered":"<p>Por Sebasti\u00e1n Allende.<\/p>\n<p align=\"justify\">A m\u00e1s de dos d\u00e9cadas de su formaci\u00f3n, <strong>Sin Perd\u00f3n<\/strong> regresa a los escenarios con una fuerza y vigencia que sorprende incluso a quienes han seguido su trayectoria desde el inicio. Tras reencontrarse en 2023 para celebrar los 20 a\u00f1os de <em>Vieja y Nueva Tragedia<\/em>, la banda inici\u00f3 una nueva etapa que hoy los conduce nuevamente al T<strong>eatro Caupolic\u00e1n<\/strong>. En esta ocasi\u00f3n, compartir\u00e1n cartel con leyendas del punk mel\u00f3dico mundial como <strong>Pennywise, Millencolin y Mute<\/strong>.<\/p>\n<p align=\"justify\">Conversamos con <strong>\u00cdtalo Valentino (It)<\/strong>, baterista, e <strong>Ismael Bustamante (Is)<\/strong>, vocalista y guitarrista, sobre su retorno, la conexi\u00f3n con las distintas generaciones, el estado actual del punk en Chile y lo que depara el futuro para su m\u00fasica.<\/p>\n<p><strong><\/p>\n<p align=\"justify\">\u00bfC\u00f3mo est\u00e1n? Gracias por darse el tiempo de conversar con Parlante. Para comenzar, cu\u00e9ntennos c\u00f3mo reciben la noticia de compartir fecha en el Teatro Caupolic\u00e1n junto a referentes como Pennywise, Millencolin y Mute. \u00bfQu\u00e9 significa para ustedes?<\/strong><\/p>\n<p><em><\/p>\n<p align=\"justify\"><strong>Is<\/strong>: Bac\u00e1n, es un tremendo reconocimiento. Son bandas que crecimos escuchando y, para nosotros, estar ah\u00ed es la guinda de la torta en este proceso de reencuentro. Lo hemos hecho de forma escalonada: volvimos en 2023 con el concierto por los 20 a\u00f1os de Vieja y Nueva Tragedia en el RBX, un disco muy emblem\u00e1tico para nosotros.<\/em><\/p>\n<p><em><\/p>\n<p align=\"justify\">Reci\u00e9n en 2024 retomamos con m\u00e1s fuerza: fuimos a Concepci\u00f3n, al norte, y tocamos en Santiago; todos esos shows fueron muy significativos. Volver ahora para abrir un concierto de este nivel nos emociona mucho. Adem\u00e1s, es parte de nuestra historia: en 2007 abrimos por primera vez para No Use For A Name en el Caupolic\u00e1n y, a partir de ah\u00ed, vinieron experiencias incre\u00edbles con bandas como New Found Glory, The Ataris, The Grab Kids, Millencolin (en 2009) y Rufio. Regresar a ese escenario es muy especial.<\/em><\/p>\n<p><iframe title=\"Sin Perdo\u0301n - &quot;Aqui&quot;\" width=\"750\" height=\"422\" src=\"https:\/\/www.youtube.com\/embed\/ZCoq57mUIz8?feature=oembed\" frameborder=\"0\" allow=\"accelerometer; autoplay; clipboard-write; encrypted-media; gyroscope; picture-in-picture; web-share\" referrerpolicy=\"strict-origin-when-cross-origin\" allowfullscreen><\/iframe><\/p>\n<p align=\"justify\"><strong>Han pasado muchos a\u00f1os desde esos primeros encuentros y ahora vuelven a reunirse. \u00bfQu\u00e9 simboliza esta etapa, considerando que hoy el p\u00fablico es mucho m\u00e1s diverso?<\/strong><\/p>\n<p align=\"justify\"><em><strong>It<\/strong>: Sin duda se vive distinto. Estamos m\u00e1s viejos, con m\u00e1s recorrido musical y otras responsabilidades. Pero lo del 20 de marzo es importante porque se est\u00e1 dando de forma org\u00e1nica; eso confirma que fue un acierto reunirnos y creer que pod\u00edamos seguir creando juntos.<\/em><\/p>\n<p align=\"justify\"><em>Estamos trabajando para sacar material nuevo este a\u00f1o, como continuaci\u00f3n de \u201cAqu\u00ed\u201d, el sencillo que lanzamos a fines del a\u00f1o pasado. Y lo lindo es que, aunque no lo creas, se repiten muchas caras de los inicios de los 2000. Nos muestran fotos de esa \u00e9poca y vernos ahora es como un viaje en el tiempo. Hoy tenemos trabajos y familias, pero la pasi\u00f3n sigue intacta. La din\u00e1mica ha cambiado, claro, pero la esencia permanece: el cari\u00f1o, los recuerdos, los viajes con pocas comodidades y las personas que nos siguen acompa\u00f1ando.<\/em><\/p>\n<p align=\"justify\"><strong>Como banda con m\u00e1s de dos d\u00e9cadas de historia, \u00bfcu\u00e1les creen que han sido las claves para mantenerse vigentes?<\/strong><\/p>\n<p align=\"justify\"><em><strong>Is<\/strong>: Pucha, es dif\u00edcil decirlo. No ha sido algo del todo intencional, considerando que paramos por mucho tiempo. Pero dir\u00eda que ha sido clave fijarnos objetivos a corto y mediano plazo, especialmente en este regreso. Y, sobre todo, el cari\u00f1o: el que nos tenemos entre nosotros y el que sentimos por la m\u00fasica. Trabajamos desde la independencia, lo cual no es nada f\u00e1cil; requiere mucho esfuerzo y sacrificio, y con los a\u00f1os uno valora eso de otra manera. En los ensayos se siente ese \u201cno s\u00e9 qu\u00e9\u201d que solo tenemos los cinco juntos. Eso es irremplazable.<\/em><\/p>\n<p><iframe title=\"SIN PERD\u00d3N - &quot;TE ESTAR\u00c9 ESPERANDO&quot; - VIDEO OFICIAL\" width=\"750\" height=\"422\" src=\"https:\/\/www.youtube.com\/embed\/EOsZf39tZmI?feature=oembed\" frameborder=\"0\" allow=\"accelerometer; autoplay; clipboard-write; encrypted-media; gyroscope; picture-in-picture; web-share\" referrerpolicy=\"strict-origin-when-cross-origin\" allowfullscreen><\/iframe> <\/p>\n<p align=\"justify\"><strong>Tras los shows de reencuentro entre 2023 y 2025, \u00bfc\u00f3mo han vivido ese retorno a los escenarios?<\/strong><\/p>\n<p align=\"justify\"><em><strong>It<\/strong>: Nos atrevimos a hacer un show solos, algo que no es tan com\u00fan para bandas independientes. El RBX tiene capacidad para poco m\u00e1s de 200 personas y las entradas volaron. Eso nos permiti\u00f3 enfocar el trabajo en un show largo, con un setlist extenso y representativo.<\/em><\/p>\n<p align=\"justify\"><em>Tocamos \u201cNo Estar Aqu\u00ed\u201d junto al Pelado \u00c1lvaro de Fiskales Ad-Hok, un tema que grabamos hace a\u00f1os para un compilado que nunca sali\u00f3, pero que siempre estuvo en nuestro repertorio. Ver al p\u00fablico coreando todo fue muy emocionante; el tiempo se pas\u00f3 volando. Despu\u00e9s repetimos la experiencia en el Bar de Ren\u00e9, en Concepci\u00f3n y en Caldera, donde la respuesta fue inesperada y llena de afecto. En Conce nos pasaba que llegaba gente con sus hijos, mostr\u00e1ndonos fotos de hace 20 a\u00f1os. Fue tremendo.<\/em><\/p>\n<p><iframe title=\"Sin Perdon ft \u00c1lvaro Espa\u00f1a - No estar aqu\u00ed.\" width=\"750\" height=\"422\" src=\"https:\/\/www.youtube.com\/embed\/lre5DKpArK4?feature=oembed\" frameborder=\"0\" allow=\"accelerometer; autoplay; clipboard-write; encrypted-media; gyroscope; picture-in-picture; web-share\" referrerpolicy=\"strict-origin-when-cross-origin\" allowfullscreen><\/iframe><\/p>\n<p align=\"justify\"><strong>\u00bfC\u00f3mo sienten que las nuevas generaciones conectan con la m\u00fasica de Sin Perd\u00f3n?<\/strong><\/p>\n<p align=\"justify\"><em><strong>It<\/strong>: La m\u00fasica evoluciona constantemente. Chile siempre ha sido un pa\u00eds muy ligado al rock y al metal, y hoy existen propuestas indie y escenas nuevas que evocan ese tiempo dorado del punk mel\u00f3dico. Creo que, m\u00e1s que ense\u00f1ar, nosotros seguimos aprendiendo de las nuevas bandas. Hay j\u00f3venes que llevan pocos a\u00f1os tocando y est\u00e1n haciendo cosas muy interesantes. Uno debe mantenerse estudiando y atento a lo que est\u00e1 pasando.<\/em><\/p>\n<p align=\"justify\"><strong>\u00bfC\u00f3mo ven el estado actual del punk rock en Chile?<\/strong><\/p>\n<p align=\"justify\"><em><strong>It<\/strong>: Creo que hay algo que persiste: el esp\u00edritu del \u201chazlo t\u00fa mismo\u201d (DIY) y la dificultad de gestionar proyectos. Faltan espacios para ensayar y lugares para tocar. Sobrevive el que trabaja, el que insiste y el que le pone ganas. Por ejemplo, Los Problemas, una banda relativamente nueva, ya llena shows con gente coreando todas sus canciones. Eso habla de dedicaci\u00f3n.<\/em><\/p>\n<p><em><\/p>\n<p align=\"justify\"><strong>Is<\/strong>: Tambi\u00e9n hay m\u00e1s tecnolog\u00eda a favor. Antes grabar era un problema: encontrar estudio, conseguir el dinero, organizarse&#8230; Hoy puedes grabar desde casa, producir videos y obtener mejor calidad. Eso ha elevado el nivel general de la escena.<\/em><\/p>\n<p><iframe title=\"SIN PERD\u00d3N - TODO VA A ESTAR BIEN\" width=\"750\" height=\"422\" src=\"https:\/\/www.youtube.com\/embed\/CQpjpiv-M6c?feature=oembed\" frameborder=\"0\" allow=\"accelerometer; autoplay; clipboard-write; encrypted-media; gyroscope; picture-in-picture; web-share\" referrerpolicy=\"strict-origin-when-cross-origin\" allowfullscreen><\/iframe> <\/p>\n<p align=\"justify\"><strong>Hablemos de \u201cAqu\u00ed\u201d. \u00bfQu\u00e9 representa este sencillo en la sonoridad actual de la banda?<\/strong><\/p>\n<p align=\"justify\"><em><strong>Is<\/strong>: No intentamos descubrir la rueda. La idea fue capturar lo que somos: lo que cada uno toca y aporta. Quer\u00edamos que fuera org\u00e1nico y real, d\u00e1ndole un simbolismo al retorno, ya que no grab\u00e1bamos los cinco juntos desde El Valle Condena en 2009. Solo por eso, la canci\u00f3n ya tiene un valor especial.<\/em><\/p>\n<p align=\"justify\"><strong>\u00bfHay planes de un disco nuevo?<\/strong><\/p>\n<p><em><\/p>\n<p align=\"justify\"><strong>Is<\/strong>: S\u00ed, tenemos un demo bien avanzado con varias canciones. Lo dif\u00edcil ahora es compatibilizarlo con el trabajo y la familia. No sabemos si lanzaremos un disco completo de una vez o si seguiremos la ruta de los sencillos, que nos funcion\u00f3 muy bien con \u201cAqu\u00ed\u201d.<\/em><\/p>\n<p><iframe title=\"Sin Perdon -  Son\u0303ar - 20 Aniversario ...Viejas &amp; Nuevas Tragedias... @ Sala RBX\" width=\"750\" height=\"422\" src=\"https:\/\/www.youtube.com\/embed\/Cf-MJEtjqDw?feature=oembed\" frameborder=\"0\" allow=\"accelerometer; autoplay; clipboard-write; encrypted-media; gyroscope; picture-in-picture; web-share\" referrerpolicy=\"strict-origin-when-cross-origin\" allowfullscreen><\/iframe> <\/p>\n<p align=\"justify\"><strong>Para cerrar: \u00bfqu\u00e9 puede esperar el p\u00fablico del show del 20 de marzo en el Caupolic\u00e1n?<\/strong><\/p>\n<p><em><\/p>\n<p align=\"justify\"><strong>It<\/strong>: Primero, estamos muy honrados. Eso nos obliga a ofrecer un show a la altura: mucha energ\u00eda, un buen repertorio y aprovechar cada minuto. Ojal\u00e1 la gente llegue temprano. Se ha sentido una vibra incre\u00edble desde que se anunci\u00f3 el festival. Para nosotros es un premio a tantos a\u00f1os de trabajo y queremos que sea memorable.<\/em><\/p>\n<p align=\"justify\"><strong>Ismael, pensando en los comienzos, \u00bfqu\u00e9 le dir\u00edas al Ismael de hace 20 a\u00f1os?<\/strong><\/p>\n<p align=\"justify\"><em><strong>Is<\/strong>: Que siga adelante. Que le d\u00e9 con todo. Es un camino dif\u00edcil e ingrato a veces, pero tambi\u00e9n es hermoso y est\u00e1 lleno de alegr\u00eda y amor. Que trabaje e insista, porque al final el trabajo siempre te devuelve algo gratificante.<\/em><\/p>\n<p align=\"justify\">El pr\u00f3ximo 20 de marzo, Sin Perd\u00f3n ser\u00e1 parte del festival We Are One, compartiendo escenario con Millencolin, Pennywise y Mute en el Teatro Caupolic\u00e1n; una cita que promete ser uno de los hitos de su trayectoria. A\u00fan quedan algunas entradas para platea disponibles a trav\u00e9s de Puntoticket.<\/p>\n<p align=\"center\"><img decoding=\"async\" src=\"https:\/\/64.media.tumblr.com\/7732f602d314e88815fa6e6c24bbde61\/bd3a7feb4b949eb6-45\/s1280x1920\/8b9d872a0be8731d82bf4e27b1cb8308d6a476cb.jpg\" alt=\"null\" \/><\/p>\n","protected":false},"excerpt":{"rendered":"<p>Por Sebasti\u00e1n Allende. A m\u00e1s de dos d\u00e9cadas de su formaci\u00f3n, Sin Perd\u00f3n regresa a los escenarios con una fuerza y vigencia que sorprende incluso a quienes han seguido su trayectoria desde el inicio. Tras reencontrarse en 2023 para celebrar los 20 a\u00f1os de Vieja y Nueva Tragedia, la banda inici\u00f3 una nueva etapa que hoy los conduce nuevamente al Teatro Caupolic\u00e1n. En esta ocasi\u00f3n, compartir\u00e1n cartel con leyendas del punk mel\u00f3dico mundial como Pennywise, Millencolin y Mute. Conversamos con [&hellip;]<\/p>\n","protected":false},"author":10,"featured_media":113356,"comment_status":"open","ping_status":"open","sticky":false,"template":"","format":"standard","meta":{"footnotes":""},"categories":[13,3,12],"tags":[],"class_list":["post-113355","post","type-post","status-publish","format-standard","has-post-thumbnail","hentry","category-conversamos-con","category-musica","category-pronto-en-vivo"],"_links":{"self":[{"href":"https:\/\/www.parlante.cl\/index.php?rest_route=\/wp\/v2\/posts\/113355","targetHints":{"allow":["GET"]}}],"collection":[{"href":"https:\/\/www.parlante.cl\/index.php?rest_route=\/wp\/v2\/posts"}],"about":[{"href":"https:\/\/www.parlante.cl\/index.php?rest_route=\/wp\/v2\/types\/post"}],"author":[{"embeddable":true,"href":"https:\/\/www.parlante.cl\/index.php?rest_route=\/wp\/v2\/users\/10"}],"replies":[{"embeddable":true,"href":"https:\/\/www.parlante.cl\/index.php?rest_route=%2Fwp%2Fv2%2Fcomments&post=113355"}],"version-history":[{"count":5,"href":"https:\/\/www.parlante.cl\/index.php?rest_route=\/wp\/v2\/posts\/113355\/revisions"}],"predecessor-version":[{"id":113361,"href":"https:\/\/www.parlante.cl\/index.php?rest_route=\/wp\/v2\/posts\/113355\/revisions\/113361"}],"wp:featuredmedia":[{"embeddable":true,"href":"https:\/\/www.parlante.cl\/index.php?rest_route=\/wp\/v2\/media\/113356"}],"wp:attachment":[{"href":"https:\/\/www.parlante.cl\/index.php?rest_route=%2Fwp%2Fv2%2Fmedia&parent=113355"}],"wp:term":[{"taxonomy":"category","embeddable":true,"href":"https:\/\/www.parlante.cl\/index.php?rest_route=%2Fwp%2Fv2%2Fcategories&post=113355"},{"taxonomy":"post_tag","embeddable":true,"href":"https:\/\/www.parlante.cl\/index.php?rest_route=%2Fwp%2Fv2%2Ftags&post=113355"}],"curies":[{"name":"wp","href":"https:\/\/api.w.org\/{rel}","templated":true}]}}