{"id":113362,"date":"2026-03-05T13:01:42","date_gmt":"2026-03-05T16:01:42","guid":{"rendered":"https:\/\/www.parlante.cl\/?p=113362"},"modified":"2026-03-05T13:01:42","modified_gmt":"2026-03-05T16:01:42","slug":"sinfonia-del-sinsajo-aterrizara-en-el-teatro-municipal-de-vina-del-mar-con-la-musica-de-los-juegos-del-hambre","status":"publish","type":"post","link":"https:\/\/www.parlante.cl\/?p=113362","title":{"rendered":"Sinfon\u00eda del Sinsajo aterrizar\u00e1 en el Teatro Municipal de Vi\u00f1a del Mar con la m\u00fasica de Los Juegos del Hambre"},"content":{"rendered":"<p align=\"justify\"><strong>El pr\u00f3ximo s\u00e1bado 18 de abril, el p\u00fablico podr\u00e1 sumergirse en una aventura audiovisual \u00fanica que recorre toda la saga cinematogr\u00e1fica, desde los or\u00edgenes con Snow hasta la rebeli\u00f3n de Katniss Everdeen.<\/strong><\/p>\n<p align=\"justify\">La lucha por la supervivencia y el sonido de la resistencia se trasladan al Teatro Municipal de Vi\u00f1a del Mar. El pr\u00f3ximo s\u00e1bado 18 de abril a las 19:00 hrs, se llevar\u00e1 a cabo &#8220;Sinfon\u00eda del Sinsajo: la m\u00fasica de Los Juegos del Hambre&#8221;, un concierto sinf\u00f3nico que promete transportar a los asistentes directo a la Gran Arena del Capitolio a trav\u00e9s de las melod\u00edas que definieron una era.<\/p>\n<p align=\"center\"><img decoding=\"async\" src=\"https:\/\/64.media.tumblr.com\/2655439a1610d2fb0817f5945d1c967a\/18d188d07bf966db-7e\/s1280x1920\/8b68220f932f7e58beaab9dc61f632d52960bedc.pnj\" alt=\"null\" \/><\/p>\n<p align=\"justify\"><strong>Una puesta en escena de gran escala<\/strong><\/p>\n<p align=\"justify\">El espect\u00e1culo contar\u00e1 con m\u00e1s de 40 artistas en escena, incluyendo m\u00fasicos profesionales, coros y solistas, quienes dar\u00e1n vida a las ic\u00f3nicas composiciones de la franquicia. El evento no ser\u00e1 solo auditivo: una pantalla LED gigante acompa\u00f1ar\u00e1 la m\u00fasica proyectando los momentos m\u00e1s intensos y emocionantes de las pel\u00edculas, creando una experiencia inmersiva de aproximadamente dos horas.<\/p>\n<p align=\"justify\">La interpretaci\u00f3n estar\u00e1 a cargo de The Geek Orchestra, la reconocida agrupaci\u00f3n chilena especializada en tributos al &#8220;Mundo Geek&#8221;. Bajo la batuta del maestro Jos\u00e9 Aranda, la orquesta promete un nivel de fidelidad y emoci\u00f3n que har\u00e1 vibrar tanto a los seguidores de los libros como a los amantes del cine.<\/p>\n<p align=\"justify\">El repertorio del concierto ha sido cuidadosamente seleccionado para abarcar la cronolog\u00eda completa de la saga, incluyendo el reciente estreno de la precuela:<\/p>\n<p align=\"justify\"><strong>Los Juegos del Hambre: La balada de los p\u00e1jaros cantores y las serpientes.<br \/>\nLos Juegos del Hambre (El inicio).<br \/>\nLos Juegos del Hambre: En Llamas.<br \/>\nLos Juegos del Hambre: Sinsajo Parte 1 y 2.<\/p>\n<p align=\"justify\">Coordenadas del evento<br \/>\nVenta a trav\u00e9s de Eventrid<br \/>\n$32.000 galer\u00eda Nivel 4<br \/>\n$38.000 Balc\u00f3n Nivel 3<br \/>\n$42.000 Palco Balc\u00f3n Sur Nivel 2<br \/>\n$42.000 Palco Balc\u00f3n Norte nivel 2<br \/>\n$45.000 Platea Alta<br \/>\n$49.000 Platea Baja<br \/>\n$52.000 Palco Nivel 1<br \/>\nValores se les debe sumar cargo por servicio<br \/>\nLink de venta: <a href=\"https:\/\/eventr.id\/00217T0c\">https:\/\/eventr.id\/00217T0c<\/a><\/strong><\/p>\n","protected":false},"excerpt":{"rendered":"<p>El pr\u00f3ximo s\u00e1bado 18 de abril, el p\u00fablico podr\u00e1 sumergirse en una aventura audiovisual \u00fanica que recorre toda la saga cinematogr\u00e1fica, desde los or\u00edgenes con Snow hasta la rebeli\u00f3n de Katniss Everdeen. La lucha por la supervivencia y el sonido de la resistencia se trasladan al Teatro Municipal de Vi\u00f1a del Mar. El pr\u00f3ximo s\u00e1bado 18 de abril a las 19:00 hrs, se llevar\u00e1 a cabo &#8220;Sinfon\u00eda del Sinsajo: la m\u00fasica de Los Juegos del Hambre&#8221;, un concierto sinf\u00f3nico que [&hellip;]<\/p>\n","protected":false},"author":1,"featured_media":113364,"comment_status":"open","ping_status":"open","sticky":false,"template":"","format":"standard","meta":{"footnotes":""},"categories":[3,12],"tags":[],"class_list":["post-113362","post","type-post","status-publish","format-standard","has-post-thumbnail","hentry","category-musica","category-pronto-en-vivo"],"_links":{"self":[{"href":"https:\/\/www.parlante.cl\/index.php?rest_route=\/wp\/v2\/posts\/113362","targetHints":{"allow":["GET"]}}],"collection":[{"href":"https:\/\/www.parlante.cl\/index.php?rest_route=\/wp\/v2\/posts"}],"about":[{"href":"https:\/\/www.parlante.cl\/index.php?rest_route=\/wp\/v2\/types\/post"}],"author":[{"embeddable":true,"href":"https:\/\/www.parlante.cl\/index.php?rest_route=\/wp\/v2\/users\/1"}],"replies":[{"embeddable":true,"href":"https:\/\/www.parlante.cl\/index.php?rest_route=%2Fwp%2Fv2%2Fcomments&post=113362"}],"version-history":[{"count":1,"href":"https:\/\/www.parlante.cl\/index.php?rest_route=\/wp\/v2\/posts\/113362\/revisions"}],"predecessor-version":[{"id":113365,"href":"https:\/\/www.parlante.cl\/index.php?rest_route=\/wp\/v2\/posts\/113362\/revisions\/113365"}],"wp:featuredmedia":[{"embeddable":true,"href":"https:\/\/www.parlante.cl\/index.php?rest_route=\/wp\/v2\/media\/113364"}],"wp:attachment":[{"href":"https:\/\/www.parlante.cl\/index.php?rest_route=%2Fwp%2Fv2%2Fmedia&parent=113362"}],"wp:term":[{"taxonomy":"category","embeddable":true,"href":"https:\/\/www.parlante.cl\/index.php?rest_route=%2Fwp%2Fv2%2Fcategories&post=113362"},{"taxonomy":"post_tag","embeddable":true,"href":"https:\/\/www.parlante.cl\/index.php?rest_route=%2Fwp%2Fv2%2Ftags&post=113362"}],"curies":[{"name":"wp","href":"https:\/\/api.w.org\/{rel}","templated":true}]}}