{"id":113631,"date":"2025-07-24T16:24:42","date_gmt":"2025-07-24T19:24:42","guid":{"rendered":"https:\/\/www.parlante.cl\/?p=113631"},"modified":"2026-04-13T16:30:21","modified_gmt":"2026-04-13T19:30:21","slug":"mac-demarco-agotada-entradas-y-suma-segunda-fecha-para-su-regreso-a-chile","status":"publish","type":"post","link":"https:\/\/www.parlante.cl\/?p=113631","title":{"rendered":"Mac DeMarco agotada entradas y suma segunda fecha para su regreso a Chile"},"content":{"rendered":"<p align=\"justify\"><strong>19 de abril de 2026, Teatro Caupolic\u00e1n <\/p>\n<p align=\"justify\">Entradas disponibles desde las 10AM del 25 de julio a trav\u00e9s de Puntoticket.<\/strong><\/p>\n<p align=\"justify\">En solo 25 minutos, Mac DeMarco agot\u00f3 las entradas para su concierto en Chile, fijado para el 18 de abril de 2026. Dado el \u00e9xito de ventas suma segunda fecha para el d\u00eda 19 de abril en el mismo recinto, Teatro Caupolic\u00e1n, cuya venta de entradas estar\u00e1 disponible este viernes 25 de julio desde las 10AM v\u00eda Puntoticket.<\/p>\n<p align=\"center\"><img decoding=\"async\" src=\"https:\/\/64.media.tumblr.com\/dd11686686c49d68607ad7b247ea5b4d\/6d6ecebd655e66c5-44\/s1280x1920\/f9809bc4dec94ea835bcf1451ded414d4dfbef14.jpg\" alt=\"null\" \/><\/p>\n<p align=\"justify\">El m\u00fasico canadiense  se reencontrar\u00e1 con el p\u00fablico chileno tras siete a\u00f1os, el cual ha construido una carrera s\u00f3lida en la escena internacional. Desde su debut con Rock and Roll Night Club (2012) y el aclamado 2 ese mismo a\u00f1o, y a lo largo de los a\u00f1os ha sabido evolucionar sin perder su esencia, conquistando a miles de fans en todo el mundo. <\/p>\n<p align=\"justify\">En 2023 DeMarco sorprendi\u00f3 con el lanzamiento de Five Easy Hot Dogs, un disco instrumental grabado durante un viaje por carretera que lo llev\u00f3 por distintas ciudades de Norteam\u00e9rica. Meses despu\u00e9s volvi\u00f3 con One Wayne G, un monumental trabajo de m\u00e1s de ocho horas de duraci\u00f3n que recopila 199 canciones grabadas entre 2018 y 2023.<\/p>\n<p align=\"justify\">Due\u00f1o de un sonido nost\u00e1lgico y una puesta en escena que mezcla desenfado con virtuosismo, Mac DeMarco recientemente ha confirmado un nuevo disco que aparecer\u00e1 el pr\u00f3ximo 22 de agosto, y del que ya se puede escuchar su primer single titulado Home.<\/p>\n<p align=\"justify\">Mac ha cultivado una relaci\u00f3n especial con su audiencia chilena, que ha seguido  fielmente, por lo que su concierto en el Teatro Caupolic\u00e1n ser\u00e1 uno de los shows imperdibles del pr\u00f3ximo a\u00f1o.<\/p>\n<p align=\"justify\">Las entradas para su segunda fecha en Santiago, estar\u00e1n disponibles a partir de las 10AM del viernes 25 de julio a trav\u00e9s de Puntoticket.<\/p>\n<p align=\"justify\"><strong>Mac DeMarco en Chile<br \/>\n18 de abril de 2026, Teatro Caupolic\u00e1n AGOTADO<br \/>\nNUEVA FECHA: 19 de abril de 2026, Teatro Caupolic\u00e1n<br \/>\nEntradas v\u00eda Puntoticket a partir de las 10AM del viernes 25 de julio<\/strong><\/p>\n","protected":false},"excerpt":{"rendered":"<p>19 de abril de 2026, Teatro Caupolic\u00e1n Entradas disponibles desde las 10AM del 25 de julio a trav\u00e9s de Puntoticket. En solo 25 minutos, Mac DeMarco agot\u00f3 las entradas para su concierto en Chile, fijado para el 18 de abril de 2026. Dado el \u00e9xito de ventas suma segunda fecha para el d\u00eda 19 de abril en el mismo recinto, Teatro Caupolic\u00e1n, cuya venta de entradas estar\u00e1 disponible este viernes 25 de julio desde las 10AM v\u00eda Puntoticket. El m\u00fasico [&hellip;]<\/p>\n","protected":false},"author":1,"featured_media":113632,"comment_status":"open","ping_status":"open","sticky":false,"template":"","format":"standard","meta":{"footnotes":""},"categories":[3,12],"tags":[],"class_list":["post-113631","post","type-post","status-publish","format-standard","has-post-thumbnail","hentry","category-musica","category-pronto-en-vivo"],"_links":{"self":[{"href":"https:\/\/www.parlante.cl\/index.php?rest_route=\/wp\/v2\/posts\/113631","targetHints":{"allow":["GET"]}}],"collection":[{"href":"https:\/\/www.parlante.cl\/index.php?rest_route=\/wp\/v2\/posts"}],"about":[{"href":"https:\/\/www.parlante.cl\/index.php?rest_route=\/wp\/v2\/types\/post"}],"author":[{"embeddable":true,"href":"https:\/\/www.parlante.cl\/index.php?rest_route=\/wp\/v2\/users\/1"}],"replies":[{"embeddable":true,"href":"https:\/\/www.parlante.cl\/index.php?rest_route=%2Fwp%2Fv2%2Fcomments&post=113631"}],"version-history":[{"count":1,"href":"https:\/\/www.parlante.cl\/index.php?rest_route=\/wp\/v2\/posts\/113631\/revisions"}],"predecessor-version":[{"id":113633,"href":"https:\/\/www.parlante.cl\/index.php?rest_route=\/wp\/v2\/posts\/113631\/revisions\/113633"}],"wp:featuredmedia":[{"embeddable":true,"href":"https:\/\/www.parlante.cl\/index.php?rest_route=\/wp\/v2\/media\/113632"}],"wp:attachment":[{"href":"https:\/\/www.parlante.cl\/index.php?rest_route=%2Fwp%2Fv2%2Fmedia&parent=113631"}],"wp:term":[{"taxonomy":"category","embeddable":true,"href":"https:\/\/www.parlante.cl\/index.php?rest_route=%2Fwp%2Fv2%2Fcategories&post=113631"},{"taxonomy":"post_tag","embeddable":true,"href":"https:\/\/www.parlante.cl\/index.php?rest_route=%2Fwp%2Fv2%2Ftags&post=113631"}],"curies":[{"name":"wp","href":"https:\/\/api.w.org\/{rel}","templated":true}]}}