{"id":113675,"date":"2026-03-02T17:13:01","date_gmt":"2026-03-02T20:13:01","guid":{"rendered":"https:\/\/www.parlante.cl\/?p=113675"},"modified":"2026-04-16T17:17:34","modified_gmt":"2026-04-16T20:17:34","slug":"diametral-y-projector-se-suman-como-bandas-nacionales-invitadas-al-concierto-de-in-flames-en-chile","status":"publish","type":"post","link":"https:\/\/www.parlante.cl\/?p=113675","title":{"rendered":"Diametral y ProjectoR se suman como bandas nacionales invitadas al concierto de In Flames en Chile"},"content":{"rendered":"<p align=\"justify\"><strong>Ambas agrupaciones ser\u00e1n las encargadas de abrir los fuegos en el regreso de la agrupaci\u00f3n sueca a nuestro pa\u00eds.<\/strong><\/p>\n<p align=\"justify\">In Flames, banda sueca de melodic death\/groove metal, ha confirmado su esperado regreso por cuarta vez a Chile y lo har\u00e1 en el marco de un tour latinoamericano que tambi\u00e9n pasar\u00e1 por otros pa\u00edses de la regi\u00f3n. Aqu\u00ed la cita ser\u00e1 el pr\u00f3ximo 21 de abril en el Teatro Cariola.<\/p>\n<p align=\"justify\">Fundada en el a\u00f1o 1990 y considerada parte de la oleada pionera del metal en Gotemburgo, los suecos traer\u00e1n lo mejor de sus 35 a\u00f1os de trayectoria, buscando celebrar su legado al mismo tiempo que avanzan hacia un nuevo camino creativo para la creaci\u00f3n de nuevo material discogr\u00e1fico.<\/p>\n<p align=\"center\"><img decoding=\"async\" src=\"https:\/\/64.media.tumblr.com\/0a0afb6358c479b797c6705add5d18b7\/9cf0ff43f475697a-26\/s1280x1920\/9f7059157762d7fd38d007ef82ab5fffb5fcf2f5.pnj\" alt=\"null\" \/><\/p>\n<p align=\"justify\">Con 14 \u00e1lbumes de estudio que mezclan melod\u00eda, agresi\u00f3n y atm\u00f3sfera, In Flames se ha caracterizado porque, a pesar de incorporar nuevos sonidos en su m\u00fasica, contin\u00faan siendo fieles a su estilo y a su visi\u00f3n, con tem\u00e1ticas ligadas a la astronom\u00eda, distop\u00eda, fantas\u00eda oscura, conflictos internos e incluso, la angustia; reuniendo millones de escuchas en plataformas digitales y llenando estadios en todo el mundo.<\/p>\n<p align=\"justify\">Pero eso no es todo, ya que a este incre\u00edble concierto se acaban de sumar las bandas nacionales Diametral y ProjectoR, quienes se encargar\u00e1n de entregar la demoledora apertura a esta jornada.<\/p>\n<p align=\"justify\">Tras un intenso 2025 marcado por presentaciones nacionales e internacionales, Diametral ha comenzado a consolidarse como uno de los representantes m\u00e1s s\u00f3lidos de la escena del metal moderno chileno. En esta ocasi\u00f3n, llegar\u00e1n con toda la fuerza del melodic death\/groove metal al escenario del Teatro Cariola, presentando lo m\u00e1s reciente de su pr\u00f3ximo \u00e1lbum \u201cThe Roots of Modern Suns\u201d y otros cl\u00e1sicos que han formado parte de su trayectoria que data desde el a\u00f1o 2009.<\/p>\n<p align=\"justify\">Formada en el a\u00f1o 2008 en Santiago con el fin de posicionarse dentro de la escena del death metal mel\u00f3dico, ProjectoR se consolida a\u00f1os despu\u00e9s con la llegada de su primer larga duraci\u00f3n \u201cBetween the Nature and Ego\u201d (2015). Con un sonido potente y letras que cuestionan el entorno, el medioambiente, el ego\u00edsmo y la constante falta de empat\u00eda, la banda presentar\u00e1 lo m\u00e1s destacado de su carrera.<\/p>\n<p align=\"justify\">Si eres de las personas que estaba pidiendo el regreso de In Flames a nuestro pa\u00eds, no te puedes perder este incre\u00edble espect\u00e1culo que traer\u00e1 emoci\u00f3n, brutalidad y una mezcla de emociones el pr\u00f3ximo 21 de abril en el Teatro Cariola.<\/p>\n<p align=\"justify\"><strong>La venta de entradas ya se encuentra disponible a trav\u00e9s de Ticketplus y los valores, m\u00e1s cargo por servicio, son:<\/p>\n<p align=\"justify\">G\u0335e\u0335n\u0335e\u0335r\u0335a\u0335l\u0335 \u0335-\u0335 \u0335P\u0335r\u0335e\u0335v\u0335e\u0335n\u0335t\u0335a\u0335 \u03351\u0335:\u0335 \u0335$\u03354\u03352\u0335.\u03350\u03350\u03350\u0335 AGOTADO<br \/>\nGeneral &#8211; Preventa 2: $45.000<br \/>\nGeneral &#8211; D\u00eda del evento: $48.000<br \/>\nP\u0336a\u0336l\u0336c\u0336o\u0336s\u0336:\u0336 \u0336$\u03365\u03369\u0336.\u03360\u03360\u03360\u0336 AGOTADOS<\/p>\n<p align=\"justify\">*Una vez que cancha llegue a su capacidad m\u00e1xima, la producci\u00f3n se reserva el acceso \u201cGeneral\u201d por platea. Se recomienda llegar temprano.<\/strong><\/p>\n","protected":false},"excerpt":{"rendered":"<p>Ambas agrupaciones ser\u00e1n las encargadas de abrir los fuegos en el regreso de la agrupaci\u00f3n sueca a nuestro pa\u00eds. In Flames, banda sueca de melodic death\/groove metal, ha confirmado su esperado regreso por cuarta vez a Chile y lo har\u00e1 en el marco de un tour latinoamericano que tambi\u00e9n pasar\u00e1 por otros pa\u00edses de la regi\u00f3n. Aqu\u00ed la cita ser\u00e1 el pr\u00f3ximo 21 de abril en el Teatro Cariola. Fundada en el a\u00f1o 1990 y considerada parte de la oleada [&hellip;]<\/p>\n","protected":false},"author":1,"featured_media":113676,"comment_status":"open","ping_status":"open","sticky":false,"template":"","format":"standard","meta":{"footnotes":""},"categories":[3,12],"tags":[],"class_list":["post-113675","post","type-post","status-publish","format-standard","has-post-thumbnail","hentry","category-musica","category-pronto-en-vivo"],"_links":{"self":[{"href":"https:\/\/www.parlante.cl\/index.php?rest_route=\/wp\/v2\/posts\/113675","targetHints":{"allow":["GET"]}}],"collection":[{"href":"https:\/\/www.parlante.cl\/index.php?rest_route=\/wp\/v2\/posts"}],"about":[{"href":"https:\/\/www.parlante.cl\/index.php?rest_route=\/wp\/v2\/types\/post"}],"author":[{"embeddable":true,"href":"https:\/\/www.parlante.cl\/index.php?rest_route=\/wp\/v2\/users\/1"}],"replies":[{"embeddable":true,"href":"https:\/\/www.parlante.cl\/index.php?rest_route=%2Fwp%2Fv2%2Fcomments&post=113675"}],"version-history":[{"count":1,"href":"https:\/\/www.parlante.cl\/index.php?rest_route=\/wp\/v2\/posts\/113675\/revisions"}],"predecessor-version":[{"id":113677,"href":"https:\/\/www.parlante.cl\/index.php?rest_route=\/wp\/v2\/posts\/113675\/revisions\/113677"}],"wp:featuredmedia":[{"embeddable":true,"href":"https:\/\/www.parlante.cl\/index.php?rest_route=\/wp\/v2\/media\/113676"}],"wp:attachment":[{"href":"https:\/\/www.parlante.cl\/index.php?rest_route=%2Fwp%2Fv2%2Fmedia&parent=113675"}],"wp:term":[{"taxonomy":"category","embeddable":true,"href":"https:\/\/www.parlante.cl\/index.php?rest_route=%2Fwp%2Fv2%2Fcategories&post=113675"},{"taxonomy":"post_tag","embeddable":true,"href":"https:\/\/www.parlante.cl\/index.php?rest_route=%2Fwp%2Fv2%2Ftags&post=113675"}],"curies":[{"name":"wp","href":"https:\/\/api.w.org\/{rel}","templated":true}]}}