{"id":113746,"date":"2026-01-27T15:58:22","date_gmt":"2026-01-27T18:58:22","guid":{"rendered":"https:\/\/www.parlante.cl\/?p=113746"},"modified":"2026-04-20T16:01:45","modified_gmt":"2026-04-20T19:01:45","slug":"myke-towers-regresa-a-chile-este-23-de-abril","status":"publish","type":"post","link":"https:\/\/www.parlante.cl\/?p=113746","title":{"rendered":"Myke Towers regresa a Chile este 23 de abril"},"content":{"rendered":"<p align=\"justify\"><strong>La superestrella puertorrique\u00f1a Myke Towers ha confirmado oficialmente su esperado regreso a territorio nacional. De la mano de Iguana Producciones, el artista se presentar\u00e1 el pr\u00f3ximo 23 de abril en el Movistar Arena, consolidando su estatus como uno de los l\u00edderes indiscutidos del g\u00e9nero urbano a nivel mundial.<\/p>\n<p align=\"justify\">La venta de entradas para este espect\u00e1culo comienza hoy a las 12:00 del mediod\u00eda a trav\u00e9s del sistema PuntoTicket.: <a href=\"https:\/\/www.puntoticket.com\/myke-towers-2026\">https:\/\/www.puntoticket.com\/myke-towers-2026<\/a><\/strong><\/p>\n<p align=\"center\"><img decoding=\"async\" src=\"https:\/\/64.media.tumblr.com\/9bbfa91560f98415ba2a339e4da7bcc8\/55b1abd58dc8bf69-1f\/s640x960\/adb150157f762b6eb7bb08f5b396278f04bbccd9.jpg\" alt=\"null\" \/><\/p>\n<p align=\"justify\">Declaraciones de Myke Towers<\/p>\n<p align=\"justify\">\n<p align=\"justify\">El artista, quien mantiene una conexi\u00f3n estrecha con su audiencia en Chile, envi\u00f3 un mensaje a sus seguidores antes de su arribo a Santiago: &#8220;Chile siempre ha sido una de las plazas que m\u00e1s amor me da desde el primer d\u00eda. El apoyo que recibo de mis fan\u00e1ticos all\u00e1 es de otro nivel. Estoy contando los d\u00edas para verlos en el Movistar Arena, cantar todos esos \u00e9xitos juntos y devolverles toda esa energ\u00eda que siempre me entregan. Prep\u00e1rense para este 23 de abril&#8221;, expres\u00f3 Myke Towers.<\/p>\n<p><strong>Un espect\u00e1culo de \u00e9xitos globales<\/strong><\/p>\n<p align=\"justify\">Con billones de reproducciones en plataformas digitales, Towers llega en su mejor momento para interpretar himnos globales como LALA, el fen\u00f3meno que domin\u00f3 el Top 50 de Spotify, y su m\u00e1s reciente \u00e9xito multiplatino La Falda. El show tambi\u00e9n incluir\u00e1 cl\u00e1sicos esenciales como La Curiosidad, Pareja del A\u00f1o, Si se da, Girl y Expl\u00edcito.<\/p>\n<p align=\"justify\"><strong>Detalle de Localidades y Precios<br \/>\nLos siguientes valores no incluyen cargo por servicio:<br \/>\nPlatea Baja Diamante: $66.000<br \/>\nPlatea Baja Golden: $66.000<br \/>\nCancha VIP: $56.000<br \/>\nCancha: $46.000<br \/>\nPlatea Baja Silver: $46.000<br \/>\nPlatea Alta Golden: $36.000<br \/>\nPlatea Alta Silver: $26.000<br \/>\nSilla de Ruedas: $26.000<br \/>\nAcompa\u00f1ante: $26.000<br \/>\nTribuna: $18.000<\/p>\n<p align=\"justify\">Promociones Especiales<br \/>\nCancha VIP X2: $100.000<br \/>\nCancha X2: $72.000<\/strong><\/p>\n<p align=\"justify\">Acerca de Myke Towers<\/p>\n<p align=\"justify\">Michael Anthony Torres Monge, conocido art\u00edsticamente como Myke Towers, es un rapero y compositor puertorrique\u00f1o que ha redefinido el sonido del movimiento urbano contempor\u00e1neo. Su versatilidad le permite dominar tanto el trap como el reggaet\u00f3n mel\u00f3dico, posicion\u00e1ndose como un referente global de la m\u00fasica latina.<\/p>\n<p align=\"justify\">Recientemente ha consolidado un a\u00f1o hist\u00f3rico tras el lanzamiento de su \u00e1lbum La Pantera Negra, que incluye \u00e9xitos masivos como &#8220;Adivino&#8221; y &#8220;Degenere&#8221;. Adem\u00e1s de su \u00e9xito comercial, Towers ha sido reconocido por su labor social con la Young Kingz Foundation, reafirmando su compromiso con sus ra\u00edces y la juventud.<\/p>\n","protected":false},"excerpt":{"rendered":"<p>La superestrella puertorrique\u00f1a Myke Towers ha confirmado oficialmente su esperado regreso a territorio nacional. De la mano de Iguana Producciones, el artista se presentar\u00e1 el pr\u00f3ximo 23 de abril en el Movistar Arena, consolidando su estatus como uno de los l\u00edderes indiscutidos del g\u00e9nero urbano a nivel mundial. La venta de entradas para este espect\u00e1culo comienza hoy a las 12:00 del mediod\u00eda a trav\u00e9s del sistema PuntoTicket.: https:\/\/www.puntoticket.com\/myke-towers-2026 Declaraciones de Myke Towers El artista, quien mantiene una conexi\u00f3n estrecha con [&hellip;]<\/p>\n","protected":false},"author":1,"featured_media":113747,"comment_status":"open","ping_status":"open","sticky":false,"template":"","format":"standard","meta":{"footnotes":""},"categories":[3,12],"tags":[],"class_list":["post-113746","post","type-post","status-publish","format-standard","has-post-thumbnail","hentry","category-musica","category-pronto-en-vivo"],"_links":{"self":[{"href":"https:\/\/www.parlante.cl\/index.php?rest_route=\/wp\/v2\/posts\/113746","targetHints":{"allow":["GET"]}}],"collection":[{"href":"https:\/\/www.parlante.cl\/index.php?rest_route=\/wp\/v2\/posts"}],"about":[{"href":"https:\/\/www.parlante.cl\/index.php?rest_route=\/wp\/v2\/types\/post"}],"author":[{"embeddable":true,"href":"https:\/\/www.parlante.cl\/index.php?rest_route=\/wp\/v2\/users\/1"}],"replies":[{"embeddable":true,"href":"https:\/\/www.parlante.cl\/index.php?rest_route=%2Fwp%2Fv2%2Fcomments&post=113746"}],"version-history":[{"count":1,"href":"https:\/\/www.parlante.cl\/index.php?rest_route=\/wp\/v2\/posts\/113746\/revisions"}],"predecessor-version":[{"id":113748,"href":"https:\/\/www.parlante.cl\/index.php?rest_route=\/wp\/v2\/posts\/113746\/revisions\/113748"}],"wp:featuredmedia":[{"embeddable":true,"href":"https:\/\/www.parlante.cl\/index.php?rest_route=\/wp\/v2\/media\/113747"}],"wp:attachment":[{"href":"https:\/\/www.parlante.cl\/index.php?rest_route=%2Fwp%2Fv2%2Fmedia&parent=113746"}],"wp:term":[{"taxonomy":"category","embeddable":true,"href":"https:\/\/www.parlante.cl\/index.php?rest_route=%2Fwp%2Fv2%2Fcategories&post=113746"},{"taxonomy":"post_tag","embeddable":true,"href":"https:\/\/www.parlante.cl\/index.php?rest_route=%2Fwp%2Fv2%2Ftags&post=113746"}],"curies":[{"name":"wp","href":"https:\/\/api.w.org\/{rel}","templated":true}]}}