{"id":113805,"date":"2026-04-24T16:23:49","date_gmt":"2026-04-24T19:23:49","guid":{"rendered":"https:\/\/www.parlante.cl\/?p=113805"},"modified":"2026-04-24T16:41:56","modified_gmt":"2026-04-24T19:41:56","slug":"conversamos-con-guille-marmol-de-eterna-inocencia-nos-encontramos-en-el-mejor-momento-de-nuestra-carrera-y-rockout-es-el-lugar-indicado-para-vivirlo-junto-al-publico-chileno","status":"publish","type":"post","link":"https:\/\/www.parlante.cl\/?p=113805","title":{"rendered":"Conversamos con Guille Marmol de Eterna Inocencia: \u201cNos encontramos en el mejor momento de nuestra carrera, y RockOut es el lugar indicado para vivirlo junto al p\u00fablico chileno\u201d"},"content":{"rendered":"<p>Por Sebasti\u00e1n Allende.<\/p>\n<p align=\"justify\">El <strong>Festival RockOut<\/strong> se ha consolidado como uno de los encuentros m\u00e1s relevantes de la m\u00fasica alternativa en Chile, reuniendo generaciones, estilos y discursos que han marcado a fuego la historia del punk y el hardcore. En su edici\u00f3n 2026, el evento vuelve a levantar una propuesta potente y diversa, confirmando su car\u00e1cter de espacio de resistencia cultural y celebraci\u00f3n colectiva, donde bandas hist\u00f3ricas y proyectos contempor\u00e1neos conviven en un mismo escenario.<\/p>\n<p align=\"justify\">Dentro de ese contexto, <strong>Eterna Inocencia<\/strong> aparece como un nombre clave del cartel. Con m\u00e1s de tres d\u00e9cadas de trayectoria, una relaci\u00f3n profunda con el p\u00fablico chileno y un presente art\u00edstico s\u00f3lido, la banda argentina llega a RockOut en uno de los momentos m\u00e1s significativos de su carrera. Antes de su presentaci\u00f3n en el festival, conversamos con <strong>Guille M\u00e1rmol<\/strong>, vocalista del grupo, para hablar sobre este presente, el v\u00ednculo con Chile, el significado de compartir escenario con referentes de la escena y los desaf\u00edos que se abren en esta nueva etapa.<\/p>\n<p align=\"justify\"><strong>Guille \u00bfC\u00f3mo llega Eterna Inocencia a este momento, tanto en lo musical como en lo humano, despu\u00e9s de tantos a\u00f1os de trayectoria y de presentarse en Chile en un festival tan grande como RockOut?<\/strong><\/p>\n<p align=\"justify\"><em>Creo sinceramente que Eterna Inocencia est\u00e1 en el mejor momento de su carrera. Este a\u00f1o, despu\u00e9s del festival en Chile, nos vamos a M\u00e9xico y Costa Rica, sumando nuevos destinos a los que ya recorrimos el a\u00f1o pasado, como Brasil. De a poco vamos cubriendo nuevas plazas, visitando amigos que hace mucho no vemos o conociendo personas con las que nunca hab\u00edamos tenido la oportunidad de encontrarnos.<\/em><\/p>\n<p align=\"justify\"><em>RockOut, adem\u00e1s, es un festival que sentimos que Eterna merece. Siempre hemos tenido nuestro p\u00fablico en conciertos propios, pero no siempre la posibilidad de tocar frente a audiencias m\u00e1s amplias, que quiz\u00e1s no nos eligen directamente, sino que llegan por una propuesta general. Por eso lo vemos tambi\u00e9n como un desaf\u00edo muy lindo: reencontrarnos con nuestros seguidores de siempre, pero tambi\u00e9n salir al encuentro de personas que nunca vieron a la banda en vivo. Esto lo convierte, si no me equivoco, en el primer gran festival de Eterna Inocencia en Chile despu\u00e9s de mucho tiempo, y eso nos llena de expectativas.<\/em><\/p>\n<p><iframe title=\"Eterna Inocencia - Tu Mirada (video oficial)\" width=\"750\" height=\"563\" src=\"https:\/\/www.youtube.com\/embed\/b7urKz7m0Uk?feature=oembed\" frameborder=\"0\" allow=\"accelerometer; autoplay; clipboard-write; encrypted-media; gyroscope; picture-in-picture; web-share\" referrerpolicy=\"strict-origin-when-cross-origin\" allowfullscreen><\/iframe><\/p>\n<p align=\"justify\"><strong>Ustedes han construido una relaci\u00f3n muy especial con Chile. Hace poco convers\u00e1bamos sobre eso tras su show en el Caupolic\u00e1n. \u00bfSientes que esa conexi\u00f3n ha cambiado o sigue intacta?<\/strong><\/p>\n<p align=\"justify\"><em>Sinceramente, siento que la conexi\u00f3n con el p\u00fablico chileno est\u00e1 intacta. Es maravillosa la respuesta que siempre tenemos, el cari\u00f1o con el que nos tratan. El \u00faltimo Caupolic\u00e1n fue, en muchos sentidos, un momento consagratorio para Eterna Inocencia.<\/em><\/p>\n<p align=\"justify\"><em>Ahora me encantar\u00eda que quienes nunca vieron a la banda en vivo puedan experimentar eso: ser testigos de una relaci\u00f3n que este a\u00f1o cumple 30 a\u00f1os cruzando la cordillera una y otra vez. El p\u00fablico chileno es muy euf\u00f3rico, muy demostrativo, conoce profundamente nuestra obra, la hace propia y adem\u00e1s nos ayuda a seguir difundi\u00e9ndola. As\u00ed como la banda atraviesa su mejor momento, estoy convencido de que nuestra relaci\u00f3n con Chile tambi\u00e9n lo est\u00e1.<\/em><\/p>\n<p align=\"justify\"><strong>RockOut re\u00fane bandas de distintas generaciones y escenas. \u00bfQu\u00e9 les atrajo de esta invitaci\u00f3n y c\u00f3mo viven compartir cartel con nombres tan diversos del punk y el hardcore?<\/strong><\/p>\n<p align=\"justify\"><em>Estamos realmente muy felices. Me animar\u00eda a decir que esta es una de las semanas m\u00e1s importantes de nuestra vida como banda. Hoy mismo, mi\u00e9rcoles, vamos a compartir escenario con Bad Religion por tercera vez, y el s\u00e1bado ser\u00e1 la cuarta. Y siempre se siente como la primera vez.<\/em><\/p>\n<p align=\"justify\"><em>Bad Religion es una banda que nos influy\u00f3, nos cambi\u00f3 la vida y a la que pr\u00e1cticamente le debemos nuestra existencia. A eso se suma compartir escenario con bandas amigas como 2 Minutos, con quienes hace rato no coincid\u00edamos en vivo; con La Vela Puerca de Uruguay y A.N.I.M.A.L. Hay una diversidad enorme que enriquece mucho la propuesta.<\/em><\/p>\n<p align=\"justify\"><em>Tambi\u00e9n nos da la posibilidad de reencontrarnos con viejos conocidos y de generar v\u00ednculos nuevos con m\u00fasicos a quienes respetamos y conocemos, pero con quienes quiz\u00e1s nunca hab\u00edamos tenido la oportunidad de sentarnos a conversar. Seguro ser\u00e1 un espacio de intercambio muy potente, y lo estamos esperando con mucha ansiedad.<\/em><\/p>\n<p><iframe title=\"Eterna Inocencia - Tu Mirada (video oficial)\" width=\"750\" height=\"563\" src=\"https:\/\/www.youtube.com\/embed\/b7urKz7m0Uk?feature=oembed\" frameborder=\"0\" allow=\"accelerometer; autoplay; clipboard-write; encrypted-media; gyroscope; picture-in-picture; web-share\" referrerpolicy=\"strict-origin-when-cross-origin\" allowfullscreen><\/iframe><\/p>\n<p align=\"justify\"><strong>\u00bfEstos festivales funcionan realmente como espacios de camarader\u00eda y di\u00e1logo entre bandas?<\/strong><\/p>\n<p align=\"justify\"><em>Totalmente. Son momentos ideales para ponerse al d\u00eda con la agenda y la obra de los compa\u00f1eros. Muchas veces las agendas no coinciden y pasan a\u00f1os sin cruzarse. El festival tiene otro color: toc\u00e1s, ves tocar a otros, compart\u00eds experiencias.<\/em><\/p>\n<p align=\"justify\"><em>Muchas veces, de estos encuentros surgen proyectos a futuro. Nos pas\u00f3, por ejemplo, con Loquero, banda con la que ahora vamos a salir de gira por Argentina, y esos v\u00ednculos suelen nacer en contextos como este.<\/em><\/p>\n<p align=\"justify\"><em>Adem\u00e1s, con el paso del tiempo uno aprende a vivirlo con m\u00e1s conciencia. Antes todo parec\u00eda urgente; hoy se disfruta desde otro lugar. Hay un camino recorrido, amigos que est\u00e1n y otros que ya no, y el festival se transforma en una verdadera celebraci\u00f3n, pero tambi\u00e9n en un espacio de balance y proyecci\u00f3n.<\/em><\/p>\n<p align=\"justify\"><strong>Bad Religion es clave para toda una generaci\u00f3n, pero especialmente para ustedes. \u00bfQu\u00e9 lugar ocupa su m\u00fasica dentro de Eterna Inocencia?<\/strong><\/p>\n<p align=\"justify\"><em>Volver a tocar con Bad Religion siempre es un honor. Como dec\u00eda antes, les debemos todo: una concepci\u00f3n distinta de la m\u00fasica, un mensaje potente, creativo, que fue clave para que arm\u00e1ramos Eterna Inocencia.<\/em><\/p>\n<p align=\"justify\"><em>Incluso prepar\u00e9 un regalo para Greg Graffin \u2014un libro sobre el surgimiento del capitalismo en las pampas\u2014 con la esperanza de tener un momento para d\u00e1rselo personalmente. Pero m\u00e1s all\u00e1 de eso, el solo hecho de compartir escenario es algo que tambi\u00e9n el p\u00fablico celebra. Muchas personas sienten que Eterna ten\u00eda que estar ah\u00ed, y eso nos lo hacen saber. Es un reconocimiento a m\u00e1s de 30 a\u00f1os de trayectoria en esta m\u00fasica.<\/em><\/p>\n<p><iframe title=\"Eterna Inocencia  Sin quererlo mi alma se desangra\" width=\"750\" height=\"422\" src=\"https:\/\/www.youtube.com\/embed\/BWGrTpu8Iz4?feature=oembed\" frameborder=\"0\" allow=\"accelerometer; autoplay; clipboard-write; encrypted-media; gyroscope; picture-in-picture; web-share\" referrerpolicy=\"strict-origin-when-cross-origin\" allowfullscreen><\/iframe> <\/p>\n<p align=\"justify\"><strong>Para cerrar, queremos preguntarte por tu proyecto solista \u201cGuille M\u00e1rmol y su Guitarra Negra\u201d, que vuelve a Chile el 5 de junio en Santiago y el 6 en Vi\u00f1a del Mar. \u00bfDe qu\u00e9 se trata este espect\u00e1culo?<\/strong><\/p>\n<p align=\"justify\"><em>Es un compendio de canciones y relatos que me formaron desde que me interes\u00e9 por la m\u00fasica. No es solamente tocar la guitarra: es un recorrido reflexivo sobre el poder de la palabra. Es casi un unipersonal, m\u00e1s cercano a una obra de teatro que a un recital tradicional.<\/em><\/p>\n<p align=\"justify\"><em>Hay lecturas, declamadores, registros vascos e irlandeses, porque el eje central es que las canciones digan algo. El espect\u00e1culo viaja desde el presente hasta los poemas hom\u00e9ricos, los aedos, las odiseas. Por eso la gira se llama La gira de los aedos.<\/em><\/p>\n<p align=\"justify\"><em>Dura aproximadamente una hora, se presenta en espacios peque\u00f1os, con el p\u00fablico sentado. Apenas toco unas seis o siete canciones, pero entre medio hay muchas historias. La verdad es que es una experiencia muy profunda y emotiva.<\/em><\/p>\n<p align=\"justify\"><strong>Para despedirnos, \u00bfpodr\u00edas dejar un saludo a la gente de Parlante.cl e invitarlos a RockOut?<\/strong><\/p>\n<p align=\"justify\"><em>Claro que s\u00ed. Invito a toda la gente de Parlante.cl a RockOut, este s\u00e1bado 25 de abril en Santiago. Vamos a estar tocando junto a Bad Religion y muchas bandas m\u00e1s. Va a ser un festival incre\u00edble. Los esperamos.<\/em><\/p>\n<p align=\"center\"><img decoding=\"async\" src=\"https:\/\/64.media.tumblr.com\/203473e9c1f112b167a2e6c3c869f97e\/ede3def9b1f94a85-25\/s2048x3072\/b7d29de6be98405839f4747d9892f78091f8fbb4.jpg\" alt=\"null\" \/><\/p>\n","protected":false},"excerpt":{"rendered":"<p>Por Sebasti\u00e1n Allende. El Festival RockOut se ha consolidado como uno de los encuentros m\u00e1s relevantes de la m\u00fasica alternativa en Chile, reuniendo generaciones, estilos y discursos que han marcado a fuego la historia del punk y el hardcore. En su edici\u00f3n 2026, el evento vuelve a levantar una propuesta potente y diversa, confirmando su car\u00e1cter de espacio de resistencia cultural y celebraci\u00f3n colectiva, donde bandas hist\u00f3ricas y proyectos contempor\u00e1neos conviven en un mismo escenario. Dentro de ese contexto, Eterna [&hellip;]<\/p>\n","protected":false},"author":10,"featured_media":113808,"comment_status":"open","ping_status":"open","sticky":false,"template":"","format":"standard","meta":{"footnotes":""},"categories":[13,3],"tags":[],"class_list":["post-113805","post","type-post","status-publish","format-standard","has-post-thumbnail","hentry","category-conversamos-con","category-musica"],"_links":{"self":[{"href":"https:\/\/www.parlante.cl\/index.php?rest_route=\/wp\/v2\/posts\/113805","targetHints":{"allow":["GET"]}}],"collection":[{"href":"https:\/\/www.parlante.cl\/index.php?rest_route=\/wp\/v2\/posts"}],"about":[{"href":"https:\/\/www.parlante.cl\/index.php?rest_route=\/wp\/v2\/types\/post"}],"author":[{"embeddable":true,"href":"https:\/\/www.parlante.cl\/index.php?rest_route=\/wp\/v2\/users\/10"}],"replies":[{"embeddable":true,"href":"https:\/\/www.parlante.cl\/index.php?rest_route=%2Fwp%2Fv2%2Fcomments&post=113805"}],"version-history":[{"count":1,"href":"https:\/\/www.parlante.cl\/index.php?rest_route=\/wp\/v2\/posts\/113805\/revisions"}],"predecessor-version":[{"id":113807,"href":"https:\/\/www.parlante.cl\/index.php?rest_route=\/wp\/v2\/posts\/113805\/revisions\/113807"}],"wp:featuredmedia":[{"embeddable":true,"href":"https:\/\/www.parlante.cl\/index.php?rest_route=\/wp\/v2\/media\/113808"}],"wp:attachment":[{"href":"https:\/\/www.parlante.cl\/index.php?rest_route=%2Fwp%2Fv2%2Fmedia&parent=113805"}],"wp:term":[{"taxonomy":"category","embeddable":true,"href":"https:\/\/www.parlante.cl\/index.php?rest_route=%2Fwp%2Fv2%2Fcategories&post=113805"},{"taxonomy":"post_tag","embeddable":true,"href":"https:\/\/www.parlante.cl\/index.php?rest_route=%2Fwp%2Fv2%2Ftags&post=113805"}],"curies":[{"name":"wp","href":"https:\/\/api.w.org\/{rel}","templated":true}]}}