{"id":113818,"date":"2026-04-26T14:07:39","date_gmt":"2026-04-26T17:07:39","guid":{"rendered":"https:\/\/www.parlante.cl\/?p=113818"},"modified":"2026-04-26T15:23:04","modified_gmt":"2026-04-26T18:23:04","slug":"jorge-drexler-en-movistar-arena-volver-al-lugar-donde-yacen-las-canciones","status":"publish","type":"post","link":"https:\/\/www.parlante.cl\/?p=113818","title":{"rendered":"Jorge Drexler en Movistar Arena: Volver al lugar donde yacen las canciones"},"content":{"rendered":"<p><strong>Artista invitada: Olivia Garc\u00eda<br \/>\n25 de abril 2026.<\/strong><\/p>\n<p align=\"justify\">El cantautor uruguayo aterriz\u00f3 en nuestro pa\u00eds para continuar con la gira mundial de presentaci\u00f3n de <em>Tarac\u00e1<\/em>, su \u00faltimo \u00e1lbum de estudio que se public\u00f3 hace algunas semanas. La apertura de la primera de dos jornadas convocadas por Drexler estuvo a cargo de <strong>Olivia Garc\u00eda<\/strong>, la joven cantante de 24 a\u00f1os que re\u00fane en sus canciones el pop con tintes de folk e indie, y que cuenta con un EP y su \u00e1lbum <em>Un nuevo refugio<\/em>. Pasadas las 19 horas, vestida de rojo, subi\u00f3 al escenario para interpretar algunas de sus canciones que a\u00f1adieron un dulce toque de indie pop mientras el p\u00fablico tomaba asiento ingresando al recinto. <\/p>\n<p align=\"justify\">Con asistencia masiva y luego de m\u00e1s de un a\u00f1o de espera, pasadas las 20 horas y en medio de un montaje espectacular en medio de instrumentos donde se comenzaron a acomodar 7 m\u00fasicos, <strong>Jorge Drexler<\/strong> apareci\u00f3 en escena mientras sonaban los acordes de <strong>\u201cToco madera\u201d. \u201c\u00bfC\u00f3mo se ama?\u201d y \u201c\u00bfHay alguien A.I?\u201d<\/strong> siguieron con la presentaci\u00f3n del nuevo \u00e1lbum, sin embargo el repertorio, como bien pod\u00edamos esperar, hizo un recorrido por todas las etapas de su carrera. Con <strong>\u201cTransporte\u201d, \u201cPolvo de Estrellas\u201d y \u201cTres mil millones\u201d<\/strong> el p\u00fablico se puso de pie para acompa\u00f1arlo a coro mientras tambi\u00e9n bailaban desde los asientos los grandes \u00e9xitos del uruguayo. Drexler tiene una impronta \u00fanica, guitarras ac\u00fasticas, sintetizadores y esta vez mucha percusi\u00f3n, se mont\u00f3 una verdadera fiesta candombera en el escenario que lleg\u00f3 a cada rinc\u00f3n del recinto santiaguino. Uno de los primeros momentos emotivos de la noche se produjo con <strong>\u201cBienvenida\u201d<\/strong>, la primera canci\u00f3n que abre su primer trabajo de producci\u00f3n musical, que solo vio la luz en casette y que, tal como lo narr\u00f3 \u00e9l, solo vendi\u00f3 33 copias. Una canci\u00f3n que no interpretaba hace casi 30 a\u00f1os. <\/p>\n<blockquote class=\"instagram-media\" data-instgrm-captioned data-instgrm-permalink=\"https:\/\/www.instagram.com\/reel\/DXk1bLMjkNd\/?utm_source=ig_embed&amp;utm_campaign=loading\" data-instgrm-version=\"14\" style=\" background:#FFF; border:0; border-radius:3px; box-shadow:0 0 1px 0 rgba(0,0,0,0.5),0 1px 10px 0 rgba(0,0,0,0.15); margin: 1px; max-width:540px; min-width:326px; padding:0; width:99.375%; width:-webkit-calc(100% - 2px); width:calc(100% - 2px);\">\n<div style=\"padding:16px;\"> <a href=\"https:\/\/www.instagram.com\/reel\/DXk1bLMjkNd\/?utm_source=ig_embed&amp;utm_campaign=loading\" style=\" background:#FFFFFF; line-height:0; padding:0 0; text-align:center; text-decoration:none; width:100%;\" target=\"_blank\"> <\/p>\n<div style=\" display: flex; flex-direction: row; align-items: center;\">\n<div style=\"background-color: #F4F4F4; border-radius: 50%; flex-grow: 0; height: 40px; margin-right: 14px; width: 40px;\"><\/div>\n<div style=\"display: flex; flex-direction: column; flex-grow: 1; justify-content: center;\">\n<div style=\" background-color: #F4F4F4; border-radius: 4px; flex-grow: 0; height: 14px; margin-bottom: 6px; width: 100px;\"><\/div>\n<div style=\" background-color: #F4F4F4; border-radius: 4px; flex-grow: 0; height: 14px; width: 60px;\"><\/div>\n<\/div>\n<\/div>\n<div style=\"padding: 19% 0;\"><\/div>\n<div style=\"display:block; height:50px; margin:0 auto 12px; width:50px;\"><svg width=\"50px\" height=\"50px\" viewBox=\"0 0 60 60\" version=\"1.1\" xmlns=\"https:\/\/www.w3.org\/2000\/svg\" xmlns:xlink=\"https:\/\/www.w3.org\/1999\/xlink\"><g stroke=\"none\" stroke-width=\"1\" fill=\"none\" fill-rule=\"evenodd\"><g transform=\"translate(-511.000000, -20.000000)\" fill=\"#000000\"><g><path d=\"M556.869,30.41 C554.814,30.41 553.148,32.076 553.148,34.131 C553.148,36.186 554.814,37.852 556.869,37.852 C558.924,37.852 560.59,36.186 560.59,34.131 C560.59,32.076 558.924,30.41 556.869,30.41 M541,60.657 C535.114,60.657 530.342,55.887 530.342,50 C530.342,44.114 535.114,39.342 541,39.342 C546.887,39.342 551.658,44.114 551.658,50 C551.658,55.887 546.887,60.657 541,60.657 M541,33.886 C532.1,33.886 524.886,41.1 524.886,50 C524.886,58.899 532.1,66.113 541,66.113 C549.9,66.113 557.115,58.899 557.115,50 C557.115,41.1 549.9,33.886 541,33.886 M565.378,62.101 C565.244,65.022 564.756,66.606 564.346,67.663 C563.803,69.06 563.154,70.057 562.106,71.106 C561.058,72.155 560.06,72.803 558.662,73.347 C557.607,73.757 556.021,74.244 553.102,74.378 C549.944,74.521 548.997,74.552 541,74.552 C533.003,74.552 532.056,74.521 528.898,74.378 C525.979,74.244 524.393,73.757 523.338,73.347 C521.94,72.803 520.942,72.155 519.894,71.106 C518.846,70.057 518.197,69.06 517.654,67.663 C517.244,66.606 516.755,65.022 516.623,62.101 C516.479,58.943 516.448,57.996 516.448,50 C516.448,42.003 516.479,41.056 516.623,37.899 C516.755,34.978 517.244,33.391 517.654,32.338 C518.197,30.938 518.846,29.942 519.894,28.894 C520.942,27.846 521.94,27.196 523.338,26.654 C524.393,26.244 525.979,25.756 528.898,25.623 C532.057,25.479 533.004,25.448 541,25.448 C548.997,25.448 549.943,25.479 553.102,25.623 C556.021,25.756 557.607,26.244 558.662,26.654 C560.06,27.196 561.058,27.846 562.106,28.894 C563.154,29.942 563.803,30.938 564.346,32.338 C564.756,33.391 565.244,34.978 565.378,37.899 C565.522,41.056 565.552,42.003 565.552,50 C565.552,57.996 565.522,58.943 565.378,62.101 M570.82,37.631 C570.674,34.438 570.167,32.258 569.425,30.349 C568.659,28.377 567.633,26.702 565.965,25.035 C564.297,23.368 562.623,22.342 560.652,21.575 C558.743,20.834 556.562,20.326 553.369,20.18 C550.169,20.033 549.148,20 541,20 C532.853,20 531.831,20.033 528.631,20.18 C525.438,20.326 523.257,20.834 521.349,21.575 C519.376,22.342 517.703,23.368 516.035,25.035 C514.368,26.702 513.342,28.377 512.574,30.349 C511.834,32.258 511.326,34.438 511.181,37.631 C511.035,40.831 511,41.851 511,50 C511,58.147 511.035,59.17 511.181,62.369 C511.326,65.562 511.834,67.743 512.574,69.651 C513.342,71.625 514.368,73.296 516.035,74.965 C517.703,76.634 519.376,77.658 521.349,78.425 C523.257,79.167 525.438,79.673 528.631,79.82 C531.831,79.965 532.853,80.001 541,80.001 C549.148,80.001 550.169,79.965 553.369,79.82 C556.562,79.673 558.743,79.167 560.652,78.425 C562.623,77.658 564.297,76.634 565.965,74.965 C567.633,73.296 568.659,71.625 569.425,69.651 C570.167,67.743 570.674,65.562 570.82,62.369 C570.966,59.17 571,58.147 571,50 C571,41.851 570.966,40.831 570.82,37.631\"><\/path><\/g><\/g><\/g><\/svg><\/div>\n<div style=\"padding-top: 8px;\">\n<div style=\" color:#3897f0; font-family:Arial,sans-serif; font-size:14px; font-style:normal; font-weight:550; line-height:18px;\">Ver esta publicaci\u00f3n en Instagram<\/div>\n<\/div>\n<div style=\"padding: 12.5% 0;\"><\/div>\n<div style=\"display: flex; flex-direction: row; margin-bottom: 14px; align-items: center;\">\n<div>\n<div style=\"background-color: #F4F4F4; border-radius: 50%; height: 12.5px; width: 12.5px; transform: translateX(0px) translateY(7px);\"><\/div>\n<div style=\"background-color: #F4F4F4; height: 12.5px; transform: rotate(-45deg) translateX(3px) translateY(1px); width: 12.5px; flex-grow: 0; margin-right: 14px; margin-left: 2px;\"><\/div>\n<div style=\"background-color: #F4F4F4; border-radius: 50%; height: 12.5px; width: 12.5px; transform: translateX(9px) translateY(-18px);\"><\/div>\n<\/div>\n<div style=\"margin-left: 8px;\">\n<div style=\" background-color: #F4F4F4; border-radius: 50%; flex-grow: 0; height: 20px; width: 20px;\"><\/div>\n<div style=\" width: 0; height: 0; border-top: 2px solid transparent; border-left: 6px solid #f4f4f4; border-bottom: 2px solid transparent; transform: translateX(16px) translateY(-4px) rotate(30deg)\"><\/div>\n<\/div>\n<div style=\"margin-left: auto;\">\n<div style=\" width: 0px; border-top: 8px solid #F4F4F4; border-right: 8px solid transparent; transform: translateY(16px);\"><\/div>\n<div style=\" background-color: #F4F4F4; flex-grow: 0; height: 12px; width: 16px; transform: translateY(-4px);\"><\/div>\n<div style=\" width: 0; height: 0; border-top: 8px solid #F4F4F4; border-left: 8px solid transparent; transform: translateY(-4px) translateX(8px);\"><\/div>\n<\/div>\n<\/div>\n<div style=\"display: flex; flex-direction: column; flex-grow: 1; justify-content: center; margin-bottom: 24px;\">\n<div style=\" background-color: #F4F4F4; border-radius: 4px; flex-grow: 0; height: 14px; margin-bottom: 6px; width: 224px;\"><\/div>\n<div style=\" background-color: #F4F4F4; border-radius: 4px; flex-grow: 0; height: 14px; width: 144px;\"><\/div>\n<\/div>\n<p><\/a><\/p>\n<p style=\" color:#c9c8cd; font-family:Arial,sans-serif; font-size:14px; line-height:17px; margin-bottom:0; margin-top:8px; overflow:hidden; padding:8px 0 7px; text-align:center; text-overflow:ellipsis; white-space:nowrap;\"><a href=\"https:\/\/www.instagram.com\/reel\/DXk1bLMjkNd\/?utm_source=ig_embed&amp;utm_campaign=loading\" style=\" color:#c9c8cd; font-family:Arial,sans-serif; font-size:14px; font-style:normal; font-weight:normal; line-height:17px; text-decoration:none;\" target=\"_blank\">Una publicaci\u00f3n compartida de Parlante.cl (@parlantecl)<\/a><\/p>\n<\/div>\n<\/blockquote>\n<p><script async src=\"\/\/www.instagram.com\/embed.js\"><\/script><\/p>\n<p align=\"justify\">Poco a poco, fue presentando a los m\u00fasicos que lo acompa\u00f1aban en esta traves\u00eda, <strong>Miriam Latrece (coros), Ale L\u00f3pez (contrabajo), Florencia Gamba (coros, guitarra y teclados), Eva Catal\u00e1 (percusi\u00f3n), Vicente \u201cHuma\u201d (guitarra), Marc Pinyol (percusi\u00f3n) y Julio Sarizz (percusi\u00f3n)<\/strong> sorprendieron con su maestr\u00eda y tambi\u00e9n con una compa\u00f1\u00eda coral impresionante. As\u00ed fue como dio paso al momento candombero y murguero con <strong>\u201cTamborero\/Quimera\u201d<\/strong>, al terminar la canci\u00f3n baj\u00f3 del escenario para caminar al otro extremo del Movistar Arena y subirse a una tarima donde yac\u00eda su guitarra ac\u00fastica y un sintetizador. El p\u00fablico tuvo que darse la vuelta porque el concierto estaba preparado para ser de otro lado, <strong>\u201cTe llevo tatuada\u201d, \u201cLas palabras\u201d, \u201cGuitarra y vos\u201d, \u201cAl otro lado del r\u00edo\u201d<\/strong>, la hermosa <strong>\u201cInoportuna\u201d<\/strong>, una sensible y potente interpretaci\u00f3n de <strong>\u201cSoledad\u201d<\/strong> a d\u00fao con <strong>Ale L\u00f3pez<\/strong> en el contrabajo y <strong>\u201cAmar y ser amado\u201d<\/strong> fueron las escogidas para esta interpretaci\u00f3n en medio del p\u00fablico, que compet\u00eda para que sus voces fuesen escuchadas por Jorge, un Jorge emocionado al reencontrarse con su querido Chile, como lo mencion\u00f3 en varias oportunidades. <\/p>\n<p align=\"justify\">Al volver al escenario principal junto a su banda, sigui\u00f3 con la segunda parte del show, un repaso de su historia y su llegada a Madrid fue lo primero que quizo mencionar antes de seguir. Y es que la historia con <strong>Joaqu\u00edn Sabina<\/strong> ha sido rememorada en m\u00faltiples oportunidades, pero no siempre las suficientes. Y es que un joven egresado de medicina que hab\u00eda sido descubierto por el m\u00fasico espa\u00f1ol lleg\u00f3 a Madrid para hoy d\u00eda acumular m\u00e1s de 30 a\u00f1os viviendo en la capital espa\u00f1ola, tras la interpretaci\u00f3n de <strong>\u201cPongamos que hablo de Martinez\u201d<\/strong>, se tom\u00f3 el tiempo de contar sobre la vez que estuvo de fiesta junto a Enrique Morente, uno de los representantes insignes del flamenco, y c\u00f3mo esa an\u00e9cdota se transformar\u00eda en la canci\u00f3n <strong>\u201cCuando cantaba Morente\u201d<\/strong>, que es parte de su reciente estreno. <\/p>\n<p align=\"justify\"><strong>\u201cUniversos paralelos\u201d y \u201cTocarte\u201d<\/strong> hicieron bailar al p\u00fablico quienes ya llevaban cerca de 2 horas de disfrute, a estos temas, le siguieron <strong>\u201cNuestro trabajo\u201d, \u201cTambor chico\u201d, \u201c\u00bfQu\u00e9 ser\u00e1 qu\u00e9 es?\u201d y \u201cSea\u201d<\/strong>, para lo que ser\u00eda el fin de una jornada de reencuentro con su fanaticada. En medio de luces blancas, de color rojo, una sonrisa y una actitud humilde como la que siempre ha mantenido Drexler, se despidi\u00f3 del p\u00fablico a\u00f1orando la posibilidad de devolver todo el amor que ha recibido a lo largo de su carrera del p\u00fablico chileno. <\/p>\n<p align=\"justify\">Tras salir de escena y mientras segu\u00edan las ovaciones, luego de unos minutos los m\u00fasicos volvieron a sus posiciones para continuar el show con <strong>\u201cAnte la duda baila\u201d<\/strong>, un tema en el que cuenta c\u00f3mo en diferentes culturas y pa\u00edses a lo largo de la historia se prohibi\u00f3 el baile, como tambi\u00e9n en Chile. La canci\u00f3n muestra el ingenio de Drexler que hace, en sus letras, referencias hist\u00f3ricas, pero tambi\u00e9n callejeras y eruditas. <strong>\u201cBailar en la cueva\u201d<\/strong> antecedi\u00f3 el \u00faltimo momento enternecedor de la jornada, luego de leer un par de carteles, con su guitarra ac\u00fastica, se decidi\u00f3 a cantar <strong>\u201cSanar\u201d<\/strong>, luego de mucho tiempo sin que fuese parte del repertorio de sus shows, mezcl\u00f3 la canci\u00f3n con <strong>\u201cMe haces bien\u201d<\/strong>, que son\u00f3 fuerte por todos los asistentes. La \u00faltima canci\u00f3n del show, fue <strong>\u201cTodo se transforma\u201d<\/strong> que puso el broche de oro a casi 3 horas de espect\u00e1culo cargadas de sencillas historias y declaraciones de amor y reclamos sobre violento mundo que nos rodea puestas sobre melod\u00edas movidas y algunas acompa\u00f1adas de lo ac\u00fastico. <\/p>\n<p align=\"justify\">Un show de 3 horas de duraci\u00f3n donde cada silencio y palabra est\u00e1n s\u00fatilmente elegidas para impactar y remover las emociones de los asistentes. El formato banda de Jorge trae un trabajo sonoro impecable que lo acompa\u00f1a con su guitarra y a la vez logran una est\u00e9tica simple pero clara que deja en claro que lo que importan son las buenas canciones, tanto nuevas como las que han forjado esta historia musical. <\/p>\n<p align=\"center\"><strong><u>Setlist:<\/u><\/strong><br \/>\nToco madera<br \/>\n\u00bfC\u00f3mo se ama?<br \/>\n\u00bfHay alguien A.I?<br \/>\nTransporte<br \/>\nTelefon\u00eda<br \/>\nPolvo de estrellas<br \/>\nTres mil millones de latidos<br \/>\nBienvenida<br \/>\nTamborero\/Quimera<br \/>\nTe llevo tatuada<br \/>\nLas palabras<br \/>\nGuitarra y vos<br \/>\nAl otro lado del r\u00edo<br \/>\nInoportuna<br \/>\nSoledad<br \/>\nAmar y ser amado<br \/>\nMovimiento<br \/>\nPongamos que hablo de Martinez<br \/>\nCuando cantaba Morente<br \/>\nUniversos paralelos<br \/>\nTocarte<br \/>\nNuestro trabajo<br \/>\nTambor chico<br \/>\n\u00bfQu\u00e9 ser\u00e1 qu\u00e9 es?<br \/>\nSea<br \/>\nAnte la duda baila<br \/>\nBailar en la cueva<br \/>\nMe haces bien<br \/>\nTodo se transforma<\/p>\n","protected":false},"excerpt":{"rendered":"<p>Artista invitada: Olivia Garc\u00eda 25 de abril 2026. El cantautor uruguayo aterriz\u00f3 en nuestro pa\u00eds para continuar con la gira mundial de presentaci\u00f3n de Tarac\u00e1, su \u00faltimo \u00e1lbum de estudio que se public\u00f3 hace algunas semanas. La apertura de la primera de dos jornadas convocadas por Drexler estuvo a cargo de Olivia Garc\u00eda, la joven cantante de 24 a\u00f1os que re\u00fane en sus canciones el pop con tintes de folk e indie, y que cuenta con un EP y su [&hellip;]<\/p>\n","protected":false},"author":12,"featured_media":113819,"comment_status":"open","ping_status":"open","sticky":false,"template":"","format":"standard","meta":{"footnotes":""},"categories":[2,3,4],"tags":[],"class_list":["post-113818","post","type-post","status-publish","format-standard","has-post-thumbnail","hentry","category-estuvimos-en","category-musica","category-portada"],"_links":{"self":[{"href":"https:\/\/www.parlante.cl\/index.php?rest_route=\/wp\/v2\/posts\/113818","targetHints":{"allow":["GET"]}}],"collection":[{"href":"https:\/\/www.parlante.cl\/index.php?rest_route=\/wp\/v2\/posts"}],"about":[{"href":"https:\/\/www.parlante.cl\/index.php?rest_route=\/wp\/v2\/types\/post"}],"author":[{"embeddable":true,"href":"https:\/\/www.parlante.cl\/index.php?rest_route=\/wp\/v2\/users\/12"}],"replies":[{"embeddable":true,"href":"https:\/\/www.parlante.cl\/index.php?rest_route=%2Fwp%2Fv2%2Fcomments&post=113818"}],"version-history":[{"count":9,"href":"https:\/\/www.parlante.cl\/index.php?rest_route=\/wp\/v2\/posts\/113818\/revisions"}],"predecessor-version":[{"id":113834,"href":"https:\/\/www.parlante.cl\/index.php?rest_route=\/wp\/v2\/posts\/113818\/revisions\/113834"}],"wp:featuredmedia":[{"embeddable":true,"href":"https:\/\/www.parlante.cl\/index.php?rest_route=\/wp\/v2\/media\/113819"}],"wp:attachment":[{"href":"https:\/\/www.parlante.cl\/index.php?rest_route=%2Fwp%2Fv2%2Fmedia&parent=113818"}],"wp:term":[{"taxonomy":"category","embeddable":true,"href":"https:\/\/www.parlante.cl\/index.php?rest_route=%2Fwp%2Fv2%2Fcategories&post=113818"},{"taxonomy":"post_tag","embeddable":true,"href":"https:\/\/www.parlante.cl\/index.php?rest_route=%2Fwp%2Fv2%2Ftags&post=113818"}],"curies":[{"name":"wp","href":"https:\/\/api.w.org\/{rel}","templated":true}]}}