{"id":113841,"date":"2026-01-27T21:47:51","date_gmt":"2026-01-28T00:47:51","guid":{"rendered":"https:\/\/www.parlante.cl\/?p=113841"},"modified":"2026-04-27T21:50:55","modified_gmt":"2026-04-28T00:50:55","slug":"the-lumineers-anuncia-fecha-en-chile-parte-de-su-gira-automatic-2026","status":"publish","type":"post","link":"https:\/\/www.parlante.cl\/?p=113841","title":{"rendered":"The Lumineers anuncia fecha en Chile parte de su gira Automatic 2026"},"content":{"rendered":"<p align=\"justify\"><strong>LA GIRA INCLUYE CONCIERTOS EN BRASIL, ARGENTINA, CHILE, COLOMBIA, PER\u00da Y ECUADOR. <\/strong><\/p>\n<p align=\"justify\">The Lumineers ha anunciado fechas en Sudam\u00e9rica de su gira mundial Automatic World Tour, trayendo su aclamado show a Latinoam\u00e9rica en abril y mayo de 2026. Las fechas reci\u00e9n anunciadas traer\u00e1n a la banda a presentarse en Brasil, Argentina, Chile, Colombia, Per\u00fa y Ecuador, continuando con el impulso de una de las giras m\u00e1s exitosas de su carrera.<\/p>\n<p align=\"justify\">La etapa sudamericana comienza el 22 de abril en R\u00edo de Janeiro, con paradas en Curitiba y S\u00e3o Paulo, seguida de Buenos Aires, Santiago, Bogot\u00e1 y Lima, antes de concluir el 9 de mayo en Quito, Ecuador.<\/p>\n<p align=\"justify\">En Chile, The Lumineers se presentar\u00e1 el viernes 1 de mayo en el Movistar Arena.<\/p>\n<p align=\"center\"><img decoding=\"async\" src=\"https:\/\/64.media.tumblr.com\/7ce843a64ca2fec8d13f1f54b284bd53\/55f08948023aa42d-70\/s2048x3072\/2de4b2fef4d61feb5c07262299c3f9e521430d7a.jpg\" alt=\"null\" \/><\/p>\n<p align=\"justify\">La preventa estar\u00e1 disponible para clientes Santander desde el martes 3 de febrero a las 11am y la venta general para todo p\u00fablico comenzar\u00e1 a las 11.01am del jueves 5 de febrero. Ambas modalidades en Puntoticket. <\/p>\n<p align=\"justify\">La gira celebra el lanzamiento del \u00faltimo \u00e1lbum de The Lumineers, Automatic, que lleg\u00f3 a trav\u00e9s de Dualtone y supuso el trabajo m\u00e1s personal y creativamente expansivo de la banda hasta la fecha.<\/p>\n<p align=\"justify\">Elogiado por su emotividad cruda y sus himnos colectivos, Automatic ha consolidado a\u00fan m\u00e1s la reputaci\u00f3n de The Lumineers como uno de los grupos m\u00e1s potentes del rock moderno en vivo, que se refleja en sus estadios y recintos agotados y en sus actuaciones como cabezas de cartel en festivales de todo el mundo.<\/p>\n<p align=\"justify\">Las fechas sudamericanas siguen a la gira por Europa, Norteam\u00e9rica y festivales internacionales, donde The Lumineers ha sido cabeza de cartel en recintos emblem\u00e1ticos como el Citi Field, el Fenway Park, el Soldier Field, el Empower Field at Mile High y el O2 de Londres, entre otros.<\/p>\n<p align=\"justify\">Despu\u00e9s de m\u00e1s de dos d\u00e9cadas juntos, Wesley Schultz y Jeremiah Fraites contin\u00faan evolucionando creativamente mientras ofrecen conciertos cargados de emoci\u00f3n y conexi\u00f3n con el p\u00fablico que se han convertido en el sello distintivo de la banda: momentos que convierten cada sala, estadio y recinto en una experiencia compartida.<\/p>\n<p align=\"justify\"><strong>THE AUTOMATIC WORLD TOUR 2025 SUDAMERICA<br \/>\nApril 22 \u2013 Rio de Janeiro, BR \u2013 Vivo Rio<br \/>\nApril 24 \u2013 Curitiba, BR \u2013 Live Curitiba<br \/>\nApril 25 \u2013 S\u00e3o Paulo, BR \u2013 Suhai Music Hall<br \/>\nApril 29 \u2013 Buenos Aires, AR \u2013 Estadio Malvinas Argentinas<br \/>\nMay 1 \u2013 Santiago, CL \u2013 Movistar Arena<br \/>\nMay 4 \u2013 Bogot\u00e1, CO \u2013 Movistar Arena<br \/>\nMay 7 \u2013 Lima, PE \u2013 Costa 21 Duomo<br \/>\nMay 9 \u2013 Quito, EC \u2013 Arena Top Media<\/strong><\/p>\n<p align=\"justify\">Fundada en 2005 por Wesley Schultz (voz principal, guitarra) y Jeremiah Fraites (bater\u00eda, percusi\u00f3n, piano), The Lumineers se ha convertido en una de las bandas m\u00e1s exitosas e influyentes de su generaci\u00f3n, mezclando rock alternativo, americana y narrativas sinceras. Con cinco \u00e1lbumes de estudio, incluido su pr\u00f3ximo lanzamiento AUTOMATIC en 2025, la banda ha logrado 24 \u00e9xitos n\u00famero uno en m\u00faltiples formatos de radio, ha obtenido m\u00e1s de 6000 millones de reproducciones, ha vendido m\u00e1s de 1,5 millones de \u00e1lbumes en Estados Unidos y ha conseguido 22 millones de seguidores mensuales en Spotify, con un alcance en las redes sociales de 6,5 millones.<\/p>\n<p align=\"justify\">Entre sus galardones se incluyen dos nominaciones a los premios GRAMMY\u00ae, cinco nominaciones a los Billboard Music Awards, una nominaci\u00f3n a los American Music Awards y un premio iHeartRadio MMVA por su \u00e9xito n\u00famero uno \u00abStubborn Love\u00bb. Conocidos por sus electrizantes prresentaciones en vivo, The Lumineers ha agotado las entradas de estadios, anfiteatros y recintos de todo el mundo, han sido cabezas de cartel en festivales como Bonnaroo, Glastonbury y Fuji Rock, y han vendido m\u00e1s de 1,1 millones de entradas durante su gira mundial BRIGHTSIDE 2022.<\/p>\n<p align=\"justify\">M\u00e1s all\u00e1 de la m\u00fasica, The Lumineers se dedica a generar impacto social, defender la sostenibilidad medioambiental y apoyar causas como los derechos humanos, la salud mental de los j\u00f3venes, la educaci\u00f3n musical y la lucha contra el hambre. Su iniciativa ben\u00e9fica Colorado Gives Back, puesta en marcha durante la pandemia, recaud\u00f3 fondos esenciales para los trabajadores del sector de la m\u00fasica en directo y los servicios afectados por el COVID-19. Ahora, con su \u00e9pica gira y sus shows en los principales festivales, The Lumineers siguen cautivando al p\u00fablico mientras construyen un legado de creatividad, defensa y repercusi\u00f3n.<\/p>\n<p align=\"justify\">No te pierdas a The Lumineers el pr\u00f3ximo viernes 1 de mayo en Movistar Arena.<\/p>\n","protected":false},"excerpt":{"rendered":"<p>LA GIRA INCLUYE CONCIERTOS EN BRASIL, ARGENTINA, CHILE, COLOMBIA, PER\u00da Y ECUADOR. The Lumineers ha anunciado fechas en Sudam\u00e9rica de su gira mundial Automatic World Tour, trayendo su aclamado show a Latinoam\u00e9rica en abril y mayo de 2026. Las fechas reci\u00e9n anunciadas traer\u00e1n a la banda a presentarse en Brasil, Argentina, Chile, Colombia, Per\u00fa y Ecuador, continuando con el impulso de una de las giras m\u00e1s exitosas de su carrera. La etapa sudamericana comienza el 22 de abril en R\u00edo [&hellip;]<\/p>\n","protected":false},"author":1,"featured_media":113842,"comment_status":"open","ping_status":"open","sticky":false,"template":"","format":"standard","meta":{"footnotes":""},"categories":[3,12],"tags":[],"class_list":["post-113841","post","type-post","status-publish","format-standard","has-post-thumbnail","hentry","category-musica","category-pronto-en-vivo"],"_links":{"self":[{"href":"https:\/\/www.parlante.cl\/index.php?rest_route=\/wp\/v2\/posts\/113841","targetHints":{"allow":["GET"]}}],"collection":[{"href":"https:\/\/www.parlante.cl\/index.php?rest_route=\/wp\/v2\/posts"}],"about":[{"href":"https:\/\/www.parlante.cl\/index.php?rest_route=\/wp\/v2\/types\/post"}],"author":[{"embeddable":true,"href":"https:\/\/www.parlante.cl\/index.php?rest_route=\/wp\/v2\/users\/1"}],"replies":[{"embeddable":true,"href":"https:\/\/www.parlante.cl\/index.php?rest_route=%2Fwp%2Fv2%2Fcomments&post=113841"}],"version-history":[{"count":2,"href":"https:\/\/www.parlante.cl\/index.php?rest_route=\/wp\/v2\/posts\/113841\/revisions"}],"predecessor-version":[{"id":113844,"href":"https:\/\/www.parlante.cl\/index.php?rest_route=\/wp\/v2\/posts\/113841\/revisions\/113844"}],"wp:featuredmedia":[{"embeddable":true,"href":"https:\/\/www.parlante.cl\/index.php?rest_route=\/wp\/v2\/media\/113842"}],"wp:attachment":[{"href":"https:\/\/www.parlante.cl\/index.php?rest_route=%2Fwp%2Fv2%2Fmedia&parent=113841"}],"wp:term":[{"taxonomy":"category","embeddable":true,"href":"https:\/\/www.parlante.cl\/index.php?rest_route=%2Fwp%2Fv2%2Fcategories&post=113841"},{"taxonomy":"post_tag","embeddable":true,"href":"https:\/\/www.parlante.cl\/index.php?rest_route=%2Fwp%2Fv2%2Ftags&post=113841"}],"curies":[{"name":"wp","href":"https:\/\/api.w.org\/{rel}","templated":true}]}}