{"id":113849,"date":"2026-04-28T20:55:37","date_gmt":"2026-04-28T23:55:37","guid":{"rendered":"https:\/\/www.parlante.cl\/?p=113849"},"modified":"2026-04-28T20:55:37","modified_gmt":"2026-04-28T23:55:37","slug":"racimo-lanza-landing-su-nuevo-album-de-estudio","status":"publish","type":"post","link":"https:\/\/www.parlante.cl\/?p=113849","title":{"rendered":"Racimo lanza \u201cLanding\u201d, su nuevo \u00e1lbum de estudio"},"content":{"rendered":"<p align=\"justify\"><strong>Racimo<\/strong> acaba de lanzar su nuevo \u00e1lbum titulado \u201cLanding\u201d, cuarto trabajo de estudio y continuaci\u00f3n directa de su anterior producci\u00f3n \u201cFlying\u201d (2022), consolidando una narrativa musical con identidad propia y un enfoque en tem\u00e1ticas contingentes. \u201cSi en Flying la tem\u00e1tica principal se relacionaba con escapar, dada la contingencia actual, ahora tocaba volver a la realidad y aterrizar en un mundo en crisis, con todo lo que nos impacta d\u00eda a d\u00eda\u201d, comenta Rodrigo Sandoval, vocalista de la banda.<\/p>\n<p align=\"justify\">\u201cLanding\u201d est\u00e1 compuesto por 10 canciones que profundizan el relato de su predecesor, manteniendo una l\u00ednea conceptual coherente y un sonido maduro. \u201cNos basamos tanto en vivencias personales y sociales, as\u00ed como en noticias y pel\u00edculas que nos han impactado en la vida. Creemos que el nuevo \u00e1lbum resume todas nuestras influencias, as\u00ed que tiene mucho coraz\u00f3n y trabajo\u201d, confirma Sandoval.<\/p>\n<p align=\"justify\">La producci\u00f3n estuvo a cargo de Nicol\u00e1s Arce en AST Studios, logrando un sonido s\u00f3lido que refleja la evoluci\u00f3n art\u00edstica de Racimo tras dos d\u00e9cadas de trayectoria y apostando por composiciones con mensaje claro y definido, abordando experiencias humanas, conflictos internos y miradas sobre la realidad actual.<\/p>\n<p>El tracklist de \u201cLanding\u201d es el siguiente:<\/p>\n<p>1. Sobrevivir<br \/>\n2. The Landing<br \/>\n3. Mundo Arder<br \/>\n4. Luca Brasi<br \/>\n5. Llueve Sobre Mojado<br \/>\n6. True<br \/>\n7. La Oportunidad<br \/>\n8. Mapa Estelar<br \/>\n9. Caer<br \/>\n10. Destino<\/p>\n<p align=\"justify\">El \u00e1lbum incluye el single \u2018Sobrevivir\u2019, cuyo videoclip marc\u00f3 el primer adelanto de esta nueva etapa. La canci\u00f3n aborda una experiencia cercana a la muerte, explorando la claridad que surge tras enfrentar ese l\u00edmite y la necesidad de enfocarse en lo verdaderamente importante. Dirigido por Ram\u00f3n Poveda junto a la productora Habitaci\u00f3n Insana, la pieza audiovisual combina narrativa cinematogr\u00e1fica con escenas de la banda en vivo.<\/p>\n<p>Racimo est\u00e1 integrado por:<\/p>\n<p>Roy Sandoval \u2013 Voz<br \/>\nEsteban Cataldo \u2013 Guitarra<br \/>\nFelipe Ahumada \u2013 Bajo<br \/>\nManuel Bast\u00edas \u2013 Bater\u00eda<\/p>\n<p>Para m\u00e1s informaci\u00f3n revisa sus redes sociales:<\/p>\n<p><a href=\"https:\/\/www.facebook.com\/racimorockoficial\">https:\/\/www.facebook.com\/racimorockoficial<\/a><br \/>\n<a href=\"https:\/\/www.instagram.com\/racimorock_oficial\/\">https:\/\/www.instagram.com\/racimorock_oficial\/<\/a><br \/>\n<a href=\"https:\/\/www.youtube.com\/@racimo8327\">https:\/\/www.youtube.com\/@racimo8327<\/a><\/p>\n<p><iframe title=\"Spotify Embed: Landing\" style=\"border-radius: 12px\" width=\"100%\" height=\"352\" frameborder=\"0\" allowfullscreen allow=\"autoplay; clipboard-write; encrypted-media; fullscreen; picture-in-picture\" loading=\"lazy\" src=\"https:\/\/open.spotify.com\/embed\/album\/78iJfSMUBooA3ayl5KKqDy?si=OFo82uD2Sc-QGlnVK8jD-g&amp;utm_source=oembed\"><\/iframe><\/p>\n<p><iframe title=\"RACIMO - Sobrevivir (Official Music Video)\" width=\"750\" height=\"422\" src=\"https:\/\/www.youtube.com\/embed\/4p2Vd4b8Sxg?feature=oembed\" frameborder=\"0\" allow=\"accelerometer; autoplay; clipboard-write; encrypted-media; gyroscope; picture-in-picture; web-share\" referrerpolicy=\"strict-origin-when-cross-origin\" allowfullscreen><\/iframe><\/p>\n<p>&nbsp;<\/p>\n","protected":false},"excerpt":{"rendered":"<p>Racimo acaba de lanzar su nuevo \u00e1lbum titulado \u201cLanding\u201d, cuarto trabajo de estudio y continuaci\u00f3n directa de su anterior producci\u00f3n \u201cFlying\u201d (2022), consolidando una narrativa musical con identidad propia y un enfoque en tem\u00e1ticas contingentes. \u201cSi en Flying la tem\u00e1tica principal se relacionaba con escapar, dada la contingencia actual, ahora tocaba volver a la realidad y aterrizar en un mundo en crisis, con todo lo que nos impacta d\u00eda a d\u00eda\u201d, comenta Rodrigo Sandoval, vocalista de la banda. \u201cLanding\u201d est\u00e1 [&hellip;]<\/p>\n","protected":false},"author":21,"featured_media":113850,"comment_status":"open","ping_status":"open","sticky":false,"template":"","format":"standard","meta":{"footnotes":""},"categories":[3],"tags":[],"class_list":["post-113849","post","type-post","status-publish","format-standard","has-post-thumbnail","hentry","category-musica"],"_links":{"self":[{"href":"https:\/\/www.parlante.cl\/index.php?rest_route=\/wp\/v2\/posts\/113849","targetHints":{"allow":["GET"]}}],"collection":[{"href":"https:\/\/www.parlante.cl\/index.php?rest_route=\/wp\/v2\/posts"}],"about":[{"href":"https:\/\/www.parlante.cl\/index.php?rest_route=\/wp\/v2\/types\/post"}],"author":[{"embeddable":true,"href":"https:\/\/www.parlante.cl\/index.php?rest_route=\/wp\/v2\/users\/21"}],"replies":[{"embeddable":true,"href":"https:\/\/www.parlante.cl\/index.php?rest_route=%2Fwp%2Fv2%2Fcomments&post=113849"}],"version-history":[{"count":1,"href":"https:\/\/www.parlante.cl\/index.php?rest_route=\/wp\/v2\/posts\/113849\/revisions"}],"predecessor-version":[{"id":113852,"href":"https:\/\/www.parlante.cl\/index.php?rest_route=\/wp\/v2\/posts\/113849\/revisions\/113852"}],"wp:featuredmedia":[{"embeddable":true,"href":"https:\/\/www.parlante.cl\/index.php?rest_route=\/wp\/v2\/media\/113850"}],"wp:attachment":[{"href":"https:\/\/www.parlante.cl\/index.php?rest_route=%2Fwp%2Fv2%2Fmedia&parent=113849"}],"wp:term":[{"taxonomy":"category","embeddable":true,"href":"https:\/\/www.parlante.cl\/index.php?rest_route=%2Fwp%2Fv2%2Fcategories&post=113849"},{"taxonomy":"post_tag","embeddable":true,"href":"https:\/\/www.parlante.cl\/index.php?rest_route=%2Fwp%2Fv2%2Ftags&post=113849"}],"curies":[{"name":"wp","href":"https:\/\/api.w.org\/{rel}","templated":true}]}}