{"id":113851,"date":"2026-04-28T21:01:37","date_gmt":"2026-04-29T00:01:37","guid":{"rendered":"https:\/\/www.parlante.cl\/?p=113851"},"modified":"2026-04-28T21:02:29","modified_gmt":"2026-04-29T00:02:29","slug":"korn-vuelve-a-chile-el-legado-incombustible-y-la-evolucion-permanente-de-los-reyes-del-nu-metal","status":"publish","type":"post","link":"https:\/\/www.parlante.cl\/?p=113851","title":{"rendered":"Korn vuelve a Chile: El Legado Incombustible y la Evoluci\u00f3n Permanente de los Reyes del Nu-Metal"},"content":{"rendered":"<p align=\"justify\">La biograf\u00eda de <strong>Korn<\/strong> es, en esencia, la historia de c\u00f3mo la oscuridad suburbana de Bakersfield, California, se transform\u00f3 en un fen\u00f3meno global que redefini\u00f3 los l\u00edmites de la m\u00fasica pesada para siempre. A principios de los a\u00f1os 90, el panorama musical estaba fragmentado; el grunge comenzaba a palidecer y el metal tradicional buscaba desesperadamente una nueva identidad. En ese vac\u00edo aparecieron cinco j\u00f3venes \u2014<strong>Jonathan Davis, James &#8220;Munky&#8221; Shaffer, Brian &#8220;Head&#8221; Welch, Reginald &#8220;Fieldy&#8221; Arvizu y David Silveria<\/strong>\u2014 que no buscaban encajar en ninguna etiqueta preexistente. <\/p>\n<p align=\"justify\">La g\u00e9nesis de su sonido fue una anomal\u00eda t\u00e9cnica y emocional: guitarras de siete cuerdas afinadas en registros baj\u00edsimos que creaban una pared de distorsi\u00f3n disonante, un bajo que funcionaba m\u00e1s como un instrumento de percusi\u00f3n met\u00e1lica gracias al estilo \u00fanico de Fieldy, y una bater\u00eda que inyectaba el groove del hip-hop en estructuras de rock industrial. Pero el elemento definitivo fue <strong>Jonathan Davis<\/strong>, cuya formaci\u00f3n como asistente de forense le otorg\u00f3 una perspectiva cruda y traum\u00e1tica de la realidad, permiti\u00e9ndole exorcizar sus demonios personales a trav\u00e9s de una interpretaci\u00f3n vocal que romp\u00eda todos los moldes, alternando entre el scat gutural, los susurros esquizofr\u00e9nicos y el uso melanc\u00f3lico de la gaita escocesa.<\/p>\n<p><iframe title=\"Korn - Blind (Official HD Video)\" width=\"750\" height=\"563\" src=\"https:\/\/www.youtube.com\/embed\/SGK00Q7xx-s?feature=oembed\" frameborder=\"0\" allow=\"accelerometer; autoplay; clipboard-write; encrypted-media; gyroscope; picture-in-picture; web-share\" referrerpolicy=\"strict-origin-when-cross-origin\" allowfullscreen><\/iframe><\/p>\n<p align=\"justify\">Con el lanzamiento de su \u00e1lbum hom\u00f3nimo en 1994, la banda no solo present\u00f3 canciones, sino que fund\u00f3 una hermandad para todos aquellos que se sent\u00edan marginados o incomprendidos. Himnos como <strong>&#8220;Blind&#8221; o &#8220;Daddy&#8221;<\/strong> calaron hondo por su honestidad brutal, pero fue con la llegada de <em>Life is Peachy<\/em> y el monumental <em>Follow the Leader<\/em> en 1998 cuando Korn alcanz\u00f3 una escala de estrellato que antes solo estaba reservada para las bandas pop. Dominaron la era dorada de MTV, ganaron Grammys y crearon el <strong>Family Values Tour<\/strong>, un concepto que uni\u00f3 a comunidades del rap y el metal bajo un mismo techo. A pesar del \u00e9xito estratosf\u00e9rico, la banda enfrent\u00f3 tormentas que habr\u00edan destruido a cualquier otra formaci\u00f3n. <\/p>\n<p><iframe title=\"Korn - Freak On A Leash (Official Video)\" width=\"750\" height=\"422\" src=\"https:\/\/www.youtube.com\/embed\/jRGrNDV2mKc?feature=oembed\" frameborder=\"0\" allow=\"accelerometer; autoplay; clipboard-write; encrypted-media; gyroscope; picture-in-picture; web-share\" referrerpolicy=\"strict-origin-when-cross-origin\" allowfullscreen><\/iframe><\/p>\n<p align=\"justify\">La salida de <strong>Brian &#8220;Head&#8221; Welch<\/strong> en 2005 por una crisis espiritual y personal, y la partida definitiva de <strong>David Silveria<\/strong>, obligaron a la banda a reinventarse. Experimentaron con sonidos electr\u00f3nicos, colaboraron con DJs de dubstep y exploraron el metal industrial, demostrando una valent\u00eda art\u00edstica que los mantuvo vigentes mientras otros contempor\u00e1neos desaparec\u00edan. El regreso triunfal de <em>Head<\/em> en 2013 restaur\u00f3 la qu\u00edmica de las guitarras duales, iniciando una etapa de madurez creativa que ha dado frutos impresionantes como <em>The Nothing<\/em> y <em>Requiem<\/em>, discos que demuestran que su capacidad para transformar el sufrimiento en catarsis sonora sigue intacta tras tres d\u00e9cadas de carrera.<\/p>\n<p><iframe title=\"Korn - Got The Life (Official HD Video)\" width=\"750\" height=\"422\" src=\"https:\/\/www.youtube.com\/embed\/VAWjsVoDpm0?feature=oembed\" frameborder=\"0\" allow=\"accelerometer; autoplay; clipboard-write; encrypted-media; gyroscope; picture-in-picture; web-share\" referrerpolicy=\"strict-origin-when-cross-origin\" allowfullscreen><\/iframe><\/p>\n<p align=\"justify\">En esta nueva era de resiliencia, la banda ha integrado un componente que resuena con fuerza en el sur del mundo. Tras la pausa de su bajista original, la formaci\u00f3n encontr\u00f3 un nuevo motor r\u00edtmico en el talento del chileno <strong>Roberto &#8220;Ra&#8221; D\u00edaz<\/strong>. El vi\u00f1amarino, cuya trayectoria internacional ya era brillante tras a\u00f1os de giras mundiales con los legendarios <strong>Suicidal Tendencies<\/strong>, se ha consolidado como una pieza fundamental en el en vivo de la banda. Recientemente condecorado como <strong>Hijo Ilustre de Vi\u00f1a del Mar<\/strong>, Ra no solo aporta una t\u00e9cnica impecable y un virtuosismo que respeta el legado de la banda, sino que inyecta una energ\u00eda renovada que ha sido celebrada por los propios fundadores de la agrupaci\u00f3n. Su incorporaci\u00f3n ha creado un v\u00ednculo inquebrantable entre la historia de Korn y la identidad chilena, haciendo que esta presentaci\u00f3n en territorio nacional sea mucho m\u00e1s que un concierto: es el regreso de uno de los suyos formando parte de una de las instituciones m\u00e1s grandes del rock contempor\u00e1neo. Esta conjunci\u00f3n de historia, trauma, \u00e9xito masivo y orgullo nacional culminar\u00e1 en una jornada \u00e9pica donde el sonido pesado volver\u00e1 a reclamar su trono.<\/p>\n<p align=\"justify\">Korn se presenta en Chile el pr\u00f3ximo 8 de mayo en el Parque del Estadio Nacional. Junto a ellos se presentar\u00e1n ese d\u00eda la banda canadiense de heavy metal Spiritbox y la agrupaci\u00f3n estadounidense de rock\/metal Seven Hours After Violet. Una jornada imperdible. Entradas por Ticketmaster.<\/p>\n<p><img decoding=\"async\" src=\"https:\/\/64.media.tumblr.com\/451b5fba44a7013b0d30f6a843afd60c\/6e044cec9c870a16-c9\/s1280x1920\/0a37122136122d566c827392f5a25a06251c54fd.jpg\" alt=\"null\" \/><\/p>\n","protected":false},"excerpt":{"rendered":"<p>La biograf\u00eda de Korn es, en esencia, la historia de c\u00f3mo la oscuridad suburbana de Bakersfield, California, se transform\u00f3 en un fen\u00f3meno global que redefini\u00f3 los l\u00edmites de la m\u00fasica pesada para siempre. A principios de los a\u00f1os 90, el panorama musical estaba fragmentado; el grunge comenzaba a palidecer y el metal tradicional buscaba desesperadamente una nueva identidad. En ese vac\u00edo aparecieron cinco j\u00f3venes \u2014Jonathan Davis, James &#8220;Munky&#8221; Shaffer, Brian &#8220;Head&#8221; Welch, Reginald &#8220;Fieldy&#8221; Arvizu y David Silveria\u2014 que no [&hellip;]<\/p>\n","protected":false},"author":9,"featured_media":113854,"comment_status":"open","ping_status":"open","sticky":false,"template":"","format":"standard","meta":{"footnotes":""},"categories":[3,12],"tags":[],"class_list":["post-113851","post","type-post","status-publish","format-standard","has-post-thumbnail","hentry","category-musica","category-pronto-en-vivo"],"_links":{"self":[{"href":"https:\/\/www.parlante.cl\/index.php?rest_route=\/wp\/v2\/posts\/113851","targetHints":{"allow":["GET"]}}],"collection":[{"href":"https:\/\/www.parlante.cl\/index.php?rest_route=\/wp\/v2\/posts"}],"about":[{"href":"https:\/\/www.parlante.cl\/index.php?rest_route=\/wp\/v2\/types\/post"}],"author":[{"embeddable":true,"href":"https:\/\/www.parlante.cl\/index.php?rest_route=\/wp\/v2\/users\/9"}],"replies":[{"embeddable":true,"href":"https:\/\/www.parlante.cl\/index.php?rest_route=%2Fwp%2Fv2%2Fcomments&post=113851"}],"version-history":[{"count":2,"href":"https:\/\/www.parlante.cl\/index.php?rest_route=\/wp\/v2\/posts\/113851\/revisions"}],"predecessor-version":[{"id":113856,"href":"https:\/\/www.parlante.cl\/index.php?rest_route=\/wp\/v2\/posts\/113851\/revisions\/113856"}],"wp:featuredmedia":[{"embeddable":true,"href":"https:\/\/www.parlante.cl\/index.php?rest_route=\/wp\/v2\/media\/113854"}],"wp:attachment":[{"href":"https:\/\/www.parlante.cl\/index.php?rest_route=%2Fwp%2Fv2%2Fmedia&parent=113851"}],"wp:term":[{"taxonomy":"category","embeddable":true,"href":"https:\/\/www.parlante.cl\/index.php?rest_route=%2Fwp%2Fv2%2Fcategories&post=113851"},{"taxonomy":"post_tag","embeddable":true,"href":"https:\/\/www.parlante.cl\/index.php?rest_route=%2Fwp%2Fv2%2Ftags&post=113851"}],"curies":[{"name":"wp","href":"https:\/\/api.w.org\/{rel}","templated":true}]}}