{"id":113853,"date":"2026-04-28T21:10:23","date_gmt":"2026-04-29T00:10:23","guid":{"rendered":"https:\/\/www.parlante.cl\/?p=113853"},"modified":"2026-04-28T21:10:23","modified_gmt":"2026-04-29T00:10:23","slug":"nuclear-anuncia-show-intimo-previo-a-iron-maiden","status":"publish","type":"post","link":"https:\/\/www.parlante.cl\/?p=113853","title":{"rendered":"Nuclear anuncia show \u00edntimo previo a Iron Maiden"},"content":{"rendered":"<p align=\"justify\">La banda chilena de thrash metal Nuclear confirm\u00f3 un show \u00edntimo en Santiago el pr\u00f3ximo 9 de mayo, en el emblem\u00e1tico Bar de Ren\u00e9, en el marco del ciclo de conciertos con el que el recinto celebra sus 30 a\u00f1os de historia. La jornada contar\u00e1 adem\u00e1s con la participaci\u00f3n de la banda Defragment, en una noche que promete intensidad y cercan\u00eda con el p\u00fablico.<\/p>\n<p align=\"justify\">&#8220;Se trata de un show especial y \u00fanico, ya que ser\u00e1 una de las pocas fechas que tendremos este 2026 en Santiago, porque estamos muy enfocados en escribir nuestro octavo lanzamiento de estudio, en el cu\u00e1l ya estamos trabajando de manera ardua\u201d, comenta Mat\u00edas Leonicio, vocalista de Nuclear. Por lo mismo, el show adquiere un car\u00e1cter especial, ofreciendo una oportunidad \u00fanica para ver a la banda en un formato m\u00e1s cercano antes de sus pr\u00f3ximos desaf\u00edos internacionales.<\/p>\n<p align=\"justify\">La presentaci\u00f3n estar\u00e1 centrada en el disco \u201cFormula For Anarchy\u201d (2015), uno de los trabajos m\u00e1s representativos del grupo, con un repertorio especialmente preparado para la ocasi\u00f3n. Adem\u00e1s, este evento marca la \u201crevancha\u201d del show programado en 2025, que debi\u00f3 ser suspendido por motivos de salud de Roberto Barr\u00eda, bajista de la banda. En esta nueva fecha, Nuclear busca reencontrarse con su p\u00fablico y saldar esa deuda pendiente.<\/p>\n<p align=\"justify\">Una de las cosas que tambi\u00e9n llama la atenci\u00f3n, es que este show se posiciona como la antesala a uno de los hitos m\u00e1s importantes en la trayectoria reciente del grupo: Nuclear ser\u00e1 la banda encargada de abrir los shows de Iron Maiden en Santiago, programados para el 31 de octubre y 1 de noviembre de 2026 en el Estadio Nacional. &#8220;Nos preparamos con todo para abrir los dos shows de Iron Maiden, un honor absoluto poder estar junto a una de las bandas con las cuales creciste. Ser\u00e1 realmente demoledor&#8221;, complementa Mat\u00edas.<\/p>\n<p align=\"justify\">Con una s\u00f3lida trayectoria dentro del metal chileno, Nuclear contin\u00faa consolidando su presencia tanto a nivel local como internacional, preparando nuevo material y enfrentando uno de los escenarios m\u00e1s importantes de su carrera.<\/p>\n<p>Las entradas para el show del 9 de mayo ya se encuentran disponibles a trav\u00e9s de PortalDisc (m\u00e1s info en el afiche):<br \/>\n<a href=\"https:\/\/www.portaldisc.com\/evento\/nuclear-defragment-bar-de-rene\">https:\/\/www.portaldisc.com\/evento\/nuclear-defragment-bar-de-rene<\/a><\/p>\n<p><img decoding=\"async\" class=\"alignnone size-medium\" src=\"https:\/\/images.portaldisc.com\/eventos\/17815.jpg\" width=\"1000\" height=\"1250\" \/><\/p>\n<p>Sigue a Nuclear en redes sociales:<\/p>\n<p style=\"font-weight: 400\">Instagram: @nuclearthrash<\/p>\n<p style=\"font-weight: 400\">Facebook:\u00a0<a href=\"http:\/\/facebook.com\/nuclearcl\" data-saferedirecturl=\"https:\/\/www.google.com\/url?q=http:\/\/facebook.com\/nuclearcl&amp;source=gmail&amp;ust=1777507295282000&amp;usg=AOvVaw2Y0Jqw6i8K-73A_7LCSKpz\">facebook.com\/nuclearcl<\/a><\/p>\n<p><iframe title=\"Nuclear - Siege of Power (Official Music Video)\" width=\"750\" height=\"422\" src=\"https:\/\/www.youtube.com\/embed\/ZHAruPn0mkM?feature=oembed\" frameborder=\"0\" allow=\"accelerometer; autoplay; clipboard-write; encrypted-media; gyroscope; picture-in-picture; web-share\" referrerpolicy=\"strict-origin-when-cross-origin\" allowfullscreen><\/iframe><\/p>\n<p>&nbsp;<\/p>\n<p>&nbsp;<\/p>\n","protected":false},"excerpt":{"rendered":"<p>La banda chilena de thrash metal Nuclear confirm\u00f3 un show \u00edntimo en Santiago el pr\u00f3ximo 9 de mayo, en el emblem\u00e1tico Bar de Ren\u00e9, en el marco del ciclo de conciertos con el que el recinto celebra sus 30 a\u00f1os de historia. La jornada contar\u00e1 adem\u00e1s con la participaci\u00f3n de la banda Defragment, en una noche que promete intensidad y cercan\u00eda con el p\u00fablico. &#8220;Se trata de un show especial y \u00fanico, ya que ser\u00e1 una de las pocas fechas [&hellip;]<\/p>\n","protected":false},"author":21,"featured_media":113857,"comment_status":"open","ping_status":"open","sticky":false,"template":"","format":"standard","meta":{"footnotes":""},"categories":[3],"tags":[],"class_list":["post-113853","post","type-post","status-publish","format-standard","has-post-thumbnail","hentry","category-musica"],"_links":{"self":[{"href":"https:\/\/www.parlante.cl\/index.php?rest_route=\/wp\/v2\/posts\/113853","targetHints":{"allow":["GET"]}}],"collection":[{"href":"https:\/\/www.parlante.cl\/index.php?rest_route=\/wp\/v2\/posts"}],"about":[{"href":"https:\/\/www.parlante.cl\/index.php?rest_route=\/wp\/v2\/types\/post"}],"author":[{"embeddable":true,"href":"https:\/\/www.parlante.cl\/index.php?rest_route=\/wp\/v2\/users\/21"}],"replies":[{"embeddable":true,"href":"https:\/\/www.parlante.cl\/index.php?rest_route=%2Fwp%2Fv2%2Fcomments&post=113853"}],"version-history":[{"count":1,"href":"https:\/\/www.parlante.cl\/index.php?rest_route=\/wp\/v2\/posts\/113853\/revisions"}],"predecessor-version":[{"id":113858,"href":"https:\/\/www.parlante.cl\/index.php?rest_route=\/wp\/v2\/posts\/113853\/revisions\/113858"}],"wp:featuredmedia":[{"embeddable":true,"href":"https:\/\/www.parlante.cl\/index.php?rest_route=\/wp\/v2\/media\/113857"}],"wp:attachment":[{"href":"https:\/\/www.parlante.cl\/index.php?rest_route=%2Fwp%2Fv2%2Fmedia&parent=113853"}],"wp:term":[{"taxonomy":"category","embeddable":true,"href":"https:\/\/www.parlante.cl\/index.php?rest_route=%2Fwp%2Fv2%2Fcategories&post=113853"},{"taxonomy":"post_tag","embeddable":true,"href":"https:\/\/www.parlante.cl\/index.php?rest_route=%2Fwp%2Fv2%2Ftags&post=113853"}],"curies":[{"name":"wp","href":"https:\/\/api.w.org\/{rel}","templated":true}]}}