{"id":113874,"date":"2026-04-29T13:34:19","date_gmt":"2026-04-29T16:34:19","guid":{"rendered":"https:\/\/www.parlante.cl\/?p=113874"},"modified":"2026-04-29T13:39:52","modified_gmt":"2026-04-29T16:39:52","slug":"evaristo-paramos-en-teatro-coliseo-el-punk-se-jubila-pero-no-muere","status":"publish","type":"post","link":"https:\/\/www.parlante.cl\/?p=113874","title":{"rendered":"Evaristo P\u00e1ramos en Teatro Coliseo: El punk se jubila, pero no muere"},"content":{"rendered":"<p><strong>28 de abril 2026.<br \/>\nBanda invitada: Los KK.<\/strong><\/p>\n<p>Por Ricardo Olivero.<br \/>\nFotograf\u00edas por Javier Mart\u00ednez.<\/p>\n<p align=\"justify\">Lo de anoche en el <strong>Teatro Coliseo<\/strong> no estaba en los planes de nadie y, quiz\u00e1s por eso mismo, termin\u00f3 siendo uno de los momentos m\u00e1s intensos de este inicio de semana. Cuando el polvo reci\u00e9n comenzaba a asentarse tras la marat\u00f3nica edici\u00f3n del <strong>Rock Out<\/strong> \u2014que dej\u00f3 a su paso una seguidilla de nombres de peso como <strong>Bad Religion, Non Servium y 2 Minutos<\/strong>\u2014, apareci\u00f3 casi como un rumor que se niega a quedarse en voz baja una noticia directa a la vena: <strong>Evaristo P\u00e1ramos<\/strong> tocar\u00eda en Santiago en formato sideshow, con poco aviso y sin la parafernalia de un gran anuncio.<\/p>\n<p align=\"justify\">Lo que pudo ser un simple ap\u00e9ndice del festival termin\u00f3 convirti\u00e9ndose en una declaraci\u00f3n. Si algo dej\u00f3 claro la noche en el Coliseo es que Evaristo no necesita grandes campa\u00f1as ni contextos grandilocuentes: le basta un escenario, un repertorio afilado y un p\u00fablico chileno que hace d\u00e9cadas lo adopt\u00f3 como propio. Hab\u00eda, adem\u00e1s, una carga simb\u00f3lica imposible de ignorar. La herida abierta de aquella despedida accidentada de <strong>La Polla Records en el Estadio La Florida<\/strong> sigue siendo un punto de referencia obligado cada vez que Evaristo pisa Chile. Ese episodio, que promet\u00eda ser un cierre hist\u00f3rico, dej\u00f3 m\u00e1s preguntas que certezas; desde entonces, cada regreso ha operado como una suerte de reparaci\u00f3n progresiva. Los llenos en el Caupolic\u00e1n ya hab\u00edan insinuado ese proceso, pero lo del Coliseo se sinti\u00f3 m\u00e1s definitivo: menos deuda, m\u00e1s presente.<\/p>\n<p align=\"justify\">La jornada comenzaba con los veteranos de <strong>Los KK<\/strong>, una verdadera instituci\u00f3n del punk nacional que desde 1989 ha escupido radiograf\u00edas certeras de la sociedad chilena. Su vigencia impacta y asusta, reafirmando a la banda como un estandarte que dispara balas contra lo establecido. Con nuevo material bajo el brazo despu\u00e9s de d\u00e9cadas, titulado <em>La vida es un infierno<\/em> (editado tanto en CD como en LP), la banda ha logrado mantenerse vigente ya no solo por la nostalgia, sino buscando un camino propio en la actualidad. El inicio con el himno <strong>\u201cNo eres nada\u201d<\/strong>, verdadera pieza de la intransigencia, encendi\u00f3 los \u00e1nimos de la gente que ya se agolpaba en el recinto para una jornada sin concesiones. Su nuevo material fue mezclado con su cl\u00e1sico y trascendental debut de 1989, el disco <em>KK Urbana<\/em>, que contiene himnos como <strong>\u201cEstado decadente\u201d, \u201cAnti fuerza p\u00fablica\u201d o \u201cDoble tormento\u201d<\/strong>, reversionando a la gran Violeta Parra con su tema <strong>\u201cMira c\u00f3mo sonr\u00eden\u201d<\/strong>. La banda tuvo mensajes para el &#8220;Kast&#8221; y su llamado a interrumpir su \u201cnido de amor\u201d en La Moneda, mostrando que la protesta es actual y que la vigencia de sus letras sigue siendo necesaria, haciendo eco tanto en las antiguas generaciones de punks como en las nuevas que han tenido el privilegio de verlos en vivo tras m\u00e1s de 37 a\u00f1os de trayectoria.<\/p>\n<p align=\"justify\">Volviendo a Evaristo, el <strong>&#8220;Puto Amo&#8221;<\/strong> y su esperado show de fondo, el arranque fue brutal en su simpleza. <strong>\u201cSalve\u201d<\/strong> abri\u00f3 el fuego y bastaron segundos para que el teatro entrara en combusti\u00f3n. Ver a Evaristo a\u00fan d\u00e1ndolo todo en el escenario es algo que impacta y emociona, dejando al p\u00fablico chileno en \u00e9xtasis ante la posibilidad de compartir espacio con el compositor m\u00e1s \u00e1cido e influyente de habla hispana en los territorios del punk rock. A diferencia de otras visitas, el setlist se sinti\u00f3 particularmente amplio, casi como una radiograf\u00eda completa de su trayectoria. No solo hubo espacio para los cl\u00e1sicos inevitables de <strong>La Polla Records<\/strong>, sino tambi\u00e9n para ese entramado de proyectos que Evaristo ha ido construyendo con los a\u00f1os: <strong>Gatillazo, The Meas, The Kagas, Tropa de Carallo<\/strong> y otras encarnaciones que ampl\u00edan su discurso sin traicionar su esencia.<\/p>\n<p align=\"justify\"><strong>\u201cEstrella del rock\u201d<\/strong> apareci\u00f3 temprano, con esa mezcla de iron\u00eda y cr\u00edtica que sigue golpeando con precisi\u00f3n quir\u00fargica. La respuesta del p\u00fablico fue inmediata: coro cerrado, brazos arriba y pogo constante. <strong>\u201cAs\u00ed casca la basca\u201d<\/strong> mantuvo la intensidad en niveles altos, mientras que <strong>\u201cLucky Man\u201d<\/strong> aport\u00f3 ese filo sarc\u00e1stico que atraviesa toda su obra y que nos paseaba por parte del repertorio m\u00e1s cl\u00e1sico de La Polla Records. Pero m\u00e1s all\u00e1 de los hits evidentes, hubo un trabajo interesante en la din\u00e1mica del show. <strong>\u201cPoes\u00eda\u201d<\/strong>, desde <strong>The Meas<\/strong>, introdujo un cambio de ritmo sin perder profundidad, mostrando una faceta menos frontal pero igual de incisiva. <strong>\u201cSanta \u00c1gueda\u201d<\/strong>, en clave <strong>The Kagas<\/strong>, volvi\u00f3 a encender la mecha, recordando que el repertorio de Evaristo no es una pieza de museo, sino un organismo vivo que sigue dialogando con el presente.<\/p>\n<p align=\"justify\">Tambi\u00e9n hubo espacio para otras piezas que reforzaron esa idea de recorrido integral: temas de <strong>Gatillazo<\/strong> que mantuvieron la velocidad y la crudeza, y cortes menos evidentes que los fan\u00e1ticos m\u00e1s fieles supieron reconocer y celebrar. El set, cercano a las dos horas, evit\u00f3 caer en la rutina de \u201cgrandes \u00e9xitos\u201d y opt\u00f3 por una narrativa m\u00e1s amplia y honesta. No obstante, temas como <strong>\u201cSoluci\u00f3n final\u201d o \u201cDelincuencia\u201d<\/strong> marcaron la fibra m\u00e1s profunda de quienes llevan escuchando a <strong>La Polla Records<\/strong> desde su juventud y que hoy transitan las cuatro d\u00e9cadas o m\u00e1s, mostrando lo imperecedero de su mensaje. Este nuevamente se nos presenta como despedida, pero sospechamos que puede tener un segundo o tercer aire m\u00e1s en su trayectoria.<\/p>\n<p align=\"justify\">Sobre el escenario, <strong>Evaristo<\/strong> se mostr\u00f3 en su versi\u00f3n m\u00e1s reconocible: directo, sin adornos, con ese discurso que mezcla humor \u00e1cido, cr\u00edtica social y una distancia evidente respecto a cualquier etiqueta. Porque, aunque el mundo insista en ubicarlo como artista punk, \u00e9l sigue movi\u00e9ndose en un terreno propio, inc\u00f3modo y dif\u00edcil de encapsular. El tramo final condens\u00f3 todo lo anterior. <strong>\u201cEsclavos del siglo XXI\u201d<\/strong> lleg\u00f3 como un golpe certero, con la intensidad acumulada explotando en el momento justo. Evaristo, fiel a su estilo, elimin\u00f3 cualquier barrera f\u00edsica lanz\u00e1ndose al p\u00fablico, en un gesto que sigue teniendo m\u00e1s sentido que cualquier discurso.<\/p>\n<p align=\"justify\">Y entonces, el cierre inevitable: <strong>\u201cEllos dicen mierda\u201d<\/strong>. M\u00e1s que una canci\u00f3n, un ritual. Un himno que trasciende generaciones y contextos, que convierte cada presentaci\u00f3n en una especie de acto cat\u00e1rtico. El Coliseo completo coreando, saltando y descargando a\u00f1os de historia en minutos coron\u00f3 casi dos horas de show que tuvo brev\u00edsimas pausas. Lo que deja una noche as\u00ed no es solo la satisfacci\u00f3n del show cumplido; es la sensaci\u00f3n de que esto puede repetirse. Hay una conexi\u00f3n que sigue viva y que no depende de modas ni de coyunturas espec\u00edficas. Si el paso por el <strong>RockOut<\/strong> confirm\u00f3 la vigencia del g\u00e9nero en t\u00e9rminos masivos, lo del Coliseo reafirm\u00f3 algo m\u00e1s profundo: que figuras como Evaristo siguen teniendo un lugar central en esa conversaci\u00f3n y que su propuesta contin\u00faa siendo necesaria. Al final, m\u00e1s all\u00e1 de etiquetas, lo de anoche fue una descarga honesta e intensa. Pase lo que pase en el futuro, el legado de La Polla Records es inmortal y, si no, de cualquier manera, el futuro apesta. <strong>Larga vida a Evaristo, el puto amo<\/strong>.<\/p>\n<p align=\"center\"><strong><u>Setlist:<\/u><\/strong><br \/>\nSalve<br \/>\nP\u00e1nfilo panfleto ataca de nuevo<br \/>\nCome libertad<br \/>\nNuestra alegre juventud<br \/>\n\u2026O esclavos<br \/>\nOtra canci\u00f3n para la polic\u00eda<br \/>\nPoes\u00eda<br \/>\nA tu lado<br \/>\nSanta \u00c1gueda<br \/>\nEstrella de rock<br \/>\nAs\u00ed es la vida<br \/>\nN\u00b01 en U.S.A<br \/>\nAs\u00ed casca la basca<br \/>\nLucky Man for You<br \/>\nSin sitio para vivir<br \/>\nLa gran enga\u00f1ada<br \/>\nLe\u00f1a<br \/>\nMucha muerte<br \/>\nTu m\u00e1s en\u00e9rgica repulsa<br \/>\nCome mierda<br \/>\nVacaciones en Europa<br \/>\nGaseosa la clashera<br \/>\nPuedes ser idiota<br \/>\nIgual para todos<br \/>\nTodo por la patria<br \/>\nFunkerilla<br \/>\nBoing Boing<br \/>\nSimios en armas<br \/>\nCampos de concentraci\u00f3n<br \/>\nLa \u00faltima patada<br \/>\nLa soluci\u00f3n final<br \/>\nPlay Video<br \/>\nLos chicos con las chicas<br \/>\nHemos venido a divertirnos<br \/>\n7000 millones de personas no pueden tener un rancho en California<br \/>\nPlay Video<br \/>\nLos siete enanitos<br \/>\nVente a la mierda<br \/>\nToda la puta vida igual<br \/>\nLlora el tel\u00e9fono<br \/>\nWelcome Refugees<br \/>\nPlay Video<br \/>\nDelincuencia<br \/>\nQue turututu, ay que tururu<br \/>\nPlay Video<br \/>\nEsclavos del siglo XXI<br \/>\nEllos dicen mierda<\/p>\n","protected":false},"excerpt":{"rendered":"<p>28 de abril 2026. Banda invitada: Los KK. Por Ricardo Olivero. Fotograf\u00edas por Javier Mart\u00ednez. Lo de anoche en el Teatro Coliseo no estaba en los planes de nadie y, quiz\u00e1s por eso mismo, termin\u00f3 siendo uno de los momentos m\u00e1s intensos de este inicio de semana. Cuando el polvo reci\u00e9n comenzaba a asentarse tras la marat\u00f3nica edici\u00f3n del Rock Out \u2014que dej\u00f3 a su paso una seguidilla de nombres de peso como Bad Religion, Non Servium y 2 Minutos\u2014, [&hellip;]<\/p>\n","protected":false},"author":20,"featured_media":113875,"comment_status":"open","ping_status":"open","sticky":false,"template":"","format":"standard","meta":{"footnotes":""},"categories":[2,3,4],"tags":[],"class_list":["post-113874","post","type-post","status-publish","format-standard","has-post-thumbnail","hentry","category-estuvimos-en","category-musica","category-portada"],"_links":{"self":[{"href":"https:\/\/www.parlante.cl\/index.php?rest_route=\/wp\/v2\/posts\/113874","targetHints":{"allow":["GET"]}}],"collection":[{"href":"https:\/\/www.parlante.cl\/index.php?rest_route=\/wp\/v2\/posts"}],"about":[{"href":"https:\/\/www.parlante.cl\/index.php?rest_route=\/wp\/v2\/types\/post"}],"author":[{"embeddable":true,"href":"https:\/\/www.parlante.cl\/index.php?rest_route=\/wp\/v2\/users\/20"}],"replies":[{"embeddable":true,"href":"https:\/\/www.parlante.cl\/index.php?rest_route=%2Fwp%2Fv2%2Fcomments&post=113874"}],"version-history":[{"count":4,"href":"https:\/\/www.parlante.cl\/index.php?rest_route=\/wp\/v2\/posts\/113874\/revisions"}],"predecessor-version":[{"id":113879,"href":"https:\/\/www.parlante.cl\/index.php?rest_route=\/wp\/v2\/posts\/113874\/revisions\/113879"}],"wp:featuredmedia":[{"embeddable":true,"href":"https:\/\/www.parlante.cl\/index.php?rest_route=\/wp\/v2\/media\/113875"}],"wp:attachment":[{"href":"https:\/\/www.parlante.cl\/index.php?rest_route=%2Fwp%2Fv2%2Fmedia&parent=113874"}],"wp:term":[{"taxonomy":"category","embeddable":true,"href":"https:\/\/www.parlante.cl\/index.php?rest_route=%2Fwp%2Fv2%2Fcategories&post=113874"},{"taxonomy":"post_tag","embeddable":true,"href":"https:\/\/www.parlante.cl\/index.php?rest_route=%2Fwp%2Fv2%2Ftags&post=113874"}],"curies":[{"name":"wp","href":"https:\/\/api.w.org\/{rel}","templated":true}]}}