{"id":113880,"date":"2026-04-29T15:56:28","date_gmt":"2026-04-29T18:56:28","guid":{"rendered":"https:\/\/www.parlante.cl\/?p=113880"},"modified":"2026-04-29T15:56:28","modified_gmt":"2026-04-29T18:56:28","slug":"a-perfect-circle-y-puscifer-juntos-en-chile-29-de-noviembre-en-estadio-santa-laura-usek","status":"publish","type":"post","link":"https:\/\/www.parlante.cl\/?p=113880","title":{"rendered":"A Perfect Circle y Puscifer juntos en Chile: 29 de Noviembre en Estadio Santa Laura USEK"},"content":{"rendered":"<p align=\"justify\"><strong>A PERFECT CIRCLE REGRESA A CHILE PARA SU PRIMER CONCIERTO EN 13 A\u00d1OS, EL PR\u00d3XIMO 29 DE NOVIEMBRE EN EL ESTADIO SANTA LAURA USEK JUNTO A PUSCIFER.<\/strong><\/p>\n<p align=\"justify\">A Perfect Circle ha anunciado una presentaci\u00f3n el 29 de noviembre en el Estadio Santa Laura USEK de Santiago, marcando su primer concierto en Chile en trece a\u00f1os.<\/p>\n<p align=\"center\"><img decoding=\"async\" src=\"https:\/\/64.media.tumblr.com\/a62dc04cfd1c7def842820013fd6ddf9\/f1b8fed337b8435d-b3\/s1280x1920\/2e1074d55b38e5adc8010298cd2eec71f6a7ed4f.jpg\" alt=\"null\" \/><\/p>\n<p align=\"justify\">\u201cA nuestros amigos chilenos\u201d, dice Billy Howerdel. \u201cLos extra\u00f1amos. Ha pasado demasiado tiempo\u2026\u201d<\/p>\n<p align=\"justify\">Las entradas salen a la venta el mi\u00e9rcoles 6 de mayo a las 13:00. La venta se realizar\u00e1 \u00fanicamente a trav\u00e9s de Punto Ticket.<\/p>\n","protected":false},"excerpt":{"rendered":"<p>A PERFECT CIRCLE REGRESA A CHILE PARA SU PRIMER CONCIERTO EN 13 A\u00d1OS, EL PR\u00d3XIMO 29 DE NOVIEMBRE EN EL ESTADIO SANTA LAURA USEK JUNTO A PUSCIFER. A Perfect Circle ha anunciado una presentaci\u00f3n el 29 de noviembre en el Estadio Santa Laura USEK de Santiago, marcando su primer concierto en Chile en trece a\u00f1os. \u201cA nuestros amigos chilenos\u201d, dice Billy Howerdel. \u201cLos extra\u00f1amos. Ha pasado demasiado tiempo\u2026\u201d Las entradas salen a la venta el mi\u00e9rcoles 6 de mayo a [&hellip;]<\/p>\n","protected":false},"author":1,"featured_media":113881,"comment_status":"open","ping_status":"open","sticky":false,"template":"","format":"standard","meta":{"footnotes":""},"categories":[3,12],"tags":[],"class_list":["post-113880","post","type-post","status-publish","format-standard","has-post-thumbnail","hentry","category-musica","category-pronto-en-vivo"],"_links":{"self":[{"href":"https:\/\/www.parlante.cl\/index.php?rest_route=\/wp\/v2\/posts\/113880","targetHints":{"allow":["GET"]}}],"collection":[{"href":"https:\/\/www.parlante.cl\/index.php?rest_route=\/wp\/v2\/posts"}],"about":[{"href":"https:\/\/www.parlante.cl\/index.php?rest_route=\/wp\/v2\/types\/post"}],"author":[{"embeddable":true,"href":"https:\/\/www.parlante.cl\/index.php?rest_route=\/wp\/v2\/users\/1"}],"replies":[{"embeddable":true,"href":"https:\/\/www.parlante.cl\/index.php?rest_route=%2Fwp%2Fv2%2Fcomments&post=113880"}],"version-history":[{"count":1,"href":"https:\/\/www.parlante.cl\/index.php?rest_route=\/wp\/v2\/posts\/113880\/revisions"}],"predecessor-version":[{"id":113882,"href":"https:\/\/www.parlante.cl\/index.php?rest_route=\/wp\/v2\/posts\/113880\/revisions\/113882"}],"wp:featuredmedia":[{"embeddable":true,"href":"https:\/\/www.parlante.cl\/index.php?rest_route=\/wp\/v2\/media\/113881"}],"wp:attachment":[{"href":"https:\/\/www.parlante.cl\/index.php?rest_route=%2Fwp%2Fv2%2Fmedia&parent=113880"}],"wp:term":[{"taxonomy":"category","embeddable":true,"href":"https:\/\/www.parlante.cl\/index.php?rest_route=%2Fwp%2Fv2%2Fcategories&post=113880"},{"taxonomy":"post_tag","embeddable":true,"href":"https:\/\/www.parlante.cl\/index.php?rest_route=%2Fwp%2Fv2%2Ftags&post=113880"}],"curies":[{"name":"wp","href":"https:\/\/api.w.org\/{rel}","templated":true}]}}