{"id":113883,"date":"2026-04-30T11:24:33","date_gmt":"2026-04-30T14:24:33","guid":{"rendered":"https:\/\/www.parlante.cl\/?p=113883"},"modified":"2026-04-30T11:24:33","modified_gmt":"2026-04-30T14:24:33","slug":"alex-anwandter-celebrara-20-anos-de-trayectoria-con-concierto-en-movistar-arena","status":"publish","type":"post","link":"https:\/\/www.parlante.cl\/?p=113883","title":{"rendered":"Alex Anwandter celebrar\u00e1 20 a\u00f1os de trayectoria con concierto en Movistar Arena"},"content":{"rendered":"<p align=\"justify\"><strong>El referente del pop latinoamericano repasar\u00e1 dos d\u00e9cadas de historia musical, incluyendo sus proyectos Teleradio Donoso, Odisea y su exitosa carrera solista.<\/strong><\/p>\n<p align=\"justify\">Alex Anwandter, uno de los m\u00fasicos m\u00e1s influyentes del pop latinoamericano contempor\u00e1neo, celebrar\u00e1 sus 20 a\u00f1os de trayectoria con un concierto en Movistar Arena el pr\u00f3ximo 29 de agosto. La cita, calificada por el propio artista como el hito m\u00e1s relevante de su carrera, se presenta como una antolog\u00eda en vivo que recorrer\u00e1 su evoluci\u00f3n creativa desde sus primeros pasos hasta su consolidaci\u00f3n internacional.<\/p>\n<p align=\"center\"><img decoding=\"async\" src=\"https:\/\/64.media.tumblr.com\/b15f75d8ee8df19206bd966bab735c32\/cc5b62cf759835ac-52\/s1280x1920\/115370e96e42feccbe38f177ad7c13ec44452b55.jpg\" alt=\"null\" \/><\/p>\n<p align=\"justify\">El espect\u00e1culo propone un ejercicio de memoria musical de larga duraci\u00f3n. El repertorio integrar\u00e1 las distintas etapas que han definido la identidad de Anwandter: el pop de Teleradio Donoso, la experimentaci\u00f3n electr\u00f3nica de Odisea y la madurez compositiva plasmada en sus cinco \u00e1lbumes en solitario. Adem\u00e1s, la puesta en escena incluir\u00e1 la participaci\u00f3n de colaboradores cercanos e invitados especiales. <\/p>\n<p align=\"justify\">La relevancia de Anwandter en la industria no se limita a su rol como int\u00e9rprete. Su faceta como productor ha sido clave en trabajos recientes de figuras como Julieta Venegas y Juliana Gattas, posicion\u00e1ndolo como un creador integral con una visi\u00f3n est\u00e9tica transversal. Este reconocimiento se extiende tambi\u00e9n al s\u00e9ptimo arte, donde su debut como director en el largometraje \u201cNunca vas a estar solo\u201d le vali\u00f3 el Premio Especial del Jurado (Teddy Award) en el Festival de Cine de Berl\u00edn.<\/p>\n<p align=\"justify\">Tras haber recorrido escenarios de alta exposici\u00f3n como el Festival de Olmu\u00e9, Lollapalooza y el Teatro Caupolic\u00e1n, el arribo al Movistar Arena simboliza la consagraci\u00f3n definitiva de un proyecto que ha sabido crear una identidad dentro del cancionero local.<\/p>\n<p align=\"justify\">Las entradas estar\u00e1n a la venta en Puntoticket desde el 5 de mayo a las 10 am. <\/p>\n","protected":false},"excerpt":{"rendered":"<p>El referente del pop latinoamericano repasar\u00e1 dos d\u00e9cadas de historia musical, incluyendo sus proyectos Teleradio Donoso, Odisea y su exitosa carrera solista. Alex Anwandter, uno de los m\u00fasicos m\u00e1s influyentes del pop latinoamericano contempor\u00e1neo, celebrar\u00e1 sus 20 a\u00f1os de trayectoria con un concierto en Movistar Arena el pr\u00f3ximo 29 de agosto. La cita, calificada por el propio artista como el hito m\u00e1s relevante de su carrera, se presenta como una antolog\u00eda en vivo que recorrer\u00e1 su evoluci\u00f3n creativa desde sus [&hellip;]<\/p>\n","protected":false},"author":1,"featured_media":113884,"comment_status":"open","ping_status":"open","sticky":false,"template":"","format":"standard","meta":{"footnotes":""},"categories":[3,12],"tags":[],"class_list":["post-113883","post","type-post","status-publish","format-standard","has-post-thumbnail","hentry","category-musica","category-pronto-en-vivo"],"_links":{"self":[{"href":"https:\/\/www.parlante.cl\/index.php?rest_route=\/wp\/v2\/posts\/113883","targetHints":{"allow":["GET"]}}],"collection":[{"href":"https:\/\/www.parlante.cl\/index.php?rest_route=\/wp\/v2\/posts"}],"about":[{"href":"https:\/\/www.parlante.cl\/index.php?rest_route=\/wp\/v2\/types\/post"}],"author":[{"embeddable":true,"href":"https:\/\/www.parlante.cl\/index.php?rest_route=\/wp\/v2\/users\/1"}],"replies":[{"embeddable":true,"href":"https:\/\/www.parlante.cl\/index.php?rest_route=%2Fwp%2Fv2%2Fcomments&post=113883"}],"version-history":[{"count":1,"href":"https:\/\/www.parlante.cl\/index.php?rest_route=\/wp\/v2\/posts\/113883\/revisions"}],"predecessor-version":[{"id":113885,"href":"https:\/\/www.parlante.cl\/index.php?rest_route=\/wp\/v2\/posts\/113883\/revisions\/113885"}],"wp:featuredmedia":[{"embeddable":true,"href":"https:\/\/www.parlante.cl\/index.php?rest_route=\/wp\/v2\/media\/113884"}],"wp:attachment":[{"href":"https:\/\/www.parlante.cl\/index.php?rest_route=%2Fwp%2Fv2%2Fmedia&parent=113883"}],"wp:term":[{"taxonomy":"category","embeddable":true,"href":"https:\/\/www.parlante.cl\/index.php?rest_route=%2Fwp%2Fv2%2Fcategories&post=113883"},{"taxonomy":"post_tag","embeddable":true,"href":"https:\/\/www.parlante.cl\/index.php?rest_route=%2Fwp%2Fv2%2Ftags&post=113883"}],"curies":[{"name":"wp","href":"https:\/\/api.w.org\/{rel}","templated":true}]}}