{"id":114643,"date":"2026-09-01T20:08:23","date_gmt":"2026-09-01T23:08:23","guid":{"rendered":"https:\/\/www.parlante.cl\/?p=114643"},"modified":"2026-09-01T20:08:23","modified_gmt":"2026-09-01T23:08:23","slug":"ignacio-ruiz-regresa-a-los-corridos-chilenos-con-su-nuevo-single-la-santa","status":"publish","type":"post","link":"https:\/\/www.parlante.cl\/?p=114643","title":{"rendered":"Ignacio Ruiz regresa a los corridos chilenos con su nuevo single &#8220;La Santa&#8221;"},"content":{"rendered":"<p align=\"justify\"><strong>Tras el lanzamiento del EP de m\u00fasica ranchera \u201c1.125\u201d, el artista de Chilo\u00e9 retoma el corrido con una canci\u00f3n que habla de decepci\u00f3n, mentiras y de aprender a dejar atr\u00e1s a quien no supo valorar el amor recibido.<\/strong><\/p>\n<p align=\"justify\">Ignacio Ruiz presenta \u201cLa Santa\u201d, su nuevo single y una canci\u00f3n que marca su regreso al universo de los corridos despu\u00e9s del lanzamiento de su EP 1.125, publicado en mayo de este a\u00f1o.<\/p>\n<p align=\"justify\">En esta oportunidad, Ignacio se inspira en una historia de desamor marcada por la decepci\u00f3n y las apariencias. \u201cLa Santa\u201d cuenta la historia de alguien que entreg\u00f3 todo por una relaci\u00f3n, intent\u00f3 hacer las cosas bien y termin\u00f3 descubriendo que la persona que amaba no era quien dec\u00eda ser.<\/p>\n<p align=\"justify\">La canci\u00f3n nace desde una frase que resume perfectamente su historia: \u201cPor ti met\u00eda la mano al fuego y me quem\u00e9 tanto que luego en cenizas qued\u00f3 mi coraz\u00f3n\u201d.<\/p>\n<p align=\"justify\"><strong>UN REGRESO AL CORRIDO CON UNA NUEVA SONORIDA<\/strong><\/p>\n<p align=\"justify\">\u201cEstoy muy feliz por volver a sacar un corrido despu\u00e9s de mi \u00e1lbum Corridos Chilenos, Volumen 2, que sali\u00f3 el a\u00f1o pasado. Desde ah\u00ed, he estado en lanzamientos de diferentes estilos, como cumbia norte\u00f1a y cumbia ranchera, y estoy muy contento con el resultado de esta canci\u00f3n, puesto que sonoramente se ha visto una evoluci\u00f3n y este es el primero de muchas sorpresas m\u00e1s que se vienen\u201d, comenta Ignacio Ruiz.<\/p>\n<p align=\"justify\">El nuevo lanzamiento representa tambi\u00e9n una evoluci\u00f3n dentro de su propuesta art\u00edstica. Despu\u00e9s de explorar distintos sonidos durante el \u00faltimo a\u00f1o, \u201cLa Santa\u201d retoma una de las ra\u00edces que han marcado su carrera, pero desde una perspectiva sonora renovada.<\/p>\n<p align=\"justify\">La canci\u00f3n combina la identidad del corrido chileno con una producci\u00f3n contempor\u00e1nea y una interpretaci\u00f3n que transita entre la vulnerabilidad de quien fue herido y la seguridad de quien finalmente decidi\u00f3 dejar atr\u00e1s una relaci\u00f3n basada en mentiras.<\/p>\n<p align=\"justify\">Con este nuevo single, Ignacio Ruiz abre una nueva etapa musical y adelanta que \u201cLa Santa\u201d ser\u00e1 solo el comienzo de varias sorpresas que prepara para los pr\u00f3ximos meses.<\/p>\n<p><iframe title=\"Spotify Embed: La Santa\" style=\"border-radius: 12px\" width=\"100%\" height=\"352\" frameborder=\"0\" allowfullscreen allow=\"autoplay; clipboard-write; encrypted-media; fullscreen; picture-in-picture\" loading=\"lazy\" src=\"https:\/\/open.spotify.com\/embed\/album\/3hOrl9JpUY1FvLlj3fco89?utm_source=oembed\"><\/iframe><\/p>\n","protected":false},"excerpt":{"rendered":"<p>Tras el lanzamiento del EP de m\u00fasica ranchera \u201c1.125\u201d, el artista de Chilo\u00e9 retoma el corrido con una canci\u00f3n que habla de decepci\u00f3n, mentiras y de aprender a dejar atr\u00e1s a quien no supo valorar el amor recibido. Ignacio Ruiz presenta \u201cLa Santa\u201d, su nuevo single y una canci\u00f3n que marca su regreso al universo de los corridos despu\u00e9s del lanzamiento de su EP 1.125, publicado en mayo de este a\u00f1o. En esta oportunidad, Ignacio se inspira en una historia [&hellip;]<\/p>\n","protected":false},"author":1,"featured_media":114644,"comment_status":"open","ping_status":"open","sticky":false,"template":"","format":"standard","meta":{"footnotes":""},"categories":[3,11],"tags":[],"class_list":["post-114643","post","type-post","status-publish","format-standard","has-post-thumbnail","hentry","category-musica","category-noticias"],"_links":{"self":[{"href":"https:\/\/www.parlante.cl\/index.php?rest_route=\/wp\/v2\/posts\/114643","targetHints":{"allow":["GET"]}}],"collection":[{"href":"https:\/\/www.parlante.cl\/index.php?rest_route=\/wp\/v2\/posts"}],"about":[{"href":"https:\/\/www.parlante.cl\/index.php?rest_route=\/wp\/v2\/types\/post"}],"author":[{"embeddable":true,"href":"https:\/\/www.parlante.cl\/index.php?rest_route=\/wp\/v2\/users\/1"}],"replies":[{"embeddable":true,"href":"https:\/\/www.parlante.cl\/index.php?rest_route=%2Fwp%2Fv2%2Fcomments&post=114643"}],"version-history":[{"count":1,"href":"https:\/\/www.parlante.cl\/index.php?rest_route=\/wp\/v2\/posts\/114643\/revisions"}],"predecessor-version":[{"id":114645,"href":"https:\/\/www.parlante.cl\/index.php?rest_route=\/wp\/v2\/posts\/114643\/revisions\/114645"}],"wp:featuredmedia":[{"embeddable":true,"href":"https:\/\/www.parlante.cl\/index.php?rest_route=\/wp\/v2\/media\/114644"}],"wp:attachment":[{"href":"https:\/\/www.parlante.cl\/index.php?rest_route=%2Fwp%2Fv2%2Fmedia&parent=114643"}],"wp:term":[{"taxonomy":"category","embeddable":true,"href":"https:\/\/www.parlante.cl\/index.php?rest_route=%2Fwp%2Fv2%2Fcategories&post=114643"},{"taxonomy":"post_tag","embeddable":true,"href":"https:\/\/www.parlante.cl\/index.php?rest_route=%2Fwp%2Fv2%2Ftags&post=114643"}],"curies":[{"name":"wp","href":"https:\/\/api.w.org\/{rel}","templated":true}]}}