{"id":114646,"date":"2026-09-01T20:14:45","date_gmt":"2026-09-01T23:14:45","guid":{"rendered":"https:\/\/www.parlante.cl\/?p=114646"},"modified":"2026-09-01T20:14:45","modified_gmt":"2026-09-01T23:14:45","slug":"33-organizaciones-sociales-anuncian-el-festival-ciudadano-une-encabezado-por-cristobal-briceno-y-el-coro-ciudadano-ochagavia-dirigido-por-nicole","status":"publish","type":"post","link":"https:\/\/www.parlante.cl\/?p=114646","title":{"rendered":"33 organizaciones sociales anuncian el Festival ciudadano UNE, encabezado por Crist\u00f3bal Brice\u00f1o y el Coro Ciudadano Ochagav\u00eda, dirigido por Nicole"},"content":{"rendered":"<p align=\"justify\"><strong>La jornada gratuita y abierta a personas de todas las edades se realizar\u00e1 el s\u00e1bado 3 de octubre en la Plaza Central del GAM, con talleres, exposiciones, m\u00fasica en vivo y un collage colectivo gigante, adem\u00e1s de nuevas actividades que ser\u00e1n anunciadas pr\u00f3ximamente.<\/strong><\/p>\n<p align=\"justify\">33 organizaciones de la sociedad civil se unir\u00e1n para realizar el Festival ciudadano UNE, una jornada gratuita y abierta a toda la ciudadan\u00eda que se desarrollar\u00e1 el pr\u00f3ximo s\u00e1bado 3 de octubre, en la Plaza Central del Centro Gabriela Mistral (GAM). La actividad busca acercar a la ciudadan\u00eda a las ONG, mostrando que detr\u00e1s de muchas mejoras concretas en la vida cotidiana hay organizaciones dedicadas a hacerlas posibles y que, unidas, forman parte del tejido que sostiene una sociedad m\u00e1s justa, participativa y con derechos.<\/p>\n<p align=\"justify\">El festival es parte de \u201cLa Fuerza que Nos Une\u201d, una iniciativa colectiva impulsada por 33 organizaciones de la sociedad civil para visibilizar su aporte al bienestar de las personas. Entre ellas se encuentran ONG FIMA, Terram, Observatorio Ciudadano, Amnist\u00eda Internacional, Greenpeace, Ciudadan\u00eda Inteligente, Fundaci\u00f3n Clubes y Humanas, por nombrar solo algunas.<\/p>\n<p align=\"justify\">La propuesta es llevar el trabajo de las organizaciones, desde un lenguaje t\u00e9cnico y a veces poco visible, a un espacio cercano, cotidiano y participativo. Por eso, UNE adem\u00e1s de ser un lugar para conocer organizaciones y sus causas, ser\u00e1 tambi\u00e9n un espacio de encuentro para participar, crear, escuchar m\u00fasica, conocer nuevas experiencias y compartir con otras personas.<\/p>\n<p align=\"center\"><img decoding=\"async\" src=\"https:\/\/64.media.tumblr.com\/12d55865989d6afe403caf4b2c9a07db\/29f7956aeb9cfca2-1a\/s2048x3072\/b5433bce17a76518a1d1d9e0ecd781b4a544058e.jpg\" alt=\"null\" \/><\/p>\n<p align=\"justify\">\u201cUNE es una oportunidad para encontrarnos con personas que quiz\u00e1s ya son parte de estas causas sin saberlo. El trabajo de las organizaciones ocurre todos los d\u00edas junto a las comunidades, pero no siempre se conoce cu\u00e1nto aporta a la vida cotidiana de las personas. Queremos mostrar ese trabajo, conversar y reconocernos: porque la ciudadan\u00eda no es nuestro p\u00fablico, es lo que somos\u201d, se\u00f1ala Constanza Dougnac, Coordinadora de Comunicaciones y Redes de ONG FIMA. \u201cPero queremos hacerlo de una manera entretenida y abierta, para que familias completas puedan participar del espacio con actividades que reflejan el esp\u00edritu de las organizaciones\u201d, agrega quien tambi\u00e9n es parte del directorio de la ONG ambiental.<\/p>\n<p align=\"justify\"><strong>Programa participativo para todas las personas<\/strong><\/p>\n<p align=\"justify\">La programaci\u00f3n de UNE est\u00e1 pensada para que personas de distintas edades puedan participar y disfrutar. En la zona de stands, las organizaciones participantes compartir\u00e1n sus causas, historias y experiencias, generando espacios de conversaci\u00f3n directa con quienes visiten el encuentro.<\/p>\n<p align=\"justify\">A esto se sumar\u00e1 una programaci\u00f3n cultural interactiva que incluye un Taller de T\u00edteres con Materiales Reciclados, especialmente pensado para ni\u00f1as y ni\u00f1os, a cargo de Fundaci\u00f3n T\u00edteres en Red, y un Taller de Collage Comunitario, dirigido por el artista visual y arteterapeuta \u00c1lvaro Agreda, ganador del Premio Arte Joven MAVI-UC, que tendr\u00e1 como objetivo realizar una obra gigante junto a quienes participen y asistan. Tambi\u00e9n habr\u00e1 una exposici\u00f3n de 40 fotograf\u00edas submarinas de Fundaci\u00f3n Capital Azul, que permitir\u00e1 conocer la biodiversidad de los Refugios Marinos de la costa de Valpara\u00edso y el rol de la pesca artesanal en su conservaci\u00f3n.<\/p>\n<p align=\"justify\">Bicicultura tambi\u00e9n ser\u00e1 parte del Festival ciudadano UNE, con una invitaci\u00f3n a llegar pedaleando. \u201cInvitamos a venir en bicicleta y a promover una forma de movilidad m\u00e1s amable con la ciudad y el medioambiente. Les esperamos con biciestacionamientos gratuitos (traigan sus candados) y nuestra unidad m\u00f3vil \u2018Bicicultura Informa\u2019, donde ofreceremos asesor\u00eda, orientaci\u00f3n y microtalleres abiertos a la comunidad\u201d, se\u00f1ala Amarilis Horta, directora de la organizaci\u00f3n.<\/p>\n<p align=\"justify\">La m\u00fasica ser\u00e1 otro de los puntos fuertes de la jornada. Se presentar\u00e1 el Coro Ciudadano Ochagav\u00eda, iniciativa cultural y comunitaria de Pedro Aguirre Cerda dirigida por la cantante Nicole, junto a Daniela Guzm\u00e1n. Al coro se podr\u00e1n inscribir quienes quieran sumarse y ser parte de los ensayos durante septiembre, para participar de la presentaci\u00f3n colectiva del 3 de octubre. La jornada contar\u00e1 tambi\u00e9n con Crist\u00f3bal Brice\u00f1o, vocalista y compositor de Ases Falsos, quien llegar\u00e1 a UNE en la antesala del esperado regreso de Fother Muckers a los escenarios, tras m\u00e1s de una d\u00e9cada y media de interrupci\u00f3n. La banda vuelve con nuevo disco, As\u00ed Se Hace, y un show anunciado para octubre.Estas son solo algunas de las actividades confirmadas. Nuevos n\u00fameros y experiencias ser\u00e1n anunciados pr\u00f3ximamente.<\/p>\n<p align=\"justify\"><strong>Una fuerza que nos une<\/strong><\/p>\n<p align=\"justify\">En todos estos \u00e1mbitos existen organizaciones y personas que trabajan diariamente para generar cambios concretos. Muchas veces ese trabajo ocurre de manera silenciosa y no siempre es visible. Las organizaciones de la sociedad civil llegan a espacios donde el Estado o el mercado no siempre alcanzan, trabajan directamente con personas y comunidades, detectan necesidades y desarrollan respuestas desde la experiencia de los propios territorios.<\/p>\n<p align=\"justify\">\u201cHay mucho m\u00e1s de las organizaciones de la sociedad civil presentes en nuestra vida cotidiana de lo que alcanzamos a percibir. Muchas iniciativas, espacios y cambios que hoy damos por sentados son tambi\u00e9n resultado de personas que se organizaron, levantaron una causa y decidieron actuar. UNE busca justamente acercar esa realidad y que podamos reconocerla\u201d, se\u00f1ala Flavia Liberona, directora de Terram.<\/p>\n<p align=\"justify\"><strong>Encuentro abierto y gratuito<\/strong><\/p>\n<p align=\"justify\">El Festival ciudadano UNE se realizar\u00e1 el s\u00e1bado 3 de octubre, de 11:00 a 20:00 horas, en la Plaza Central del GAM, con entrada gratuita y abierto a personas de todas las edades.<\/p>\n<p align=\"justify\"><strong>S\u00e1bado 3 de octubre de 2026 | 11:00 a 20:00 horas<br \/>\nPlaza Central | Centro Gabriela Mistral (GAM)<br \/>\nEntrada gratuita<br \/>\nPronto m\u00e1s informaci\u00f3n y programaci\u00f3n en <a href=\"http:\/\/www.eslafuerzaquenosune.cl\">www.eslafuerzaquenosune.cl<\/a><\/p>\n<p align=\"justify\">Organizaciones que son parte de \u201cLa Fuerza que Nos Une\u201dONG FIMA \u00b7 Observatorio Ciudadano \u00b7 Terram \u00b7 Greenpeace \u00b7 Humanas \u00b7 Amnist\u00eda Internacional \u00b7 Ecosistemas \u00b7 Fundaci\u00f3n Tant\u00ed \u00b7 Uno.Cinco \u00b7 Ciudadan\u00eda Inteligente \u00b7 Fundaci\u00f3n Avina \u00b7 Derechos Digitales \u00b7 Fundaci\u00f3n Clubes \u00b7 Bicicultura \u00b7 Asociaci\u00f3n de Consumidores Bicicultura ADC\u00b7  Fundaci\u00f3n Basura \u00b7 Fundaci\u00f3n Gastronom\u00eda Social \u00b7 Fundaci\u00f3n Me Muevo \u00b7 Fundaci\u00f3n T\u00edteres en Red \u00b7 Ocean\u00f3sfera \u00b7 Fundaci\u00f3n Capital Azul \u00b7 Corporaci\u00f3n de Estudios y Desarrollo El Norte Grande \u00b7 Fundaci\u00f3n Glaciares Chilenos \u00b7 Fundaci\u00f3n Un Alto en el Desierto \u00b7 Aka Pacha \u00b7 Red de Observadores de Aves y Vida Silvestre en Chile \u00b7 Fundaci\u00f3n Kennedy para la Conservaci\u00f3n de Humedales \u00b7 AIDA \u00b7 Todo Mejora \u00b7 Motum \u00b7 Tremendas.<\/strong><\/p>\n","protected":false},"excerpt":{"rendered":"<p>La jornada gratuita y abierta a personas de todas las edades se realizar\u00e1 el s\u00e1bado 3 de octubre en la Plaza Central del GAM, con talleres, exposiciones, m\u00fasica en vivo y un collage colectivo gigante, adem\u00e1s de nuevas actividades que ser\u00e1n anunciadas pr\u00f3ximamente. 33 organizaciones de la sociedad civil se unir\u00e1n para realizar el Festival ciudadano UNE, una jornada gratuita y abierta a toda la ciudadan\u00eda que se desarrollar\u00e1 el pr\u00f3ximo s\u00e1bado 3 de octubre, en la Plaza Central del [&hellip;]<\/p>\n","protected":false},"author":1,"featured_media":114647,"comment_status":"open","ping_status":"open","sticky":false,"template":"","format":"standard","meta":{"footnotes":""},"categories":[3,11],"tags":[],"class_list":["post-114646","post","type-post","status-publish","format-standard","has-post-thumbnail","hentry","category-musica","category-noticias"],"_links":{"self":[{"href":"https:\/\/www.parlante.cl\/index.php?rest_route=\/wp\/v2\/posts\/114646","targetHints":{"allow":["GET"]}}],"collection":[{"href":"https:\/\/www.parlante.cl\/index.php?rest_route=\/wp\/v2\/posts"}],"about":[{"href":"https:\/\/www.parlante.cl\/index.php?rest_route=\/wp\/v2\/types\/post"}],"author":[{"embeddable":true,"href":"https:\/\/www.parlante.cl\/index.php?rest_route=\/wp\/v2\/users\/1"}],"replies":[{"embeddable":true,"href":"https:\/\/www.parlante.cl\/index.php?rest_route=%2Fwp%2Fv2%2Fcomments&post=114646"}],"version-history":[{"count":1,"href":"https:\/\/www.parlante.cl\/index.php?rest_route=\/wp\/v2\/posts\/114646\/revisions"}],"predecessor-version":[{"id":114648,"href":"https:\/\/www.parlante.cl\/index.php?rest_route=\/wp\/v2\/posts\/114646\/revisions\/114648"}],"wp:featuredmedia":[{"embeddable":true,"href":"https:\/\/www.parlante.cl\/index.php?rest_route=\/wp\/v2\/media\/114647"}],"wp:attachment":[{"href":"https:\/\/www.parlante.cl\/index.php?rest_route=%2Fwp%2Fv2%2Fmedia&parent=114646"}],"wp:term":[{"taxonomy":"category","embeddable":true,"href":"https:\/\/www.parlante.cl\/index.php?rest_route=%2Fwp%2Fv2%2Fcategories&post=114646"},{"taxonomy":"post_tag","embeddable":true,"href":"https:\/\/www.parlante.cl\/index.php?rest_route=%2Fwp%2Fv2%2Ftags&post=114646"}],"curies":[{"name":"wp","href":"https:\/\/api.w.org\/{rel}","templated":true}]}}