{"id":114653,"date":"2026-09-02T20:32:44","date_gmt":"2026-09-02T23:32:44","guid":{"rendered":"https:\/\/www.parlante.cl\/?p=114653"},"modified":"2026-09-02T20:33:00","modified_gmt":"2026-09-02T23:33:00","slug":"hablamos-con-sascha-gerstner-de-helloween-el-80-de-la-musica-que-escucho-no-es-metal","status":"publish","type":"post","link":"https:\/\/www.parlante.cl\/?p=114653","title":{"rendered":"Hablamos con Sascha Gerstner de Helloween: &#8220;El 80% de la m\u00fasica que escucho no es metal&#8221;"},"content":{"rendered":"<p align=\"justify\">En la previa de una nueva gira mundial que los traer\u00e1 de regreso a Chile el 11 de septiembre en el Movistar Arena, conversamos con <strong>Sascha Gerstner<\/strong>, guitarrista y compositor de <strong>Helloween<\/strong>. Con casi la mitad de la discograf\u00eda de la banda a sus espaldas, Gerstner reflexiona sobre su trayectoria, el peso del legado del grupo, sus diversas influencias musicales (que van desde el synth pop hasta el metal cl\u00e1sico) y la importancia de la fotograf\u00eda como otra de sus v\u00edas de expresi\u00f3n art\u00edstica. Tambi\u00e9n nos habla de la convivencia dentro de la banda, la conexi\u00f3n especial que mantiene con Michael Weikath y la energ\u00eda \u00fanica de los fans latinoamericanos. Los invitamos a leer lo que nos coment\u00f3 en esta nueva entrevista exclusiva.<\/p>\n<p align=\"justify\"><strong>Parlante: Casi el 50% de la discograf\u00eda de estudio de Helloween cuenta con tu forma de tocar la guitarra y tus composiciones. Con esa perspectiva del tiempo, \u00bfc\u00f3mo te sientes al ser un pilar tan importante en la historia del heavy metal?<\/strong><\/p>\n<p align=\"justify\">Sascha: Oh, amigo, sigue siendo un sue\u00f1o. Es un viaje loco y&#8230; s\u00ed. Mientras m\u00e1s tiempo pasa, menos lo doy por sentado. As\u00ed que es muy especial.<\/p>\n<p align=\"justify\"><strong>Parlante: \u00bfC\u00f3mo es componer m\u00fasica uniendo tu creatividad y las influencias que tienes con las que han estado en la banda por 40 a\u00f1os?<\/strong><\/p>\n<p align=\"justify\">Sascha: Primero que todo, para m\u00ed fue inspirador unirme a la banda y encontrar tanto talento, \u00bfsabes? Era muy joven cuando me un\u00ed y fue incre\u00edble para m\u00ed ver el talento que hab\u00eda, especialmente con Michael Weikath y Andi Deris siendo compositores excepcionales. Eso empuj\u00f3 mis propios l\u00edmites a\u00fan m\u00e1s all\u00e1 y, por supuesto, quer\u00eda aportar algo al cat\u00e1logo de la banda. As\u00ed que fue una \u00e9poca muy inspiradora y parece que est\u00e1 funcionando bien.<\/p>\n<p align=\"justify\"><strong>Parlante: \u00bfC\u00f3mo coordinan t\u00fa, Kai Hansen y Michael Weikath los arreglos a tres guitarras durante los ensayos y en vivo? \u00bfY c\u00f3mo deciden la contribuci\u00f3n de cada uno de ustedes?<\/strong><\/p>\n<p align=\"justify\">Sascha: En realidad es muy f\u00e1cil porque respeto el material antiguo. Para m\u00ed es obvio que Kai y Weiki deben tocar muchos de los solos antiguos. As\u00ed que yo simplemente asumo mis partes de guitarra r\u00edtmica ah\u00ed, eso es para los shows en vivo, es muy f\u00e1cil. Y en los discos de estudio es solo una cuesti\u00f3n del sentimiento que cada compositor quiere tener en sus solos. Como en algunas partes de solos tienes instant\u00e1neamente una idea de qui\u00e9n va a tocar qu\u00e9. Incluso si compongo, escribo partes para cada guitarrista, as\u00ed que hay partes en las que s\u00e9 que Kai sonar\u00eda incre\u00edble ah\u00ed, y otra parte que ser\u00eda genial para Michael Weikath. As\u00ed que es un gran trabajo en equipo.<\/p>\n<p><iframe title=\"HELLOWEEN - A Little Is A Little Too Much (Official Music Video)\" width=\"750\" height=\"422\" src=\"https:\/\/www.youtube.com\/embed\/8wcT6IkMOdw?feature=oembed\" frameborder=\"0\" allow=\"accelerometer; autoplay; clipboard-write; encrypted-media; gyroscope; picture-in-picture; web-share\" referrerpolicy=\"strict-origin-when-cross-origin\" allowfullscreen><\/iframe><\/p>\n<p>&nbsp;<\/p>\n<p align=\"justify\"><strong>Parlante: \u00bfQu\u00e9 pasa con tus influencias fuera del metal? \u00bfQu\u00e9 tipo de m\u00fasica escuchas cuando no escuchas heavy metal? \u00bfO qu\u00e9 tan seguido escuchas heavy metal siendo un metalero 24 horas al d\u00eda?<\/strong><\/p>\n<p align=\"justify\">Sascha: S\u00ed&#8230; esa es la cosa, no siento que sea una persona de heavy metal, \u00bfsabes? Todos empezamos escuchando m\u00fasica y para m\u00ed empez\u00f3 cuando ten\u00eda 3 o 4 a\u00f1os, en el asiento trasero del auto de mi madre cuando me llevaba al jard\u00edn infantil. As\u00ed que mi m\u00fasica empez\u00f3 con la m\u00fasica de principios de los 80. Mucho yacht rock, bandas como Chicago, Toto, pero tambi\u00e9n Peter Gabriel, Phil Collins. Esas fueron mis principales primeras influencias. Era la m\u00fasica que escuchaba desde mis primeros d\u00edas, y luego un poco de synth pop y new wave y todo eso, hasta que empec\u00e9 a tocar la guitarra cuando ten\u00eda 13 a\u00f1os. Mi viaje musical ya llevaba 10 a\u00f1os, escuchando y tambi\u00e9n grabando m\u00fasica de la radio en su momento. Luego empec\u00e9 a tocar teclados y a cantar, as\u00ed que esa fue la primera parte de mi influencia musical.<\/p>\n<p align=\"justify\">Cuando empec\u00e9 a tocar la guitarra estaban todos estos guitarristas s\u00faper virtuosos de la \u00e9poca, como Steve Vai o Michael Schenker, as\u00ed que en mi juventud me met\u00ed de lleno en el hard rock y en la escena del metal. Pero cuando te haces mayor, siempre viajas un poco atr\u00e1s en el tiempo, de vuelta a tus ra\u00edces; por eso termin\u00e9 escuchando de nuevo cosas de <i data-path-to-node=\"1,0\" data-index-in-node=\"354\">new wave<\/i> y m\u00fasica electr\u00f3nica. Hoy en d\u00eda, si es que escucho metal, la mayor parte del tiempo son cosas cl\u00e1sicas, de la vieja escuela. A veces descubro algunas bandas m\u00e1s nuevas, pero dir\u00eda que el 80% de la m\u00fasica que escucho en privado no es metal.<\/p>\n<p align=\"justify\">Pero ser parte de la escena del metal es un factor muy importante para m\u00ed y es genial que pueda contribuir con m\u00fasica a la escena. As\u00ed que no se trata del valor de la m\u00fasica metal, se trata m\u00e1s de lo que te inspira. Y tengo el presentimiento de que si escuchara metal todo el tiempo, podr\u00eda influir en mi composici\u00f3n de una mala manera. As\u00ed que es interesante para m\u00ed escuchar, por ejemplo, m\u00fasica indie escandinava con su dise\u00f1o de sonido que me inspira. A veces puedes traducir cosas a una canci\u00f3n de metal tambi\u00e9n. Pero al mismo tiempo s\u00e9 que estoy en esta banda de heavy metal de la vieja escuela de los 80 y todav\u00eda tengo un gran coraz\u00f3n por tocar la guitarra y todo lo que conlleva. As\u00ed que s\u00ed&#8230; tal vez sea raro escucharlo para muchos de los fans m\u00e1s ac\u00e9rrimos del metal, pero para m\u00ed es como la m\u00fasica en general.<\/p>\n<p><iframe title=\"Helloween - Sascha solo + Best Time with Chris Jericho\" width=\"750\" height=\"422\" src=\"https:\/\/www.youtube.com\/embed\/Ju_CMamnTZY?feature=oembed\" frameborder=\"0\" allow=\"accelerometer; autoplay; clipboard-write; encrypted-media; gyroscope; picture-in-picture; web-share\" referrerpolicy=\"strict-origin-when-cross-origin\" allowfullscreen><\/iframe><\/p>\n<p align=\"justify\"><strong>Parlante: Entiendo que tambi\u00e9n eres una persona muy art\u00edstica. Y hacia all\u00e1 quiero ir ahora. H\u00e1blame de tu carrera activa como fot\u00f3grafo y de qu\u00e9 manera la sensibilidad visual influye en tu composici\u00f3n musical y en la est\u00e9tica personal tan distintiva de tus diferentes proyectos.<\/strong><\/p>\n<p align=\"justify\">Sascha: Creo que cuando se trata de arte en general, es una forma de expresarte, ya seas pintor, m\u00fasico o fot\u00f3grafo. O lo que quieras hacer. Podr\u00eda ser tambi\u00e9n en la moda. Hay tantas formas de expresarte y yo siempre he sido as\u00ed. Cuando era ni\u00f1o, siempre admiraba a esta gente que causaba una gran impresi\u00f3n cuando entraba en una habitaci\u00f3n. Porque se estaban expresando. Como en los 80, con esos pelos grandes, disfraces y cosas as\u00ed. Yo siempre ador\u00e9 eso.<\/p>\n<p align=\"justify\">As\u00ed que, de esa manera, veo el arte como una herramienta para expresar mi estado de \u00e1nimo y mis sentimientos. Y aunque el heavy metal tiene sus l\u00edmites para eso, yo siempre quise explorar algo m\u00e1s y siempre quise extender los l\u00edmites. En el metal, observo que se est\u00e1 abriendo mucho m\u00e1s en los \u00faltimos 10 a\u00f1os. Pero cuando empec\u00e9 con Helloween ese no era el caso. Hab\u00eda muchas limitaciones en la escena. Y ahora me gusta apoyar a la gente que est\u00e1 expandiendo esa expresi\u00f3n.<\/p>\n<p align=\"justify\">Y la fotograf\u00eda es parte de ello. Y tambi\u00e9n, como que te saca de tu burbuja. A veces es genial salir de ella y tomar una perspectiva diferente. Eso es muy importante para m\u00ed, tener diferentes perspectivas sobre mi vida o sobre la vida de los dem\u00e1s o sobre la m\u00fasica, o lo que sea.<\/p>\n<p><iframe title=\"Sascha &amp; Michael online video cutter com\" width=\"750\" height=\"422\" src=\"https:\/\/www.youtube.com\/embed\/ITJ_NOZJnLY?feature=oembed\" frameborder=\"0\" allow=\"accelerometer; autoplay; clipboard-write; encrypted-media; gyroscope; picture-in-picture; web-share\" referrerpolicy=\"strict-origin-when-cross-origin\" allowfullscreen><\/iframe><\/p>\n<p align=\"justify\"><strong>Parlante: Bueno, ustedes est\u00e1n a punto de embarcarse en una gira mundial de nuevo y vienen a Chile. As\u00ed que me gustar\u00eda saber, \u00bfc\u00f3mo es estar de gira con Helloween? \u00bfCon qui\u00e9n te llevas mejor? \u00bfQui\u00e9n es tu socio principal en la qu\u00edmica de la banda fuera del escenario? \u00bfY c\u00f3mo es volver a Chile, que es uno de los pa\u00edses que m\u00e1s escucha su m\u00fasica?<\/strong><\/p>\n<p align=\"justify\">Sascha: Tener la suerte de viajar por el mundo y llevar la m\u00fasica a las grandes audiencias de ahora es algo que, como dije al principio, mientras m\u00e1s tiempo pasa, no lo doy por sentado. Es una vida muy hermosa hacer eso y para m\u00ed los shows son como la guinda del pastel, porque el pastel es muy grande, hay tantas cosas que puedes explorar. Como la fotograf\u00eda que es una gran parte para m\u00ed, puedo llevar mi c\u00e1mara de gira y salir a hacer fotos y ver diferentes pa\u00edses, su gente y su cultura.<\/p>\n<p align=\"justify\">Ir a Latinoam\u00e9rica siempre ha sido una parte importante de nuestras giras. Adem\u00e1s de tener una gran base de fans all\u00e1, para m\u00ed siempre fue muy interesante ver diferentes culturas y explorar toda la vibra de la gente de all\u00e1. Y tenemos, por supuesto, a los fans m\u00e1s locos, con toda la actitud y la energ\u00eda que la gente lleva al show. Pero tambi\u00e9n me gusta salir y caminar por las calles y descubrir cosas con mi c\u00e1mara, lo cual ocupa gran parte de mi tiempo de gira. Y por lo tanto paso mucho tiempo por mi cuenta en el poco tiempo libre que tenemos.<\/p>\n<p align=\"justify\">Pero tambi\u00e9n pasamos tiempo juntos, por supuesto, porque tenemos estos viajes largos juntos y es como una gran familia. Siempre digo que, como soy el m\u00e1s joven de la banda, para m\u00ed se siente como un viaje familiar con todos mis t\u00edos mayores. Y tener este viaje familiar loco juntos, s\u00ed, es divertido. Yo dir\u00eda que la conexi\u00f3n m\u00e1s profunda que tengo probablemente sea con Weiki, porque con \u00e9l empez\u00f3 todo el viaje de Helloween para m\u00ed. Al principio, cuando me un\u00ed a la banda, pasaba la mayor parte del tiempo con \u00e9l y tenemos probablemente la conexi\u00f3n m\u00e1s fuerte. Pero nuestros horarios en las giras son muy diferentes. \u00c9l duerme hasta m\u00e1s tarde y yo me levanto temprano. As\u00ed que no pasamos mucho tiempo juntos en las giras. Pasamos m\u00e1s tiempo juntos en privado. \u00c9l viene a visitar Berl\u00edn en verano y salimos juntos.<\/p>\n<p align=\"justify\">Pero de gira es un flujo totalmente diferente, cada uno est\u00e1 en su propia especie de t\u00fanel. Todo el mundo tiene diferentes h\u00e1bitos, pero por supuesto siempre pasamos tiempo juntos en el hotel, cenamos juntos y nos re\u00edmos. Somos como una gran familia.<\/p>\n<p><strong>Parlante: \u00a1Muchas gracias Sascha!<\/strong><\/p>\n<p>Puedes comprar tu entrada a Helloween en Chile ne el siguiente enlace:<\/p>\n<p><a href=\"https:\/\/www.puntoticket.com\/helloween\">https:\/\/www.puntoticket.com\/helloween<\/a><\/p>\n<p><img decoding=\"async\" class=\"alignnone size-medium\" src=\"https:\/\/www.rockaxis.com\/rxidashboard\/wisi_photos\/1787669884_Helloween_40Years_feed_bandainvitada.jpg\" width=\"1080\" height=\"1350\" \/><\/p>\n<p>&nbsp;<\/p>\n","protected":false},"excerpt":{"rendered":"<p>En la previa de una nueva gira mundial que los traer\u00e1 de regreso a Chile el 11 de septiembre en el Movistar Arena, conversamos con Sascha Gerstner, guitarrista y compositor de Helloween. Con casi la mitad de la discograf\u00eda de la banda a sus espaldas, Gerstner reflexiona sobre su trayectoria, el peso del legado del grupo, sus diversas influencias musicales (que van desde el synth pop hasta el metal cl\u00e1sico) y la importancia de la fotograf\u00eda como otra de sus [&hellip;]<\/p>\n","protected":false},"author":21,"featured_media":114654,"comment_status":"open","ping_status":"open","sticky":false,"template":"","format":"standard","meta":{"footnotes":""},"categories":[13,4],"tags":[],"class_list":["post-114653","post","type-post","status-publish","format-standard","has-post-thumbnail","hentry","category-conversamos-con","category-portada"],"_links":{"self":[{"href":"https:\/\/www.parlante.cl\/index.php?rest_route=\/wp\/v2\/posts\/114653","targetHints":{"allow":["GET"]}}],"collection":[{"href":"https:\/\/www.parlante.cl\/index.php?rest_route=\/wp\/v2\/posts"}],"about":[{"href":"https:\/\/www.parlante.cl\/index.php?rest_route=\/wp\/v2\/types\/post"}],"author":[{"embeddable":true,"href":"https:\/\/www.parlante.cl\/index.php?rest_route=\/wp\/v2\/users\/21"}],"replies":[{"embeddable":true,"href":"https:\/\/www.parlante.cl\/index.php?rest_route=%2Fwp%2Fv2%2Fcomments&post=114653"}],"version-history":[{"count":1,"href":"https:\/\/www.parlante.cl\/index.php?rest_route=\/wp\/v2\/posts\/114653\/revisions"}],"predecessor-version":[{"id":114655,"href":"https:\/\/www.parlante.cl\/index.php?rest_route=\/wp\/v2\/posts\/114653\/revisions\/114655"}],"wp:featuredmedia":[{"embeddable":true,"href":"https:\/\/www.parlante.cl\/index.php?rest_route=\/wp\/v2\/media\/114654"}],"wp:attachment":[{"href":"https:\/\/www.parlante.cl\/index.php?rest_route=%2Fwp%2Fv2%2Fmedia&parent=114653"}],"wp:term":[{"taxonomy":"category","embeddable":true,"href":"https:\/\/www.parlante.cl\/index.php?rest_route=%2Fwp%2Fv2%2Fcategories&post=114653"},{"taxonomy":"post_tag","embeddable":true,"href":"https:\/\/www.parlante.cl\/index.php?rest_route=%2Fwp%2Fv2%2Ftags&post=114653"}],"curies":[{"name":"wp","href":"https:\/\/api.w.org\/{rel}","templated":true}]}}