{"id":114656,"date":"2026-08-25T21:48:34","date_gmt":"2026-08-26T00:48:34","guid":{"rendered":"https:\/\/www.parlante.cl\/?p=114656"},"modified":"2026-09-02T21:53:42","modified_gmt":"2026-09-03T00:53:42","slug":"wwe-y-su-regreso-a-movistar-arena-el-espectaculo-esta-de-vuelta","status":"publish","type":"post","link":"https:\/\/www.parlante.cl\/?p=114656","title":{"rendered":"WWE y su regreso a Movistar Arena: El espect\u00e1culo est\u00e1 de vuelta"},"content":{"rendered":"<p>Por Sebasti\u00e1n Allende.<\/p>\n<p align=\"justify\">La cuenta regresiva ya est\u00e1 en marcha. Despu\u00e9s de seis a\u00f1os de ausencia, WWE volver\u00e1 a Chile el pr\u00f3ximo 12 de septiembre con una parada que marcar\u00e1 el cierre de su gira sudamericana y que tendr\u00e1 al Movistar Arena como escenario de una de las jornadas m\u00e1s esperadas por los fan\u00e1ticos de la lucha libre en el pa\u00eds.<\/p>\n<p align=\"justify\">Antes de aterrizar en Santiago, la compa\u00f1\u00eda m\u00e1s importante del wrestling mundial recorrer\u00e1 Quito, Bogot\u00e1 y Buenos Aires, completando un itinerario que traer\u00e1 a varias de sus principales figuras a esta parte del continente. Sin embargo, para el p\u00fablico chileno existe un atractivo adicional que transforma esta visita en una ocasi\u00f3n especial.<\/p>\n<p align=\"center\"><img decoding=\"async\" src=\"https:\/\/64.media.tumblr.com\/fec74991eeca0bce328154c7453ca56b\/e75f78415c1f1b32-36\/s1280x1920\/f012870aa32ce10a0ea06f917135e2e8a72b20c2.jpg\" alt=\"null\" \/><\/p>\n<p align=\"justify\">Todas las miradas estar\u00e1n puestas en Stephanie Vaquer. La luchadora nacional, que ha logrado consolidarse como una de las figuras m\u00e1s destacadas dentro de WWE, vivir\u00e1 su primera presentaci\u00f3n en Chile representando oficialmente a la empresa. Un momento esperado por a\u00f1os por sus seguidores y que promete generar una de las ovaciones m\u00e1s grandes de la noche.<\/p>\n<p align=\"justify\">Y es que la presencia de Vaquer no ser\u00e1 simplemente testimonial. La chilena llegar\u00e1 con un desaf\u00edo de alto calibre en una cartelera que poco a poco ha comenzado a tomar forma y que reunir\u00e1 a varios de los nombres m\u00e1s reconocidos de la actualidad. Entre los enfrentamientos destacados aparece una Triple Amenaza por el Campeonato Mundial Femenino, donde Stephanie Vaquer compartir\u00e1 el ring con Becky Lynch y Liv Morgan en un choque que, sobre el papel, asoma como uno de los platos fuertes del evento.<\/p>\n<p align=\"justify\">La acci\u00f3n continuar\u00e1 con una Lucha de Relevos Australianos que enfrentar\u00e1 a Seth Rollins, LA Knight y Solo Sikoa frente a Jacob Fatu y The Usos, una combinaci\u00f3n de estrellas que re\u00fane algunas de las rivalidades y alianzas m\u00e1s llamativas del momento.<\/p>\n<p align=\"justify\">La cartelera tambi\u00e9n contempla una Fatal de Cuatro Esquinas por el Campeonato Intercontinental, con Chad Gable, Dragon Lee, Penta y Ethan Page disputando uno de los t\u00edtulos m\u00e1s prestigiosos de la compa\u00f1\u00eda. A ello se suma una nueva lucha de cuatro esquinas por el Campeonato Intercontinental Femenino, donde Sol Ruca, IYO SKY, Lyra Valkyria y Raquel Rodr\u00edguez buscar\u00e1n quedarse con la victoria.<\/p>\n<p align=\"justify\">Como complemento, WWE anunci\u00f3 la participaci\u00f3n de Danhausen, The Street Profits, The Vision y Maxxine Dupri, nombres que reforzar\u00e1n un espect\u00e1culo que promete combinar t\u00e9cnica, carisma y momentos de alto impacto sobre el cuadril\u00e1tero. La expectaci\u00f3n ha sido tal que los boletos para la jornada se encuentran totalmente agotados, confirmando el enorme inter\u00e9s que existe en Chile por el regreso de WWE. Todo apunta a que el Movistar Arena volver\u00e1 a convertirse en una verdadera fiesta para una fanaticada que lleva a\u00f1os esperando reencontrarse con las superestrellas de la empresa y, especialmente, ser testigo del hist\u00f3rico debut de Stephanie Vaquer en casa.<\/p>\n","protected":false},"excerpt":{"rendered":"<p>Por Sebasti\u00e1n Allende. La cuenta regresiva ya est\u00e1 en marcha. Despu\u00e9s de seis a\u00f1os de ausencia, WWE volver\u00e1 a Chile el pr\u00f3ximo 12 de septiembre con una parada que marcar\u00e1 el cierre de su gira sudamericana y que tendr\u00e1 al Movistar Arena como escenario de una de las jornadas m\u00e1s esperadas por los fan\u00e1ticos de la lucha libre en el pa\u00eds. Antes de aterrizar en Santiago, la compa\u00f1\u00eda m\u00e1s importante del wrestling mundial recorrer\u00e1 Quito, Bogot\u00e1 y Buenos Aires, completando [&hellip;]<\/p>\n","protected":false},"author":10,"featured_media":114657,"comment_status":"open","ping_status":"open","sticky":false,"template":"","format":"standard","meta":{"footnotes":""},"categories":[14],"tags":[],"class_list":["post-114656","post","type-post","status-publish","format-standard","has-post-thumbnail","hentry","category-en-familia"],"_links":{"self":[{"href":"https:\/\/www.parlante.cl\/index.php?rest_route=\/wp\/v2\/posts\/114656","targetHints":{"allow":["GET"]}}],"collection":[{"href":"https:\/\/www.parlante.cl\/index.php?rest_route=\/wp\/v2\/posts"}],"about":[{"href":"https:\/\/www.parlante.cl\/index.php?rest_route=\/wp\/v2\/types\/post"}],"author":[{"embeddable":true,"href":"https:\/\/www.parlante.cl\/index.php?rest_route=\/wp\/v2\/users\/10"}],"replies":[{"embeddable":true,"href":"https:\/\/www.parlante.cl\/index.php?rest_route=%2Fwp%2Fv2%2Fcomments&post=114656"}],"version-history":[{"count":2,"href":"https:\/\/www.parlante.cl\/index.php?rest_route=\/wp\/v2\/posts\/114656\/revisions"}],"predecessor-version":[{"id":114659,"href":"https:\/\/www.parlante.cl\/index.php?rest_route=\/wp\/v2\/posts\/114656\/revisions\/114659"}],"wp:featuredmedia":[{"embeddable":true,"href":"https:\/\/www.parlante.cl\/index.php?rest_route=\/wp\/v2\/media\/114657"}],"wp:attachment":[{"href":"https:\/\/www.parlante.cl\/index.php?rest_route=%2Fwp%2Fv2%2Fmedia&parent=114656"}],"wp:term":[{"taxonomy":"category","embeddable":true,"href":"https:\/\/www.parlante.cl\/index.php?rest_route=%2Fwp%2Fv2%2Fcategories&post=114656"},{"taxonomy":"post_tag","embeddable":true,"href":"https:\/\/www.parlante.cl\/index.php?rest_route=%2Fwp%2Fv2%2Ftags&post=114656"}],"curies":[{"name":"wp","href":"https:\/\/api.w.org\/{rel}","templated":true}]}}