{"id":114688,"date":"2026-09-04T15:50:09","date_gmt":"2026-09-04T18:50:09","guid":{"rendered":"https:\/\/www.parlante.cl\/?p=114688"},"modified":"2026-09-04T16:04:01","modified_gmt":"2026-09-04T19:04:01","slug":"conversamos-con-andres-gimenez-de-a-n-i-m-a-l-el-mensaje-de-el-nuevo-camino-del-hombre-sigue-mas-vigente-que-nunca","status":"publish","type":"post","link":"https:\/\/www.parlante.cl\/?p=114688","title":{"rendered":"Conversamos con Andr\u00e9s Gim\u00e9nez de A.N.I.M.A.L.: \u201cEl mensaje de El Nuevo Camino del Hombre sigue m\u00e1s vigente que nunca&#8221;"},"content":{"rendered":"<p>Por Sebasti\u00e1n Allende.<\/p>\n<p align=\"justify\">Han pasado tres d\u00e9cadas desde que <em>El Nuevo Camino del Hombre<\/em> irrumpi\u00f3 en la escena latinoamericana como una de las obras fundamentales del metal en espa\u00f1ol. Publicado en 1996, el disco marc\u00f3 un antes y un despu\u00e9s para <strong>A.N.I.M.A.L.<\/strong>, consolidando una identidad sonora y conceptual que trascendi\u00f3 fronteras y generaciones.<\/p>\n<p align=\"justify\">Este viernes 4 de septiembre, la banda argentina regresar\u00e1 a Chile para celebrar el aniversario de este emblem\u00e1tico trabajo con un show especial en <strong>Sala Metr\u00f3nomo<\/strong>. En la antesala de la presentaci\u00f3n, conversamos con <strong>Andr\u00e9s Gim\u00e9nez<\/strong>, fundador y voz de la agrupaci\u00f3n, sobre la vigencia del \u00e1lbum, los recuerdos detr\u00e1s de su creaci\u00f3n, el presente de la banda y la estrecha relaci\u00f3n que mantiene con el p\u00fablico chileno.<\/p>\n<p align=\"justify\"><strong>Han pasado 30 a\u00f1os desde que invitaron a recorrer El Nuevo Camino del Hombre. Si tuvieras que actualizar ese mensaje para las nuevas generaciones de 2026, \u00bfqu\u00e9 les dir\u00edas hoy?<\/strong><\/p>\n<p align=\"justify\"><em>Guau, qu\u00e9 pregunta dif\u00edcil. Porque es un disco que escucho hoy y siento que sigue siendo totalmente atemporal. Cuando hicimos El Nuevo Camino del Hombre en 1996 pens\u00e1bamos que el mundo iba a cambiar, pero la realidad es que muchas de las cosas que denunci\u00e1bamos siguen ocurriendo.<\/em><\/p>\n<p align=\"justify\"><em>Por eso les dir\u00eda exactamente lo mismo que quisimos transmitir en aquel momento: que existe una forma de luchar, de creer, de crear y de revolucionar desde una mirada latinoamericana. Que la m\u00fasica puede ser una herramienta poderosa para expresar lo que sentimos, para denunciar lo que nos duele y para generar cambios.<\/em><\/p>\n<p align=\"justify\"><em>Les dir\u00eda que sigan luchando, como lo hicimos nosotros entonces. Que defiendan sus ra\u00edces, sus convicciones y los derechos que tenemos como personas. Ese mensaje sigue m\u00e1s vigente que nunca.<\/em><\/p>\n<p><iframe title=\"A.N.I.M.A.L. El Nuevo Camino Del Hombre (Video Oficial 2021) - 4K\" width=\"750\" height=\"422\" src=\"https:\/\/www.youtube.com\/embed\/yRJOnusS22I?feature=oembed\" frameborder=\"0\" allow=\"accelerometer; autoplay; clipboard-write; encrypted-media; gyroscope; picture-in-picture; web-share\" referrerpolicy=\"strict-origin-when-cross-origin\" allowfullscreen><\/iframe><\/p>\n<p align=\"justify\"><strong>Ese disco tambi\u00e9n represent\u00f3 una evoluci\u00f3n en el sonido de la banda, que ya ven\u00eda de trabajos muy potentes como Fin de un Mundo Enfermo. \u00bfQu\u00e9 buscaban expresar tanto musical como ideol\u00f3gicamente con El Nuevo Camino del Hombre?<\/strong><\/p>\n<p align=\"justify\"><em>El Nuevo Camino del Hombre fue el disco que termin\u00f3 de definir qui\u00e9nes \u00e9ramos. Con Fin de un Mundo Enfermo ya ten\u00edamos una identidad bastante marcada, pero este \u00e1lbum termin\u00f3 de mostrarnos con claridad cu\u00e1l era el camino de A.N.I.M.A.L.<\/em><\/p>\n<p align=\"justify\"><em>De alguna manera nos marc\u00f3 para siempre. Tal como dice una de sus letras, nos ayud\u00f3 a ver mejor el terreno por el que quer\u00edamos avanzar. Nos ense\u00f1\u00f3 que pod\u00edamos cantar en nuestro idioma, que pod\u00edamos hacer metal en espa\u00f1ol y sonar internacionales siendo una banda latinoamericana.<\/em><\/p>\n<p align=\"justify\"><em>Tambi\u00e9n nos demostr\u00f3 que pod\u00edamos hablar de la realidad, de lo que ocurr\u00eda en nuestras sociedades y en el mundo, sin miedo y sin pedir permiso. Fue un disco de ruptura, de reafirmaci\u00f3n y de volver a creer en nuestra propia identidad.<\/em><\/p>\n<p align=\"justify\"><strong>En aquella grabaci\u00f3n participaron m\u00fasicos fundamentales como Corvata y Mart\u00edn Carrizo. Hoy compartes escenario junto a Marcelo Castro y Titi Lapolla \u00bfQu\u00e9 sensaciones te provoca volver a interpretar estas canciones con una formaci\u00f3n distinta y frente a nuevas generaciones?<\/strong><\/p>\n<p align=\"justify\"><em>Me pasan varias cosas. La ausencia de Mart\u00edn sigue siendo un dolor enorme para m\u00ed. Fue un hermano de la vida, una persona a la que am\u00e9 profundamente y que voy a seguir amando siempre. Mart\u00edn ya no est\u00e1 con nosotros y es imposible reemplazarlo. Marcelo Corval\u00e1n tambi\u00e9n fue una pieza fundamental en aquella etapa. Es un m\u00fasico incre\u00edble, una persona muy talentosa con la que compart\u00ed momentos inolvidables.<\/em><\/p>\n<p align=\"justify\"><em>Pero al mismo tiempo me sucede algo muy especial con Marcelo Castro y Didi. Hace much\u00edsimos a\u00f1os que estamos tocando juntos. De hecho, grabamos A.N.I.M.A.L. 6 en 2001. Si uno se pone a pensar, llevo m\u00e1s tiempo tocando con ellos que con algunas de las formaciones anteriores de la banda.<\/em><\/p>\n<p align=\"justify\"><em>Entre nosotros existe una qu\u00edmica muy fuerte. Hay una conexi\u00f3n musical y humana que hace que estas canciones suenen vivas y aut\u00e9nticas. Cuando interpretamos El Nuevo Camino del Hombre en directo, la emoci\u00f3n es enorme. Si ven\u00eds al show lo vas a entender perfectamente. Hay recuerdos, nostalgia, adrenalina y una energ\u00eda muy especial que se genera entre la banda y el p\u00fablico. <\/em><\/p>\n<p align=\"justify\"><strong>Adem\u00e1s, est\u00e1 ocurriendo algo hermoso: en cada gira vemos familias completas asistiendo a los conciertos. Hay padres, hijos e incluso nietos compartiendo la experiencia.<\/strong><\/p>\n<p align=\"justify\"><em>Es emocionante ver a j\u00f3venes de 15, 18 o 20 a\u00f1os que nunca vivieron la \u00e9poca original de El Nuevo Camino del Hombre, disfrutando estas canciones con la misma pasi\u00f3n que quienes estuvieron ah\u00ed hace treinta a\u00f1os.<\/em><\/p>\n<p align=\"justify\"><em>Para m\u00ed, poder celebrar este disco con una formaci\u00f3n tan consolidada y con una conexi\u00f3n tan fuerte entre nosotros es algo verdaderamente maravilloso.<\/em><\/p>\n<p><iframe title=\"ANIMAL LEJOS DE CASA HD\" width=\"750\" height=\"422\" src=\"https:\/\/www.youtube.com\/embed\/94uTIYbY-h0?feature=oembed\" frameborder=\"0\" allow=\"accelerometer; autoplay; clipboard-write; encrypted-media; gyroscope; picture-in-picture; web-share\" referrerpolicy=\"strict-origin-when-cross-origin\" allowfullscreen><\/iframe><\/p>\n<p align=\"justify\"><strong>Hablemos un poco del show. \u00bfQu\u00e9 podr\u00e1 esperar el p\u00fablico este viernes en Sala Metr\u00f3nomo?<\/strong><\/p>\n<p align=\"justify\"><em>El concierto est\u00e1 dividido en dos partes muy claras. La primera consiste en interpretar El Nuevo Camino del Hombre completo, de principio a fin. Tocamos las doce canciones tal como aparecen en el disco, desde \u201cGuerra de Razas\u201d hasta \u201cChalito\u201d.<\/em><\/p>\n<p align=\"justify\"><em>Una vez terminado ese segmento, hacemos una segunda parte con catorce canciones m\u00e1s, recorriendo distintas etapas de la carrera de A.N.I.M.A.L. En total son 26 canciones. Repasamos material de todos los discos, incluyendo temas de Legado, nuestro trabajo m\u00e1s reciente. Es un recorrido muy completo por toda la historia de la banda y realmente estamos disfrutando mucho llevar este espect\u00e1culo por distintos pa\u00edses.<\/em><\/p>\n<p align=\"justify\"><strong>Despu\u00e9s de esta gira aniversario, \u00bfqu\u00e9 viene para A.N.I.M.A.L.? Y aprovechando la ocasi\u00f3n, \u00bfqu\u00e9 significa Chile para ustedes?<\/strong><\/p>\n<p align=\"justify\"><em>Primero vamos a seguir celebrando El Nuevo Camino del Hombre hasta fin de a\u00f1o. Nos quedan varios pa\u00edses por visitar dentro de Latinoam\u00e9rica y queremos llevar este show a todos los lugares posibles antes de cerrar esta etapa.<\/em><\/p>\n<p align=\"justify\"><em>Vamos a recorrer Uruguay, Paraguay, Per\u00fa, Colombia, El Salvador y tambi\u00e9n distintas ciudades de Argentina que todav\u00eda nos faltan. En noviembre volveremos a Chile para realizar presentaciones fuera de Santiago. Sabemos que hay mucha gente en regiones que siempre nos pregunta cu\u00e1ndo vamos a tocar en ciudades como Antofagasta o Concepci\u00f3n, as\u00ed que estamos trabajando para concretar esas fechas.<\/em><\/p>\n<p align=\"justify\"><em>Y con respecto a Chile, para m\u00ed es muy simple: es como mi casa. Fue el primer pa\u00eds que visitamos despu\u00e9s de comenzar a tocar en Argentina y desde el primer d\u00eda nos recibieron con un cari\u00f1o impresionante. Tenemos recuerdos imborrables ac\u00e1.<\/em><\/p>\n<p align=\"justify\"><em>El primer show de A.N.I.M.A.L. en Chile fue en Blondie y fue inolvidable. Tambi\u00e9n vivimos momentos incre\u00edbles durante la \u00e9poca de Poder Latino, adem\u00e1s de conciertos memorables en distintas etapas de nuestra carrera. Recuerdo especialmente cuando volvimos despu\u00e9s de la pandemia y tocamos en Sala Metr\u00f3nomo. Fue una noche impresionante. Tambi\u00e9n guardo un recuerdo muy fuerte de cuando nos toc\u00f3 abrir para Slayer en Chile. Era un desaf\u00edo enorme y ah\u00ed entendimos realmente el cari\u00f1o y el respeto que el p\u00fablico chileno siente por nosotros.<\/em><\/p>\n<p align=\"justify\"><em>Cada vez que vengo me siento como en casa. Bajo del avi\u00f3n y disfruto todo: la gente, el clima, la forma en que nos reciben. Siempre existe esa especie de rivalidad entre argentinos y chilenos que muchas veces se menciona en tono de broma, pero yo sinceramente nunca la sent\u00ed. Cada vez que vengo ac\u00e1 me abrazan como si fuera uno m\u00e1s. Por eso siempre digo que Chile es mi segunda casa. El cari\u00f1o que recibimos es rec\u00edproco y para m\u00ed es un orgullo enorme volver una y otra vez.<\/em><\/p>\n<p><iframe title=\"A.N.I.M.A.L - Culpables No Hay (Official Video)\" width=\"750\" height=\"422\" src=\"https:\/\/www.youtube.com\/embed\/Tn_dWovqMBU?feature=oembed\" frameborder=\"0\" allow=\"accelerometer; autoplay; clipboard-write; encrypted-media; gyroscope; picture-in-picture; web-share\" referrerpolicy=\"strict-origin-when-cross-origin\" allowfullscreen><\/iframe><\/p>\n<p align=\"justify\"><strong>Treinta a\u00f1os despu\u00e9s de su lanzamiento, El Nuevo Camino del Hombre sigue resonando con la misma fuerza y convicci\u00f3n que en 1996. Un disco que ayud\u00f3 a definir la identidad de A.N.I.M.A.L. y que contin\u00faa encontrando eco en nuevas generaciones de seguidores. Este viernes en Sala Metr\u00f3nomo, Andr\u00e9s Gim\u00e9nez, Cristian &#8220;Titi&#8221; Lapolla y Marcelo Castro no solo repasar\u00e1n una obra fundamental del metal latinoamericano, sino que tambi\u00e9n demostrar\u00e1n por qu\u00e9 su mensaje permanece tan vigente como el primer d\u00eda. Las entradas se encuentran disponibles a trav\u00e9s del sistema Passline. <\/strong><\/p>\n","protected":false},"excerpt":{"rendered":"<p>Por Sebasti\u00e1n Allende. Han pasado tres d\u00e9cadas desde que El Nuevo Camino del Hombre irrumpi\u00f3 en la escena latinoamericana como una de las obras fundamentales del metal en espa\u00f1ol. Publicado en 1996, el disco marc\u00f3 un antes y un despu\u00e9s para A.N.I.M.A.L., consolidando una identidad sonora y conceptual que trascendi\u00f3 fronteras y generaciones. Este viernes 4 de septiembre, la banda argentina regresar\u00e1 a Chile para celebrar el aniversario de este emblem\u00e1tico trabajo con un show especial en Sala Metr\u00f3nomo. En [&hellip;]<\/p>\n","protected":false},"author":10,"featured_media":114691,"comment_status":"open","ping_status":"open","sticky":false,"template":"","format":"standard","meta":{"footnotes":""},"categories":[13,3,4],"tags":[],"class_list":["post-114688","post","type-post","status-publish","format-standard","has-post-thumbnail","hentry","category-conversamos-con","category-musica","category-portada"],"_links":{"self":[{"href":"https:\/\/www.parlante.cl\/index.php?rest_route=\/wp\/v2\/posts\/114688","targetHints":{"allow":["GET"]}}],"collection":[{"href":"https:\/\/www.parlante.cl\/index.php?rest_route=\/wp\/v2\/posts"}],"about":[{"href":"https:\/\/www.parlante.cl\/index.php?rest_route=\/wp\/v2\/types\/post"}],"author":[{"embeddable":true,"href":"https:\/\/www.parlante.cl\/index.php?rest_route=\/wp\/v2\/users\/10"}],"replies":[{"embeddable":true,"href":"https:\/\/www.parlante.cl\/index.php?rest_route=%2Fwp%2Fv2%2Fcomments&post=114688"}],"version-history":[{"count":1,"href":"https:\/\/www.parlante.cl\/index.php?rest_route=\/wp\/v2\/posts\/114688\/revisions"}],"predecessor-version":[{"id":114690,"href":"https:\/\/www.parlante.cl\/index.php?rest_route=\/wp\/v2\/posts\/114688\/revisions\/114690"}],"wp:featuredmedia":[{"embeddable":true,"href":"https:\/\/www.parlante.cl\/index.php?rest_route=\/wp\/v2\/media\/114691"}],"wp:attachment":[{"href":"https:\/\/www.parlante.cl\/index.php?rest_route=%2Fwp%2Fv2%2Fmedia&parent=114688"}],"wp:term":[{"taxonomy":"category","embeddable":true,"href":"https:\/\/www.parlante.cl\/index.php?rest_route=%2Fwp%2Fv2%2Fcategories&post=114688"},{"taxonomy":"post_tag","embeddable":true,"href":"https:\/\/www.parlante.cl\/index.php?rest_route=%2Fwp%2Fv2%2Ftags&post=114688"}],"curies":[{"name":"wp","href":"https:\/\/api.w.org\/{rel}","templated":true}]}}